{"id":24585,"date":"2016-06-09T15:17:38","date_gmt":"2016-06-09T19:17:38","guid":{"rendered":"http:\/\/obstetricia.uv.cl\/index.php\/actividades\/19-2016\/194-con-la-participacion-de-docentes-y-estudiantes-de-la-carrera-de-obstetricia-y-puericultura-se-conmemoro-candlelight-2016-en-campus-san-felipe-de-la-uv"},"modified":"2016-09-24T12:16:27","modified_gmt":"2016-09-24T16:16:27","slug":"candlelight2016","status":"publish","type":"post","link":"https:\/\/obstetricia.uv.cl\/inicio\/index.php\/2016\/06\/09\/candlelight2016\/","title":{"rendered":"Conmemoraci\u00f3n  Candlelight 2016 en Campus San Felipe de la UV"},"content":{"rendered":"<p>[et_pb_section admin_label=\u00bbsection\u00bb][et_pb_row admin_label=\u00bbrow\u00bb][et_pb_column type=\u00bb4_4&#8243;][et_pb_text admin_label=\u00bbTexto\u00bb background_layout=\u00bblight\u00bb text_orientation=\u00bbleft\u00bb use_border_color=\u00bboff\u00bb border_color=\u00bb#ffffff\u00bb border_style=\u00bbsolid\u00bb]<\/p>\n<p style=\"text-align: justify;\">Ceremonia record\u00f3 a las personas que fallecidas producto del VIH Sida.\u00a0La plantaci\u00f3n de especies nativas y el encendido de velas en torno a un lazo rojo;\u00a0fueron los dos hitos que marcaron la ceremonia en la cual se record\u00f3 a las personas\u00a0que han muerto a causa del VIH Sida en la regi\u00f3n y en el mundo.<\/p>\n<p style=\"text-align: justify;\">La actividad, desarrollada en dependencias del campus San Felipe de la UV, cont\u00f3 con la participaci\u00f3n del Gobernador Eduardo Le\u00f3n y el encargado de la oficina Aconcagua de la Seremi de Salud, Mario M\u00e9ndez; adem\u00e1s de directivos de la Universidad de Valpara\u00edso, acad\u00e9micos, funcionarios y estudiantes.<\/p>\n<p style=\"text-align: justify;\">Docentes y estudiantes de la carrera de Obstetricia y Puericultura del campus San Felipe, tuvieron una destacada participaci\u00f3n en esta ceremonia que fue organizada por la Mesa Biprovincial de Prevenci\u00f3n del VIH Sida, en la cual participa activamente la UV, y que signific\u00f3 que -por primera vez- se realizara en el campus San Felipe.<\/p>\n<p style=\"text-align: justify;\">Cabe consignar que la primera vigilia internacional en memoria y solidaridad con las personas afectadas por el VIH Sida, se llev\u00f3 a cabo el 2 de mayo de 1983 en Nueva York y San Francisco.<\/p>\n<p style=\"text-align: justify;\">Los organizadores buscaron as\u00ed honrar el recuerdo de aquellas personas que hab\u00edan fallecido debido a esta enfermedad y brindar su apoyo a quienes viven con ella, lo que se ha replicado en el tiempo hasta ahora.<\/p>\n<p style=\"text-align: justify;\">El encargado de la oficina Aconcagua de la Seremi de Salud, Mario M\u00e9ndez, destac\u00f3 que el campus San Felipe se sume a este tipo de actividades que permiten recordar a las personas que han muerto por el VIH Sida, \u201ca quienes no debemos olvidar\u201d.<\/p>\n<p style=\"text-align: justify;\">A\u00f1adi\u00f3 que, en la actualidad, se trata de educar, implicar, concientizar y sensibilizar a la sociedad. \u201cCrear un di\u00e1logo con la comunidad sobre la prevenci\u00f3n, el cuidado y el tratamiento de esta enfermedad\u201d.<\/p>\n<p style=\"text-align: justify;\">Mientras que la representante de la Mesa Biprovincial, Carolina Vilches, destac\u00f3 el rol de la Universidad de Valpara\u00edso, \u201ctrabajar este tema ac\u00e1 resulta muy simb\u00f3lico, desarrollar din\u00e1micas con los j\u00f3venes y que adem\u00e1s ellos estar\u00e1n vinculados con este trabajo cuando egresen\u201d.<\/p>\n<p>[\/et_pb_text][et_pb_gallery admin_label=\u00bbGaler\u00eda\u00bb gallery_ids=\u00bb24587,24633,24634&#8243; gallery_orderby=\u00bbrand\u00bb fullwidth=\u00bboff\u00bb show_title_and_caption=\u00bboff\u00bb show_pagination=\u00bbon\u00bb background_layout=\u00bblight\u00bb auto=\u00bboff\u00bb hover_overlay_color=\u00bbrgba(255,255,255,0.9)\u00bb caption_all_caps=\u00bboff\u00bb use_border_color=\u00bbon\u00bb border_color=\u00bb#686868&#8243; border_style=\u00bbsolid\u00bb posts_number=\u00bb3&#8243; zoom_icon_color=\u00bb#e02b20&#8243; border_width=\u00bb2px\u00bb] [\/et_pb_gallery][\/et_pb_column][\/et_pb_row][\/et_pb_section]<\/p>\n","protected":false},"excerpt":{"rendered":"<p>[et_pb_section admin_label=\u00bbsection\u00bb][et_pb_row admin_label=\u00bbrow\u00bb][et_pb_column type=\u00bb4_4&#8243;][et_pb_text admin_label=\u00bbTexto\u00bb background_layout=\u00bblight\u00bb text_orientation=\u00bbleft\u00bb use_border_color=\u00bboff\u00bb border_color=\u00bb#ffffff\u00bb border_style=\u00bbsolid\u00bb] Ceremonia record\u00f3 a las personas que fallecidas producto del VIH Sida.\u00a0La plantaci\u00f3n de especies nativas y el encendido de velas en torno a un lazo rojo;\u00a0fueron los dos hitos que marcaron la ceremonia en la cual se record\u00f3 a las personas\u00a0que han muerto a causa [&hellip;]<\/p>\n","protected":false},"author":1,"featured_media":24587,"comment_status":"open","ping_status":"open","sticky":false,"template":"","format":"standard","meta":{"footnotes":""},"categories":[6,5,4,24],"tags":[19,18],"class_list":["post-24585","post","type-post","status-publish","format-standard","has-post-thumbnail","hentry","category-6","category-actividades","category-portada","category-san-felipe","tag-candlelight","tag-san-felipe"],"_links":{"self":[{"href":"https:\/\/obstetricia.uv.cl\/inicio\/index.php\/wp-json\/wp\/v2\/posts\/24585","targetHints":{"allow":["GET"]}}],"collection":[{"href":"https:\/\/obstetricia.uv.cl\/inicio\/index.php\/wp-json\/wp\/v2\/posts"}],"about":[{"href":"https:\/\/obstetricia.uv.cl\/inicio\/index.php\/wp-json\/wp\/v2\/types\/post"}],"author":[{"embeddable":true,"href":"https:\/\/obstetricia.uv.cl\/inicio\/index.php\/wp-json\/wp\/v2\/users\/1"}],"replies":[{"embeddable":true,"href":"https:\/\/obstetricia.uv.cl\/inicio\/index.php\/wp-json\/wp\/v2\/comments?post=24585"}],"version-history":[{"count":0,"href":"https:\/\/obstetricia.uv.cl\/inicio\/index.php\/wp-json\/wp\/v2\/posts\/24585\/revisions"}],"wp:featuredmedia":[{"embeddable":true,"href":"https:\/\/obstetricia.uv.cl\/inicio\/index.php\/wp-json\/wp\/v2\/media\/24587"}],"wp:attachment":[{"href":"https:\/\/obstetricia.uv.cl\/inicio\/index.php\/wp-json\/wp\/v2\/media?parent=24585"}],"wp:term":[{"taxonomy":"category","embeddable":true,"href":"https:\/\/obstetricia.uv.cl\/inicio\/index.php\/wp-json\/wp\/v2\/categories?post=24585"},{"taxonomy":"post_tag","embeddable":true,"href":"https:\/\/obstetricia.uv.cl\/inicio\/index.php\/wp-json\/wp\/v2\/tags?post=24585"}],"curies":[{"name":"wp","href":"https:\/\/api.w.org\/{rel}","templated":true}]}}