{"id":24586,"date":"2016-05-20T18:16:31","date_gmt":"2016-05-20T22:16:31","guid":{"rendered":"http:\/\/obstetricia.uv.cl\/index.php\/actividades\/19-2016\/192-ceremonia-de-investidura-san-felipe-2016"},"modified":"2016-09-24T12:16:40","modified_gmt":"2016-09-24T16:16:40","slug":"ceremonia-de-investidura-san-felipe-2016","status":"publish","type":"post","link":"https:\/\/obstetricia.uv.cl\/inicio\/index.php\/2016\/05\/20\/ceremonia-de-investidura-san-felipe-2016\/","title":{"rendered":"Ceremonia de Investidura San Felipe 2016"},"content":{"rendered":"<p>[et_pb_section admin_label=\u00bbsection\u00bb][et_pb_row admin_label=\u00bbrow\u00bb][et_pb_column type=\u00bb4_4&#8243;][et_pb_text admin_label=\u00bbTexto\u00bb background_layout=\u00bblight\u00bb text_orientation=\u00bbleft\u00bb use_border_color=\u00bboff\u00bb border_color=\u00bb#ffffff\u00bb border_style=\u00bbsolid\u00bb]<\/p>\n<p style=\"text-align: justify;\">Con la presencia de autoridades, familiares y amigos, 17 estudiantes de segundo a\u00f1o de la carrera de Obstetricia y Puericultura del Campus San Felipe de la Universidad de Valpara\u00edso recibieron su investidura profesional, lo que marca el inicio de sus pr\u00e1cticas en los campos cl\u00ednicos.<\/p>\n<p style=\"text-align: justify;\">Esta ceremonia es uno de los hitos m\u00e1s importantes para la Escuela de Obstetricia y Puericultura, inserto en su tarea de formaci\u00f3n de matronas y matrones con un marcado acento regional durante m\u00e1s de sesenta a\u00f1os.<\/p>\n<p style=\"text-align: justify;\">Es as\u00ed como los estudiantes visten por primera vez el uniforme y reciben una piocha que los identifica con su escuela, dando inicio al trabajo propio de pr\u00e1ctica hasta que obtienen su t\u00edtulo profesional, relacion\u00e1ndose de forma directa con los pacientes.<\/p>\n<p>[\/et_pb_text][et_pb_gallery admin_label=\u00bbGaler\u00eda\u00bb gallery_ids=\u00bb24792,24793,24794,24795,24796,24797,24798,24799,24800,24801&#8243; fullwidth=\u00bboff\u00bb posts_number=\u00bb12&#8243; show_title_and_caption=\u00bboff\u00bb show_pagination=\u00bboff\u00bb background_layout=\u00bblight\u00bb auto=\u00bboff\u00bb hover_overlay_color=\u00bbrgba(255,255,255,0.9)\u00bb caption_all_caps=\u00bboff\u00bb use_border_color=\u00bboff\u00bb border_color=\u00bb#ffffff\u00bb border_style=\u00bbsolid\u00bb \/][\/et_pb_column][\/et_pb_row][\/et_pb_section]<\/p>\n","protected":false},"excerpt":{"rendered":"<p>[et_pb_section admin_label=\u00bbsection\u00bb][et_pb_row admin_label=\u00bbrow\u00bb][et_pb_column type=\u00bb4_4&#8243;][et_pb_text admin_label=\u00bbTexto\u00bb background_layout=\u00bblight\u00bb text_orientation=\u00bbleft\u00bb use_border_color=\u00bboff\u00bb border_color=\u00bb#ffffff\u00bb border_style=\u00bbsolid\u00bb] Con la presencia de autoridades, familiares y amigos, 17 estudiantes de segundo a\u00f1o de la carrera de Obstetricia y Puericultura del Campus San Felipe de la Universidad de Valpara\u00edso recibieron su investidura profesional, lo que marca el inicio de sus pr\u00e1cticas en los campos cl\u00ednicos. [&hellip;]<\/p>\n","protected":false},"author":1,"featured_media":24792,"comment_status":"open","ping_status":"open","sticky":false,"template":"","format":"standard","meta":{"footnotes":""},"categories":[6,5,24],"tags":[],"class_list":["post-24586","post","type-post","status-publish","format-standard","has-post-thumbnail","hentry","category-6","category-actividades","category-san-felipe"],"_links":{"self":[{"href":"https:\/\/obstetricia.uv.cl\/inicio\/index.php\/wp-json\/wp\/v2\/posts\/24586","targetHints":{"allow":["GET"]}}],"collection":[{"href":"https:\/\/obstetricia.uv.cl\/inicio\/index.php\/wp-json\/wp\/v2\/posts"}],"about":[{"href":"https:\/\/obstetricia.uv.cl\/inicio\/index.php\/wp-json\/wp\/v2\/types\/post"}],"author":[{"embeddable":true,"href":"https:\/\/obstetricia.uv.cl\/inicio\/index.php\/wp-json\/wp\/v2\/users\/1"}],"replies":[{"embeddable":true,"href":"https:\/\/obstetricia.uv.cl\/inicio\/index.php\/wp-json\/wp\/v2\/comments?post=24586"}],"version-history":[{"count":0,"href":"https:\/\/obstetricia.uv.cl\/inicio\/index.php\/wp-json\/wp\/v2\/posts\/24586\/revisions"}],"wp:featuredmedia":[{"embeddable":true,"href":"https:\/\/obstetricia.uv.cl\/inicio\/index.php\/wp-json\/wp\/v2\/media\/24792"}],"wp:attachment":[{"href":"https:\/\/obstetricia.uv.cl\/inicio\/index.php\/wp-json\/wp\/v2\/media?parent=24586"}],"wp:term":[{"taxonomy":"category","embeddable":true,"href":"https:\/\/obstetricia.uv.cl\/inicio\/index.php\/wp-json\/wp\/v2\/categories?post=24586"},{"taxonomy":"post_tag","embeddable":true,"href":"https:\/\/obstetricia.uv.cl\/inicio\/index.php\/wp-json\/wp\/v2\/tags?post=24586"}],"curies":[{"name":"wp","href":"https:\/\/api.w.org\/{rel}","templated":true}]}}