{"id":28412,"date":"2016-12-30T10:14:24","date_gmt":"2016-12-30T13:14:24","guid":{"rendered":"https:\/\/obstetricia.uv.cl\/inicio\/?p=28412"},"modified":"2017-05-24T13:36:29","modified_gmt":"2017-05-24T17:36:29","slug":"metodologias-didacticas-en-el-aprendizaje-ensayo-audiovisual-historia-de-la-profesion-matronamatron","status":"publish","type":"post","link":"https:\/\/obstetricia.uv.cl\/inicio\/index.php\/2016\/12\/30\/metodologias-didacticas-en-el-aprendizaje-ensayo-audiovisual-historia-de-la-profesion-matronamatron\/","title":{"rendered":"[Innovaciones Did\u00e1cticas en el Aprendizaje]: Ensayo audiovisual Historia de la Profesi\u00f3n Matrona\/Matr\u00f3n"},"content":{"rendered":"<p>[et_pb_section admin_label=\u00bbsection\u00bb][et_pb_row admin_label=\u00bbrow\u00bb][et_pb_column type=\u00bb4_4&#8243;][et_pb_text admin_label=\u00bbTexto\u00bb background_layout=\u00bblight\u00bb text_orientation=\u00bbleft\u00bb use_border_color=\u00bboff\u00bb border_color=\u00bb#ffffff\u00bb border_style=\u00bbsolid\u00bb]<\/p>\n<p>En el Marco del desarrollo de la\u00a0C\u00e1tedra de Introducci\u00f3n a la profesi\u00f3n para estudiantes de Primer A\u00f1o 2016, se les solicit\u00f3 la confecci\u00f3n de un ensayo audiovisual sobre la historia de nuestra profesi\u00f3n, para lo cual los estudiantes implementaron el uso diversas herramientas y t\u00e9cnicas en la confecci\u00f3n de\u00a0sus ensayos. Tenemos el agrado de compartir este trabajo con ustedes.<\/p>\n<p>[\/et_pb_text][\/et_pb_column][\/et_pb_row][et_pb_row admin_label=\u00bbFila\u00bb][et_pb_column type=\u00bb1_3&#8243;][et_pb_video admin_label=\u00bbV\u00eddeo\u00bb src=\u00bbhttps:\/\/youtu.be\/XD7KaYtrK_E\u00bb \/][\/et_pb_column][et_pb_column type=\u00bb1_3&#8243;][et_pb_video admin_label=\u00bbV\u00eddeo\u00bb src=\u00bbhttps:\/\/youtu.be\/vckakDfTZDE\u00bb \/][\/et_pb_column][et_pb_column type=\u00bb1_3&#8243;][et_pb_video admin_label=\u00bbV\u00eddeo\u00bb src=\u00bbhttps:\/\/youtu.be\/uEIqVbksi1g\u00bb \/][\/et_pb_column][\/et_pb_row][\/et_pb_section]<\/p>\n","protected":false},"excerpt":{"rendered":"<p>[et_pb_section admin_label=\u00bbsection\u00bb][et_pb_row admin_label=\u00bbrow\u00bb][et_pb_column type=\u00bb4_4&#8243;][et_pb_text admin_label=\u00bbTexto\u00bb background_layout=\u00bblight\u00bb text_orientation=\u00bbleft\u00bb use_border_color=\u00bboff\u00bb border_color=\u00bb#ffffff\u00bb border_style=\u00bbsolid\u00bb] En el Marco del desarrollo de la\u00a0C\u00e1tedra de Introducci\u00f3n a la profesi\u00f3n para estudiantes de Primer A\u00f1o 2016, se les solicit\u00f3 la confecci\u00f3n de un ensayo audiovisual sobre la historia de nuestra profesi\u00f3n, para lo cual los estudiantes implementaron el uso diversas herramientas y t\u00e9cnicas [&hellip;]<\/p>\n","protected":false},"author":2,"featured_media":28413,"comment_status":"open","ping_status":"open","sticky":false,"template":"","format":"standard","meta":{"footnotes":""},"categories":[6,5,4,24],"tags":[],"class_list":["post-28412","post","type-post","status-publish","format-standard","has-post-thumbnail","hentry","category-6","category-actividades","category-portada","category-san-felipe"],"_links":{"self":[{"href":"https:\/\/obstetricia.uv.cl\/inicio\/index.php\/wp-json\/wp\/v2\/posts\/28412","targetHints":{"allow":["GET"]}}],"collection":[{"href":"https:\/\/obstetricia.uv.cl\/inicio\/index.php\/wp-json\/wp\/v2\/posts"}],"about":[{"href":"https:\/\/obstetricia.uv.cl\/inicio\/index.php\/wp-json\/wp\/v2\/types\/post"}],"author":[{"embeddable":true,"href":"https:\/\/obstetricia.uv.cl\/inicio\/index.php\/wp-json\/wp\/v2\/users\/2"}],"replies":[{"embeddable":true,"href":"https:\/\/obstetricia.uv.cl\/inicio\/index.php\/wp-json\/wp\/v2\/comments?post=28412"}],"version-history":[{"count":0,"href":"https:\/\/obstetricia.uv.cl\/inicio\/index.php\/wp-json\/wp\/v2\/posts\/28412\/revisions"}],"wp:featuredmedia":[{"embeddable":true,"href":"https:\/\/obstetricia.uv.cl\/inicio\/index.php\/wp-json\/wp\/v2\/media\/28413"}],"wp:attachment":[{"href":"https:\/\/obstetricia.uv.cl\/inicio\/index.php\/wp-json\/wp\/v2\/media?parent=28412"}],"wp:term":[{"taxonomy":"category","embeddable":true,"href":"https:\/\/obstetricia.uv.cl\/inicio\/index.php\/wp-json\/wp\/v2\/categories?post=28412"},{"taxonomy":"post_tag","embeddable":true,"href":"https:\/\/obstetricia.uv.cl\/inicio\/index.php\/wp-json\/wp\/v2\/tags?post=28412"}],"curies":[{"name":"wp","href":"https:\/\/api.w.org\/{rel}","templated":true}]}}