{"id":28428,"date":"2017-04-26T10:04:30","date_gmt":"2017-04-26T13:04:30","guid":{"rendered":"https:\/\/obstetricia.uv.cl\/inicio\/?p=28428"},"modified":"2017-04-26T10:04:59","modified_gmt":"2017-04-26T13:04:59","slug":"obstetricia-y-puericultura-realizo-evaluacion-para-medir-efectividad-de-su-plan-curricular-innovado","status":"publish","type":"post","link":"https:\/\/obstetricia.uv.cl\/inicio\/index.php\/2017\/04\/26\/obstetricia-y-puericultura-realizo-evaluacion-para-medir-efectividad-de-su-plan-curricular-innovado\/","title":{"rendered":"Obstetricia y Puericultura realiz\u00f3 evaluaci\u00f3n para medir efectividad de su plan curricular innovado"},"content":{"rendered":"<p>Veinticinco estudiantes pertenecientes a primero y segundo a\u00f1o de la Escuela de Obstetricia y Puericultura de la Universidad de Valpara\u00edso, quince de Vi\u00f1a del Mar y diez de San Felipe, fueron seleccionadas para participar en la primera Evaluaci\u00f3n Cl\u00ednica Objetiva Estructurada (ECOE) que dise\u00f1\u00f3 ese plantel para medir la efectividad y el nivel de cumplimiento de los logros que fueron declarados en su plan curricular innovado.<\/p>\n<p>La iniciativa consider\u00f3 la realizaci\u00f3n de una serie de ejercicios pr\u00e1cticos y de manejo de conocimientos te\u00f3ricos tendientes a comprobar la adquisici\u00f3n -por parte de los futuros profesionales de la matroner\u00eda- de las competencias definidas en el plan de estudios que comenz\u00f3 a ser aplicado en 2015.<\/p>\n<p>Estos tuvieron lugar en los centros de simulaci\u00f3n cl\u00ednica que posee la Facultad de Medicina en las sedes se\u00f1aladas y consideraron diversos aspectos vinculados a la salud en los \u00e1mbitos sexual, reproductivo, fetal, neonatal, familiar y comunitario.<\/p>\n<p>Procedimiento<\/p>\n<p>Para el efecto, el Comit\u00e9 Curricular Permanente de la Escuela de Obstetricia y Puericultura escogi\u00f3 una muestra representativa de los 107 alumnos hombres y mujeres pertenecientes a la fecha a las cohortes indicadas, para que tomaran parte en el procedimiento.<\/p>\n<p>Los 25 seleccionados fueron divididos en grupos de cinco estudiantes, cada uno de los cuales -por un espacio de diez minutos- debi\u00f3 desempe\u00f1arse y cumplir roles determinados en las estaciones de trabajo que fueron previamente definidas para la ocasi\u00f3n: atenci\u00f3n de puerperio mediato, examen f\u00edsico del reci\u00e9n nacido, curaciones de la madre, curaciones del reci\u00e9n nacido, aseo y muda y educaci\u00f3n.<\/p>\n<p>En cada una de ellas, los estudiantes fueron evaluados -en tiempo real- por un docente, de acuerdo a un protocolo estricto.<\/p>\n<p>La informaci\u00f3n recabada durante la evaluaci\u00f3n ser\u00e1 analizada en los pr\u00f3ximos d\u00edas por el Comit\u00e9 Curricular Permanente y luego dada a conocer a los participantes, a fin de recibir de parte de ellos la retroalimentaci\u00f3n debida.<\/p>\n<p><a href=\"http:\/\/uv.cl\/pdn\/?id=8549\" target=\"_blank\">V\u00eda: UV Noticias<\/a><\/p>\n\n<div uk-grid class=\"uk-child-width-1-3\">\n\n            <div class='uk-text-center'>\n\n            \n            <a href='https:\/\/obstetricia.uv.cl\/inicio\/index.php\/2017\/04\/26\/obstetricia-y-puericultura-realizo-evaluacion-para-medir-efectividad-de-su-plan-curricular-innovado\/img_0141\/'><img loading=\"lazy\" decoding=\"async\" width=\"300\" height=\"225\" src=\"https:\/\/obstetricia.uv.cl\/inicio\/wp-content\/uploads\/2017\/04\/IMG_0141-300x225.jpg\" class=\"attachment-medium size-medium\" alt=\"\" srcset=\"https:\/\/obstetricia.uv.cl\/inicio\/wp-content\/uploads\/2017\/04\/IMG_0141-300x225.jpg 300w, https:\/\/obstetricia.uv.cl\/inicio\/wp-content\/uploads\/2017\/04\/IMG_0141-1024x768.jpg 1024w, https:\/\/obstetricia.uv.cl\/inicio\/wp-content\/uploads\/2017\/04\/IMG_0141-510x382.jpg 510w, https:\/\/obstetricia.uv.cl\/inicio\/wp-content\/uploads\/2017\/04\/IMG_0141-1080x810.jpg 1080w\" sizes=\"auto, (max-width: 300px) 100vw, 300px\" \/><\/a>\n            \n        <\/div>\n            <div class='uk-text-center'>\n\n            \n            <a href='https:\/\/obstetricia.uv.cl\/inicio\/index.php\/2017\/04\/26\/obstetricia-y-puericultura-realizo-evaluacion-para-medir-efectividad-de-su-plan-curricular-innovado\/img_1261\/'><img loading=\"lazy\" decoding=\"async\" width=\"300\" height=\"225\" src=\"https:\/\/obstetricia.uv.cl\/inicio\/wp-content\/uploads\/2017\/04\/IMG_1261-300x225.jpg\" class=\"attachment-medium size-medium\" alt=\"\" srcset=\"https:\/\/obstetricia.uv.cl\/inicio\/wp-content\/uploads\/2017\/04\/IMG_1261-300x225.jpg 300w, https:\/\/obstetricia.uv.cl\/inicio\/wp-content\/uploads\/2017\/04\/IMG_1261-1024x768.jpg 1024w, https:\/\/obstetricia.uv.cl\/inicio\/wp-content\/uploads\/2017\/04\/IMG_1261-510x382.jpg 510w, https:\/\/obstetricia.uv.cl\/inicio\/wp-content\/uploads\/2017\/04\/IMG_1261-1080x810.jpg 1080w\" sizes=\"auto, (max-width: 300px) 100vw, 300px\" \/><\/a>\n            \n        <\/div>\n            <div class='uk-text-center'>\n\n            \n            <a href='https:\/\/obstetricia.uv.cl\/inicio\/index.php\/2017\/04\/26\/obstetricia-y-puericultura-realizo-evaluacion-para-medir-efectividad-de-su-plan-curricular-innovado\/img_1442\/'><img loading=\"lazy\" decoding=\"async\" width=\"225\" height=\"300\" src=\"https:\/\/obstetricia.uv.cl\/inicio\/wp-content\/uploads\/2017\/04\/IMG_1442-e1493211795900-225x300.jpg\" class=\"attachment-medium size-medium\" alt=\"\" srcset=\"https:\/\/obstetricia.uv.cl\/inicio\/wp-content\/uploads\/2017\/04\/IMG_1442-e1493211795900-225x300.jpg 225w, https:\/\/obstetricia.uv.cl\/inicio\/wp-content\/uploads\/2017\/04\/IMG_1442-e1493211795900-768x1024.jpg 768w, https:\/\/obstetricia.uv.cl\/inicio\/wp-content\/uploads\/2017\/04\/IMG_1442-e1493211795900-1080x1440.jpg 1080w\" sizes=\"auto, (max-width: 225px) 100vw, 225px\" \/><\/a>\n            \n        <\/div>\n            <div class='uk-text-center'>\n\n            \n            <a href='https:\/\/obstetricia.uv.cl\/inicio\/index.php\/2017\/04\/26\/obstetricia-y-puericultura-realizo-evaluacion-para-medir-efectividad-de-su-plan-curricular-innovado\/img_4894\/'><img loading=\"lazy\" decoding=\"async\" width=\"300\" height=\"225\" src=\"https:\/\/obstetricia.uv.cl\/inicio\/wp-content\/uploads\/2017\/04\/IMG_4894-300x225.jpg\" class=\"attachment-medium size-medium\" alt=\"\" srcset=\"https:\/\/obstetricia.uv.cl\/inicio\/wp-content\/uploads\/2017\/04\/IMG_4894-300x225.jpg 300w, https:\/\/obstetricia.uv.cl\/inicio\/wp-content\/uploads\/2017\/04\/IMG_4894-1024x768.jpg 1024w, https:\/\/obstetricia.uv.cl\/inicio\/wp-content\/uploads\/2017\/04\/IMG_4894-510x382.jpg 510w, https:\/\/obstetricia.uv.cl\/inicio\/wp-content\/uploads\/2017\/04\/IMG_4894-1080x810.jpg 1080w\" sizes=\"auto, (max-width: 300px) 100vw, 300px\" \/><\/a>\n            \n        <\/div>\n            <div class='uk-text-center'>\n\n            \n            <a href='https:\/\/obstetricia.uv.cl\/inicio\/index.php\/2017\/04\/26\/obstetricia-y-puericultura-realizo-evaluacion-para-medir-efectividad-de-su-plan-curricular-innovado\/img_5564\/'><img loading=\"lazy\" decoding=\"async\" width=\"300\" height=\"225\" src=\"https:\/\/obstetricia.uv.cl\/inicio\/wp-content\/uploads\/2017\/04\/IMG_5564-300x225.jpg\" class=\"attachment-medium size-medium\" alt=\"\" srcset=\"https:\/\/obstetricia.uv.cl\/inicio\/wp-content\/uploads\/2017\/04\/IMG_5564-300x225.jpg 300w, https:\/\/obstetricia.uv.cl\/inicio\/wp-content\/uploads\/2017\/04\/IMG_5564-1024x768.jpg 1024w, https:\/\/obstetricia.uv.cl\/inicio\/wp-content\/uploads\/2017\/04\/IMG_5564-510x382.jpg 510w, https:\/\/obstetricia.uv.cl\/inicio\/wp-content\/uploads\/2017\/04\/IMG_5564-1080x810.jpg 1080w\" sizes=\"auto, (max-width: 300px) 100vw, 300px\" \/><\/a>\n            \n        <\/div>\n            <div class='uk-text-center'>\n\n            \n            <a href='https:\/\/obstetricia.uv.cl\/inicio\/index.php\/2017\/04\/26\/obstetricia-y-puericultura-realizo-evaluacion-para-medir-efectividad-de-su-plan-curricular-innovado\/img_7338\/'><img loading=\"lazy\" decoding=\"async\" width=\"300\" height=\"225\" src=\"https:\/\/obstetricia.uv.cl\/inicio\/wp-content\/uploads\/2017\/04\/IMG_7338-300x225.jpg\" class=\"attachment-medium size-medium\" alt=\"\" srcset=\"https:\/\/obstetricia.uv.cl\/inicio\/wp-content\/uploads\/2017\/04\/IMG_7338-300x225.jpg 300w, https:\/\/obstetricia.uv.cl\/inicio\/wp-content\/uploads\/2017\/04\/IMG_7338-1024x768.jpg 1024w, https:\/\/obstetricia.uv.cl\/inicio\/wp-content\/uploads\/2017\/04\/IMG_7338-510x382.jpg 510w, https:\/\/obstetricia.uv.cl\/inicio\/wp-content\/uploads\/2017\/04\/IMG_7338-1080x810.jpg 1080w\" sizes=\"auto, (max-width: 300px) 100vw, 300px\" \/><\/a>\n            \n        <\/div>\n            <div class='uk-text-center'>\n\n            \n            <a href='https:\/\/obstetricia.uv.cl\/inicio\/index.php\/2017\/04\/26\/obstetricia-y-puericultura-realizo-evaluacion-para-medir-efectividad-de-su-plan-curricular-innovado\/img_7970\/'><img loading=\"lazy\" decoding=\"async\" width=\"300\" height=\"225\" src=\"https:\/\/obstetricia.uv.cl\/inicio\/wp-content\/uploads\/2017\/04\/IMG_7970-300x225.jpg\" class=\"attachment-medium size-medium\" alt=\"\" srcset=\"https:\/\/obstetricia.uv.cl\/inicio\/wp-content\/uploads\/2017\/04\/IMG_7970-300x225.jpg 300w, https:\/\/obstetricia.uv.cl\/inicio\/wp-content\/uploads\/2017\/04\/IMG_7970-1024x768.jpg 1024w, https:\/\/obstetricia.uv.cl\/inicio\/wp-content\/uploads\/2017\/04\/IMG_7970-510x382.jpg 510w, https:\/\/obstetricia.uv.cl\/inicio\/wp-content\/uploads\/2017\/04\/IMG_7970-1080x810.jpg 1080w\" sizes=\"auto, (max-width: 300px) 100vw, 300px\" \/><\/a>\n            \n        <\/div>\n            <div class='uk-text-center'>\n\n            \n            <a href='https:\/\/obstetricia.uv.cl\/inicio\/index.php\/2017\/04\/26\/obstetricia-y-puericultura-realizo-evaluacion-para-medir-efectividad-de-su-plan-curricular-innovado\/img_9443\/'><img loading=\"lazy\" decoding=\"async\" width=\"300\" height=\"225\" src=\"https:\/\/obstetricia.uv.cl\/inicio\/wp-content\/uploads\/2017\/04\/IMG_9443-300x225.jpg\" class=\"attachment-medium size-medium\" alt=\"\" srcset=\"https:\/\/obstetricia.uv.cl\/inicio\/wp-content\/uploads\/2017\/04\/IMG_9443-300x225.jpg 300w, https:\/\/obstetricia.uv.cl\/inicio\/wp-content\/uploads\/2017\/04\/IMG_9443-1024x768.jpg 1024w, https:\/\/obstetricia.uv.cl\/inicio\/wp-content\/uploads\/2017\/04\/IMG_9443-510x382.jpg 510w, https:\/\/obstetricia.uv.cl\/inicio\/wp-content\/uploads\/2017\/04\/IMG_9443-1080x810.jpg 1080w\" sizes=\"auto, (max-width: 300px) 100vw, 300px\" \/><\/a>\n            \n        <\/div>\n            <div class='uk-text-center'>\n\n            \n            <a href='https:\/\/obstetricia.uv.cl\/inicio\/index.php\/2017\/04\/26\/obstetricia-y-puericultura-realizo-evaluacion-para-medir-efectividad-de-su-plan-curricular-innovado\/_img_n2f-2\/'><img loading=\"lazy\" decoding=\"async\" width=\"300\" height=\"169\" src=\"https:\/\/obstetricia.uv.cl\/inicio\/wp-content\/uploads\/2017\/04\/img_n2f-1-300x169.jpg\" class=\"attachment-medium size-medium\" alt=\"\" srcset=\"https:\/\/obstetricia.uv.cl\/inicio\/wp-content\/uploads\/2017\/04\/img_n2f-1-300x169.jpg 300w, https:\/\/obstetricia.uv.cl\/inicio\/wp-content\/uploads\/2017\/04\/img_n2f-1.jpg 720w\" sizes=\"auto, (max-width: 300px) 100vw, 300px\" \/><\/a>\n            \n        <\/div>\n    \n<\/div>\n\n","protected":false},"excerpt":{"rendered":"<p>Veinticinco estudiantes pertenecientes a primero y segundo a\u00f1o de la Escuela de Obstetricia y Puericultura de la Universidad de Valpara\u00edso, quince de Vi\u00f1a del Mar y diez de San Felipe, fueron seleccionadas para participar en la primera Evaluaci\u00f3n Cl\u00ednica Objetiva Estructurada (ECOE) que dise\u00f1\u00f3 ese plantel para medir la efectividad y el nivel de cumplimiento [&hellip;]<\/p>\n","protected":false},"author":2,"featured_media":28437,"comment_status":"open","ping_status":"open","sticky":false,"template":"","format":"standard","meta":{"footnotes":""},"categories":[31,5,4,24,23],"tags":[],"class_list":["post-28428","post","type-post","status-publish","format-standard","has-post-thumbnail","hentry","category-31","category-actividades","category-portada","category-san-felipe","category-valparaiso"],"_links":{"self":[{"href":"https:\/\/obstetricia.uv.cl\/inicio\/index.php\/wp-json\/wp\/v2\/posts\/28428","targetHints":{"allow":["GET"]}}],"collection":[{"href":"https:\/\/obstetricia.uv.cl\/inicio\/index.php\/wp-json\/wp\/v2\/posts"}],"about":[{"href":"https:\/\/obstetricia.uv.cl\/inicio\/index.php\/wp-json\/wp\/v2\/types\/post"}],"author":[{"embeddable":true,"href":"https:\/\/obstetricia.uv.cl\/inicio\/index.php\/wp-json\/wp\/v2\/users\/2"}],"replies":[{"embeddable":true,"href":"https:\/\/obstetricia.uv.cl\/inicio\/index.php\/wp-json\/wp\/v2\/comments?post=28428"}],"version-history":[{"count":0,"href":"https:\/\/obstetricia.uv.cl\/inicio\/index.php\/wp-json\/wp\/v2\/posts\/28428\/revisions"}],"wp:featuredmedia":[{"embeddable":true,"href":"https:\/\/obstetricia.uv.cl\/inicio\/index.php\/wp-json\/wp\/v2\/media\/28437"}],"wp:attachment":[{"href":"https:\/\/obstetricia.uv.cl\/inicio\/index.php\/wp-json\/wp\/v2\/media?parent=28428"}],"wp:term":[{"taxonomy":"category","embeddable":true,"href":"https:\/\/obstetricia.uv.cl\/inicio\/index.php\/wp-json\/wp\/v2\/categories?post=28428"},{"taxonomy":"post_tag","embeddable":true,"href":"https:\/\/obstetricia.uv.cl\/inicio\/index.php\/wp-json\/wp\/v2\/tags?post=28428"}],"curies":[{"name":"wp","href":"https:\/\/api.w.org\/{rel}","templated":true}]}}