{"id":28522,"date":"2017-05-24T10:27:48","date_gmt":"2017-05-24T14:27:48","guid":{"rendered":"https:\/\/obstetricia.uv.cl\/inicio\/?p=28522"},"modified":"2017-05-24T10:28:26","modified_gmt":"2017-05-24T14:28:26","slug":"ii-jornada-de-la-sociedad-chilena-de-matrones-y-ultrasonido-sochmu","status":"publish","type":"post","link":"https:\/\/obstetricia.uv.cl\/inicio\/index.php\/2017\/05\/24\/ii-jornada-de-la-sociedad-chilena-de-matrones-y-ultrasonido-sochmu\/","title":{"rendered":"II JORNADA DE LA SOCIEDAD CHILENA DE MATRONES Y ULTRASONIDO SOCHMU"},"content":{"rendered":"<p>[et_pb_section bb_built=\u00bb1&#8243; admin_label=\u00bbsection\u00bb][et_pb_row admin_label=\u00bbrow\u00bb][et_pb_column type=\u00bb4_4&#8243;][et_pb_text admin_label=\u00bbTexto\u00bb background_layout=\u00bblight\u00bb text_orientation=\u00bbleft\u00bb use_border_color=\u00bboff\u00bb border_color=\u00bb#ffffff\u00bb border_style=\u00bbsolid\u00bb]<\/p>\n<p>Invitamos a nuestra comunidad OyP a la II Jornada de la Sociedad Chilena de Matrones y Ultrasonido (SOCHMU), en la cual se realizar\u00e1 una actualizaci\u00f3n en ecograf\u00eda Gineco-Obst\u00e9trica a realizarle entre los d\u00edas 23 y 24 de Junio en Rancagua, adjuntamos el afiche y programa de esta jornada.<\/p>\n<p>[\/et_pb_text][\/et_pb_column][\/et_pb_row][\/et_pb_section][et_pb_section bb_built=\u00bb1&#8243; admin_label=\u00bbSecci\u00f3n\u00bb fullwidth=\u00bboff\u00bb specialty=\u00bboff\u00bb][et_pb_row admin_label=\u00bbFila\u00bb][et_pb_column type=\u00bb1_2&#8243;][et_pb_image admin_label=\u00bbImagen\u00bb src=\u00bbhttps:\/\/obstetricia.uv.cl\/inicio\/wp-content\/uploads\/2017\/05\/AFICHE-1-2.jpg\u00bb show_in_lightbox=\u00bbon\u00bb url_new_window=\u00bboff\u00bb use_overlay=\u00bboff\u00bb sticky=\u00bboff\u00bb align=\u00bbleft\u00bb always_center_on_mobile=\u00bbon\u00bb use_border_color=\u00bboff\u00bb border_color=\u00bb#ffffff\u00bb border_style=\u00bbsolid\u00bb force_fullwidth=\u00bboff\u00bb animation=\u00bbleft\u00bb \/][\/et_pb_column][et_pb_column type=\u00bb1_2&#8243;][et_pb_image admin_label=\u00bbImagen\u00bb src=\u00bbhttps:\/\/obstetricia.uv.cl\/inicio\/wp-content\/uploads\/2017\/05\/AFICHE-RETIRO-1.jpg\u00bb show_in_lightbox=\u00bbon\u00bb url_new_window=\u00bboff\u00bb use_overlay=\u00bboff\u00bb sticky=\u00bboff\u00bb align=\u00bbleft\u00bb always_center_on_mobile=\u00bbon\u00bb use_border_color=\u00bboff\u00bb border_color=\u00bb#ffffff\u00bb border_style=\u00bbsolid\u00bb force_fullwidth=\u00bboff\u00bb animation=\u00bbleft\u00bb \/][\/et_pb_column][\/et_pb_row][\/et_pb_section]<\/p>\n","protected":false},"excerpt":{"rendered":"<p>[et_pb_section bb_built=\u00bb1&#8243; admin_label=\u00bbsection\u00bb][et_pb_row admin_label=\u00bbrow\u00bb][et_pb_column type=\u00bb4_4&#8243;][et_pb_text admin_label=\u00bbTexto\u00bb background_layout=\u00bblight\u00bb text_orientation=\u00bbleft\u00bb use_border_color=\u00bboff\u00bb border_color=\u00bb#ffffff\u00bb border_style=\u00bbsolid\u00bb] Invitamos a nuestra comunidad OyP a la II Jornada de la Sociedad Chilena de Matrones y Ultrasonido (SOCHMU), en la cual se realizar\u00e1 una actualizaci\u00f3n en ecograf\u00eda Gineco-Obst\u00e9trica a realizarle entre los d\u00edas 23 y 24 de Junio en Rancagua, adjuntamos el afiche y [&hellip;]<\/p>\n","protected":false},"author":2,"featured_media":28523,"comment_status":"open","ping_status":"open","sticky":false,"template":"","format":"standard","meta":{"footnotes":""},"categories":[31,5,33],"tags":[],"class_list":["post-28522","post","type-post","status-publish","format-standard","has-post-thumbnail","hentry","category-31","category-actividades","category-general"],"_links":{"self":[{"href":"https:\/\/obstetricia.uv.cl\/inicio\/index.php\/wp-json\/wp\/v2\/posts\/28522","targetHints":{"allow":["GET"]}}],"collection":[{"href":"https:\/\/obstetricia.uv.cl\/inicio\/index.php\/wp-json\/wp\/v2\/posts"}],"about":[{"href":"https:\/\/obstetricia.uv.cl\/inicio\/index.php\/wp-json\/wp\/v2\/types\/post"}],"author":[{"embeddable":true,"href":"https:\/\/obstetricia.uv.cl\/inicio\/index.php\/wp-json\/wp\/v2\/users\/2"}],"replies":[{"embeddable":true,"href":"https:\/\/obstetricia.uv.cl\/inicio\/index.php\/wp-json\/wp\/v2\/comments?post=28522"}],"version-history":[{"count":0,"href":"https:\/\/obstetricia.uv.cl\/inicio\/index.php\/wp-json\/wp\/v2\/posts\/28522\/revisions"}],"wp:featuredmedia":[{"embeddable":true,"href":"https:\/\/obstetricia.uv.cl\/inicio\/index.php\/wp-json\/wp\/v2\/media\/28523"}],"wp:attachment":[{"href":"https:\/\/obstetricia.uv.cl\/inicio\/index.php\/wp-json\/wp\/v2\/media?parent=28522"}],"wp:term":[{"taxonomy":"category","embeddable":true,"href":"https:\/\/obstetricia.uv.cl\/inicio\/index.php\/wp-json\/wp\/v2\/categories?post=28522"},{"taxonomy":"post_tag","embeddable":true,"href":"https:\/\/obstetricia.uv.cl\/inicio\/index.php\/wp-json\/wp\/v2\/tags?post=28522"}],"curies":[{"name":"wp","href":"https:\/\/api.w.org\/{rel}","templated":true}]}}