{"id":28526,"date":"2017-05-15T10:36:39","date_gmt":"2017-05-15T14:36:39","guid":{"rendered":"https:\/\/obstetricia.uv.cl\/inicio\/?p=28526"},"modified":"2017-05-24T10:41:37","modified_gmt":"2017-05-24T14:41:37","slug":"capacitacion-para-nuevos-integrantes-comite-lactancia-materna-colmopuv","status":"publish","type":"post","link":"https:\/\/obstetricia.uv.cl\/inicio\/index.php\/2017\/05\/15\/capacitacion-para-nuevos-integrantes-comite-lactancia-materna-colmopuv\/","title":{"rendered":"Capacitaci\u00f3n para Nuevos Integrantes Comit\u00e9 Lactancia Materna COLMOPUV"},"content":{"rendered":"<p>El s\u00e1bado 13 de mayo 2017, se realiz\u00f3 en el campus Re\u00f1aca de nuestra universidad, la capacitaci\u00f3n en lactancia materna para nuevos integrantes de COLMOPUV.<\/p>\n<p>Esta capacitaci\u00f3n, inserta en el plan de trabajo anual, se realiza todos los a\u00f1os durante el primer semestre, con la finalidad de entregar herramientas b\u00e1sicas en el manejo de la lactancia a los estudiantes que ingresan a formar parte del comit\u00e9.<\/p>\n<p>Este a\u00f1o se capacitaron 32 nuevos integrantes, en su mayor\u00eda de I a\u00f1o, junto a estudiantes de II a IV a\u00f1o de Obstetricia y otras carreras de la facultad.<\/p>\n<p>El plan de trabajo anual del comit\u00e9, tambi\u00e9n contempla dos actualizaciones en la tem\u00e1tica, para quienes ya se encuentran capacitados.<\/p>\n<p>La organizaci\u00f3n y exposici\u00f3n de los m\u00f3dulos, estuvo a cargo de la directiva, Internas de V a\u00f1o integrantes del comit\u00e9 y las docentes asesoras del mismo.<\/p>\n<p>Durante la jornada, se realizaron adem\u00e1s, din\u00e1micas de interacci\u00f3n entre los participantes, con la finalidad de crear un clima favorable para la actividad y lograr cercan\u00eda entre los nuevos integrantes y el comit\u00e9.<\/p>\n<p>&nbsp;<\/p>\n\n<div uk-grid class=\"uk-child-width-1-2\">\n\n            <div class='uk-text-center'>\n\n            \n            <a href='https:\/\/obstetricia.uv.cl\/inicio\/index.php\/2017\/05\/15\/capacitacion-para-nuevos-integrantes-comite-lactancia-materna-colmopuv\/2017-05-16-photo-00008107\/'><img loading=\"lazy\" decoding=\"async\" width=\"225\" height=\"300\" src=\"https:\/\/obstetricia.uv.cl\/inicio\/wp-content\/uploads\/2017\/05\/2017-05-16-PHOTO-00008107-225x300.jpg\" class=\"attachment-medium size-medium\" alt=\"\" srcset=\"https:\/\/obstetricia.uv.cl\/inicio\/wp-content\/uploads\/2017\/05\/2017-05-16-PHOTO-00008107-225x300.jpg 225w, https:\/\/obstetricia.uv.cl\/inicio\/wp-content\/uploads\/2017\/05\/2017-05-16-PHOTO-00008107-768x1024.jpg 768w, https:\/\/obstetricia.uv.cl\/inicio\/wp-content\/uploads\/2017\/05\/2017-05-16-PHOTO-00008107.jpg 960w\" sizes=\"auto, (max-width: 225px) 100vw, 225px\" \/><\/a>\n            \n        <\/div>\n            <div class='uk-text-center'>\n\n            \n            <a href='https:\/\/obstetricia.uv.cl\/inicio\/index.php\/2017\/05\/15\/capacitacion-para-nuevos-integrantes-comite-lactancia-materna-colmopuv\/2017-05-16-photo-00008108\/'><img loading=\"lazy\" decoding=\"async\" width=\"225\" height=\"300\" src=\"https:\/\/obstetricia.uv.cl\/inicio\/wp-content\/uploads\/2017\/05\/2017-05-16-PHOTO-00008108-225x300.jpg\" class=\"attachment-medium size-medium\" alt=\"\" srcset=\"https:\/\/obstetricia.uv.cl\/inicio\/wp-content\/uploads\/2017\/05\/2017-05-16-PHOTO-00008108-225x300.jpg 225w, https:\/\/obstetricia.uv.cl\/inicio\/wp-content\/uploads\/2017\/05\/2017-05-16-PHOTO-00008108-768x1024.jpg 768w, https:\/\/obstetricia.uv.cl\/inicio\/wp-content\/uploads\/2017\/05\/2017-05-16-PHOTO-00008108.jpg 960w\" sizes=\"auto, (max-width: 225px) 100vw, 225px\" \/><\/a>\n            \n        <\/div>\n    \n<\/div>\n\n","protected":false},"excerpt":{"rendered":"<p>El s\u00e1bado 13 de mayo 2017, se realiz\u00f3 en el campus Re\u00f1aca de nuestra universidad, la capacitaci\u00f3n en lactancia materna para nuevos integrantes de COLMOPUV. Esta capacitaci\u00f3n, inserta en el plan de trabajo anual, se realiza todos los a\u00f1os durante el primer semestre, con la finalidad de entregar herramientas b\u00e1sicas en el manejo de la [&hellip;]<\/p>\n","protected":false},"author":2,"featured_media":28527,"comment_status":"open","ping_status":"open","sticky":false,"template":"","format":"standard","meta":{"footnotes":""},"categories":[31,5,22,4],"tags":[],"class_list":["post-28526","post","type-post","status-publish","format-standard","has-post-thumbnail","hentry","category-31","category-actividades","category-colmopuv","category-portada"],"_links":{"self":[{"href":"https:\/\/obstetricia.uv.cl\/inicio\/index.php\/wp-json\/wp\/v2\/posts\/28526","targetHints":{"allow":["GET"]}}],"collection":[{"href":"https:\/\/obstetricia.uv.cl\/inicio\/index.php\/wp-json\/wp\/v2\/posts"}],"about":[{"href":"https:\/\/obstetricia.uv.cl\/inicio\/index.php\/wp-json\/wp\/v2\/types\/post"}],"author":[{"embeddable":true,"href":"https:\/\/obstetricia.uv.cl\/inicio\/index.php\/wp-json\/wp\/v2\/users\/2"}],"replies":[{"embeddable":true,"href":"https:\/\/obstetricia.uv.cl\/inicio\/index.php\/wp-json\/wp\/v2\/comments?post=28526"}],"version-history":[{"count":0,"href":"https:\/\/obstetricia.uv.cl\/inicio\/index.php\/wp-json\/wp\/v2\/posts\/28526\/revisions"}],"wp:featuredmedia":[{"embeddable":true,"href":"https:\/\/obstetricia.uv.cl\/inicio\/index.php\/wp-json\/wp\/v2\/media\/28527"}],"wp:attachment":[{"href":"https:\/\/obstetricia.uv.cl\/inicio\/index.php\/wp-json\/wp\/v2\/media?parent=28526"}],"wp:term":[{"taxonomy":"category","embeddable":true,"href":"https:\/\/obstetricia.uv.cl\/inicio\/index.php\/wp-json\/wp\/v2\/categories?post=28526"},{"taxonomy":"post_tag","embeddable":true,"href":"https:\/\/obstetricia.uv.cl\/inicio\/index.php\/wp-json\/wp\/v2\/tags?post=28526"}],"curies":[{"name":"wp","href":"https:\/\/api.w.org\/{rel}","templated":true}]}}