{"id":28531,"date":"2017-04-20T10:56:38","date_gmt":"2017-04-20T13:56:38","guid":{"rendered":"https:\/\/obstetricia.uv.cl\/inicio\/?p=28531"},"modified":"2017-05-24T11:03:27","modified_gmt":"2017-05-24T15:03:27","slug":"ceremonia-de-investidura-san-felipe-2017","status":"publish","type":"post","link":"https:\/\/obstetricia.uv.cl\/inicio\/index.php\/2017\/04\/20\/ceremonia-de-investidura-san-felipe-2017\/","title":{"rendered":"Ceremonia de Investidura San Felipe 2017"},"content":{"rendered":"<p>Presidida por el Deacano de la Facultad de Medicina de la Universidad de Valpara\u00edso Dr. Antonio Orellana Tobar y con la presencia de autoridades, familiares y amigos, 22 estudiantes de segundo a\u00f1o de la carrera de Obstetricia y Puericultura del Campus San Felipe de la Universidad de Valpara\u00edso recibieron su investidura profesional, lo que marca el inicio de sus pr\u00e1cticas en los campos cl\u00ednicos.<br \/>\nEsta ceremonia es uno de los hitos m\u00e1s importantes para la Escuela de Obstetricia y Puericultura, en ella los estudiantes visten por primera vez el uniforme y reciben una piocha que los identifica con su escuela, dando inicio al trabajo propio de pr\u00e1ctica hasta que obtienen su t\u00edtulo profesional, relacion\u00e1ndose de forma directa con los pacientes.<br \/>\nAdem\u00e1s, este a\u00f1o 2017, es un a\u00f1o muy especial para la carrera en el campus San Felipe, ya que se cumplen 10 a\u00f1os de vida acad\u00e9mica en el Valle del Aconcagua, periodo en el que han pasado hasta hoy alrededor de 350 estudiantes por nuestras aulas, y han egresado 160 nuevas\/os profesionales matronas y matrones que actualmente se desempe\u00f1an a lo largo de todo el pa\u00eds, y que forman parte de distintos equipos de Matroner\u00eda<\/p>\n<p>Las\/os estudiantes que fueron investidos en esta ocasi\u00f3n son:<br \/>\nFLAVIA FAUNDEZ LOPEZ<br \/>\nCONSUELO RODRIGUEZ MOLINA<br \/>\nANGELA GALVEZ LOYOLA<br \/>\nLINA LIZCANO AREVALO<br \/>\nCATALINA GONZALEZ SALAS<br \/>\nMARICARMEN ROJAS MORALES<br \/>\nNAOMI REYES ARACENA<br \/>\nCONSTANZA DIAZ CARCAMO<br \/>\nMARIA JOSE MADRID RUBILAR<br \/>\nNATALIA YA\u00d1EZ VEGA<br \/>\nESTHER CORTEZ ARGANDO\u00d1A<br \/>\nMAR\u00cdA JOS\u00c9 DELGADO SANTIBA\u00d1EZ<br \/>\nBARBARA TAPIA JOFR\u00c9<br \/>\nDANIELA OLIVA SANCHEZ<br \/>\nCATALINA PACHECO CAMPOS<br \/>\nBARBARA CHIGNEAU TORO<br \/>\nCAMILA MARTINEZ CARDENAS<br \/>\nYUSESKA CID ARMIJO<br \/>\nRAYEN ORREGO VERGARA<br \/>\nALVARO GALLARDO SEGURA<br \/>\nCRISTINA DIAZ PERALTA<br \/>\nROCIO GONZALEZ ACEVEDO<\/p>\n<p>Dejamos a vuestra disposici\u00f3n algunas fotograf\u00edas de la investidura.<\/p>\n<p>&nbsp;<\/p>\n\n<div uk-grid class=\"uk-child-width-1-4\">\n\n            <div class='uk-text-center'>\n\n            \n            <a href='https:\/\/obstetricia.uv.cl\/inicio\/index.php\/2017\/04\/20\/ceremonia-de-investidura-san-felipe-2017\/_mg_1894-copia\/'><img loading=\"lazy\" decoding=\"async\" width=\"300\" height=\"224\" src=\"https:\/\/obstetricia.uv.cl\/inicio\/wp-content\/uploads\/2017\/05\/MG_1894-copia-300x224.jpg\" class=\"attachment-medium size-medium\" alt=\"\" srcset=\"https:\/\/obstetricia.uv.cl\/inicio\/wp-content\/uploads\/2017\/05\/MG_1894-copia-300x224.jpg 300w, https:\/\/obstetricia.uv.cl\/inicio\/wp-content\/uploads\/2017\/05\/MG_1894-copia-1024x763.jpg 1024w, https:\/\/obstetricia.uv.cl\/inicio\/wp-content\/uploads\/2017\/05\/MG_1894-copia-510x382.jpg 510w, https:\/\/obstetricia.uv.cl\/inicio\/wp-content\/uploads\/2017\/05\/MG_1894-copia-1080x805.jpg 1080w\" sizes=\"auto, (max-width: 300px) 100vw, 300px\" \/><\/a>\n            \n        <\/div>\n            <div class='uk-text-center'>\n\n            \n            <a href='https:\/\/obstetricia.uv.cl\/inicio\/index.php\/2017\/04\/20\/ceremonia-de-investidura-san-felipe-2017\/_mg_1906-copia\/'><img loading=\"lazy\" decoding=\"async\" width=\"300\" height=\"224\" src=\"https:\/\/obstetricia.uv.cl\/inicio\/wp-content\/uploads\/2017\/05\/MG_1906-copia-300x224.jpg\" class=\"attachment-medium size-medium\" alt=\"\" srcset=\"https:\/\/obstetricia.uv.cl\/inicio\/wp-content\/uploads\/2017\/05\/MG_1906-copia-300x224.jpg 300w, https:\/\/obstetricia.uv.cl\/inicio\/wp-content\/uploads\/2017\/05\/MG_1906-copia-1024x763.jpg 1024w, https:\/\/obstetricia.uv.cl\/inicio\/wp-content\/uploads\/2017\/05\/MG_1906-copia-510x382.jpg 510w, https:\/\/obstetricia.uv.cl\/inicio\/wp-content\/uploads\/2017\/05\/MG_1906-copia-1080x805.jpg 1080w\" sizes=\"auto, (max-width: 300px) 100vw, 300px\" \/><\/a>\n            \n        <\/div>\n            <div class='uk-text-center'>\n\n            \n            <a href='https:\/\/obstetricia.uv.cl\/inicio\/index.php\/2017\/04\/20\/ceremonia-de-investidura-san-felipe-2017\/_mg_1910-copia\/'><img loading=\"lazy\" decoding=\"async\" width=\"300\" height=\"224\" src=\"https:\/\/obstetricia.uv.cl\/inicio\/wp-content\/uploads\/2017\/05\/MG_1910-copia-300x224.jpg\" class=\"attachment-medium size-medium\" alt=\"\" srcset=\"https:\/\/obstetricia.uv.cl\/inicio\/wp-content\/uploads\/2017\/05\/MG_1910-copia-300x224.jpg 300w, https:\/\/obstetricia.uv.cl\/inicio\/wp-content\/uploads\/2017\/05\/MG_1910-copia-1024x763.jpg 1024w, https:\/\/obstetricia.uv.cl\/inicio\/wp-content\/uploads\/2017\/05\/MG_1910-copia-510x382.jpg 510w, https:\/\/obstetricia.uv.cl\/inicio\/wp-content\/uploads\/2017\/05\/MG_1910-copia-1080x805.jpg 1080w\" sizes=\"auto, (max-width: 300px) 100vw, 300px\" \/><\/a>\n            \n        <\/div>\n            <div class='uk-text-center'>\n\n            \n            <a href='https:\/\/obstetricia.uv.cl\/inicio\/index.php\/2017\/04\/20\/ceremonia-de-investidura-san-felipe-2017\/_mg_1927-copia\/'><img loading=\"lazy\" decoding=\"async\" width=\"300\" height=\"224\" src=\"https:\/\/obstetricia.uv.cl\/inicio\/wp-content\/uploads\/2017\/05\/MG_1927-copia-300x224.jpg\" class=\"attachment-medium size-medium\" alt=\"\" srcset=\"https:\/\/obstetricia.uv.cl\/inicio\/wp-content\/uploads\/2017\/05\/MG_1927-copia-300x224.jpg 300w, https:\/\/obstetricia.uv.cl\/inicio\/wp-content\/uploads\/2017\/05\/MG_1927-copia-1024x763.jpg 1024w, https:\/\/obstetricia.uv.cl\/inicio\/wp-content\/uploads\/2017\/05\/MG_1927-copia-510x382.jpg 510w, https:\/\/obstetricia.uv.cl\/inicio\/wp-content\/uploads\/2017\/05\/MG_1927-copia-1080x805.jpg 1080w\" sizes=\"auto, (max-width: 300px) 100vw, 300px\" \/><\/a>\n            \n        <\/div>\n            <div class='uk-text-center'>\n\n            \n            <a href='https:\/\/obstetricia.uv.cl\/inicio\/index.php\/2017\/04\/20\/ceremonia-de-investidura-san-felipe-2017\/_mg_1935-copia\/'><img loading=\"lazy\" decoding=\"async\" width=\"300\" height=\"224\" src=\"https:\/\/obstetricia.uv.cl\/inicio\/wp-content\/uploads\/2017\/05\/MG_1935-copia-300x224.jpg\" class=\"attachment-medium size-medium\" alt=\"\" srcset=\"https:\/\/obstetricia.uv.cl\/inicio\/wp-content\/uploads\/2017\/05\/MG_1935-copia-300x224.jpg 300w, https:\/\/obstetricia.uv.cl\/inicio\/wp-content\/uploads\/2017\/05\/MG_1935-copia-1024x763.jpg 1024w, https:\/\/obstetricia.uv.cl\/inicio\/wp-content\/uploads\/2017\/05\/MG_1935-copia-510x382.jpg 510w, https:\/\/obstetricia.uv.cl\/inicio\/wp-content\/uploads\/2017\/05\/MG_1935-copia-1080x805.jpg 1080w\" sizes=\"auto, (max-width: 300px) 100vw, 300px\" \/><\/a>\n            \n        <\/div>\n            <div class='uk-text-center'>\n\n            \n            <a href='https:\/\/obstetricia.uv.cl\/inicio\/index.php\/2017\/04\/20\/ceremonia-de-investidura-san-felipe-2017\/_mg_1943-copia\/'><img loading=\"lazy\" decoding=\"async\" width=\"300\" height=\"224\" src=\"https:\/\/obstetricia.uv.cl\/inicio\/wp-content\/uploads\/2017\/05\/MG_1943-copia-300x224.jpg\" class=\"attachment-medium size-medium\" alt=\"\" srcset=\"https:\/\/obstetricia.uv.cl\/inicio\/wp-content\/uploads\/2017\/05\/MG_1943-copia-300x224.jpg 300w, https:\/\/obstetricia.uv.cl\/inicio\/wp-content\/uploads\/2017\/05\/MG_1943-copia-1024x763.jpg 1024w, https:\/\/obstetricia.uv.cl\/inicio\/wp-content\/uploads\/2017\/05\/MG_1943-copia-510x382.jpg 510w, https:\/\/obstetricia.uv.cl\/inicio\/wp-content\/uploads\/2017\/05\/MG_1943-copia-1080x805.jpg 1080w\" sizes=\"auto, (max-width: 300px) 100vw, 300px\" \/><\/a>\n            \n        <\/div>\n    \n<\/div>\n\n","protected":false},"excerpt":{"rendered":"<p>Presidida por el Deacano de la Facultad de Medicina de la Universidad de Valpara\u00edso Dr. Antonio Orellana Tobar y con la presencia de autoridades, familiares y amigos, 22 estudiantes de segundo a\u00f1o de la carrera de Obstetricia y Puericultura del Campus San Felipe de la Universidad de Valpara\u00edso recibieron su investidura profesional, lo que marca [&hellip;]<\/p>\n","protected":false},"author":2,"featured_media":28534,"comment_status":"open","ping_status":"open","sticky":false,"template":"","format":"standard","meta":{"footnotes":""},"categories":[31,5,4,24],"tags":[],"class_list":["post-28531","post","type-post","status-publish","format-standard","has-post-thumbnail","hentry","category-31","category-actividades","category-portada","category-san-felipe"],"_links":{"self":[{"href":"https:\/\/obstetricia.uv.cl\/inicio\/index.php\/wp-json\/wp\/v2\/posts\/28531","targetHints":{"allow":["GET"]}}],"collection":[{"href":"https:\/\/obstetricia.uv.cl\/inicio\/index.php\/wp-json\/wp\/v2\/posts"}],"about":[{"href":"https:\/\/obstetricia.uv.cl\/inicio\/index.php\/wp-json\/wp\/v2\/types\/post"}],"author":[{"embeddable":true,"href":"https:\/\/obstetricia.uv.cl\/inicio\/index.php\/wp-json\/wp\/v2\/users\/2"}],"replies":[{"embeddable":true,"href":"https:\/\/obstetricia.uv.cl\/inicio\/index.php\/wp-json\/wp\/v2\/comments?post=28531"}],"version-history":[{"count":0,"href":"https:\/\/obstetricia.uv.cl\/inicio\/index.php\/wp-json\/wp\/v2\/posts\/28531\/revisions"}],"wp:featuredmedia":[{"embeddable":true,"href":"https:\/\/obstetricia.uv.cl\/inicio\/index.php\/wp-json\/wp\/v2\/media\/28534"}],"wp:attachment":[{"href":"https:\/\/obstetricia.uv.cl\/inicio\/index.php\/wp-json\/wp\/v2\/media?parent=28531"}],"wp:term":[{"taxonomy":"category","embeddable":true,"href":"https:\/\/obstetricia.uv.cl\/inicio\/index.php\/wp-json\/wp\/v2\/categories?post=28531"},{"taxonomy":"post_tag","embeddable":true,"href":"https:\/\/obstetricia.uv.cl\/inicio\/index.php\/wp-json\/wp\/v2\/tags?post=28531"}],"curies":[{"name":"wp","href":"https:\/\/api.w.org\/{rel}","templated":true}]}}