{"id":28539,"date":"2017-05-24T13:34:46","date_gmt":"2017-05-24T17:34:46","guid":{"rendered":"https:\/\/obstetricia.uv.cl\/inicio\/?p=28539"},"modified":"2017-05-24T13:34:46","modified_gmt":"2017-05-24T17:34:46","slug":"innovaciones-didacticas-en-el-aprendizaje-taller-de-entrevista-en-la-catedra-matroneria-ii","status":"publish","type":"post","link":"https:\/\/obstetricia.uv.cl\/inicio\/index.php\/2017\/05\/24\/innovaciones-didacticas-en-el-aprendizaje-taller-de-entrevista-en-la-catedra-matroneria-ii\/","title":{"rendered":"[Innovaciones Did\u00e1cticas en el Aprendizaje]: Taller de entrevista en la c\u00e1tedra Matroner\u00eda II"},"content":{"rendered":"<div>Durante el martes 16 y 23 del mes en curso se est\u00e1 desarrollando una actividad en conjunto entre estudiantes de primer y segundo a\u00f1o, citada como taller de entrevista en la c\u00e1tedra Matroner\u00eda II,la cual pretende aportar en la formaci\u00f3n de las \u00a0competencias blandas del perfil del egresado.Por otro lado y a manera de aprendizaje colaborativo , primer a\u00f1o dentro de la c\u00e1tedra de bases psicoafectivas, se encuentra tratando los contenidos de psicoafectividad y salud, Desarrollo evolutivo. Es as\u00ed que esta actividad conjunta d\u00e1 respuesta a los contenidos a tratar en ambas c\u00e1tedras de una manera significativa.<\/div>\n<div><\/div>\n<div>En la experiencia se encuentran participando las profesoras Miriam Z\u00faniga, Carolina Bravo, Irma Balbiani y Marjorie Haddad,<\/div>\n<div>Se han recibido comentarios de las docentes y estudiantes que participaron , que result\u00f3 ser una instancia enriquecedora para todos\u00bb.<\/div>\n<div><\/div>\n<div>\n\n<div uk-grid class=\"uk-child-width-1-3\">\n\n            <div class='uk-text-center'>\n\n            \n            <a href='https:\/\/obstetricia.uv.cl\/inicio\/index.php\/2017\/05\/24\/innovaciones-didacticas-en-el-aprendizaje-taller-de-entrevista-en-la-catedra-matroneria-ii\/2017-05-16-photo-00008101\/'><img loading=\"lazy\" decoding=\"async\" width=\"300\" height=\"169\" src=\"https:\/\/obstetricia.uv.cl\/inicio\/wp-content\/uploads\/2017\/05\/2017-05-16-PHOTO-00008101-300x169.jpg\" class=\"attachment-medium size-medium\" alt=\"\" srcset=\"https:\/\/obstetricia.uv.cl\/inicio\/wp-content\/uploads\/2017\/05\/2017-05-16-PHOTO-00008101-300x169.jpg 300w, https:\/\/obstetricia.uv.cl\/inicio\/wp-content\/uploads\/2017\/05\/2017-05-16-PHOTO-00008101-1024x576.jpg 1024w, https:\/\/obstetricia.uv.cl\/inicio\/wp-content\/uploads\/2017\/05\/2017-05-16-PHOTO-00008101-1080x608.jpg 1080w, https:\/\/obstetricia.uv.cl\/inicio\/wp-content\/uploads\/2017\/05\/2017-05-16-PHOTO-00008101.jpg 1280w\" sizes=\"auto, (max-width: 300px) 100vw, 300px\" \/><\/a>\n            \n        <\/div>\n            <div class='uk-text-center'>\n\n            \n            <a href='https:\/\/obstetricia.uv.cl\/inicio\/index.php\/2017\/05\/24\/innovaciones-didacticas-en-el-aprendizaje-taller-de-entrevista-en-la-catedra-matroneria-ii\/img_1409\/'><img loading=\"lazy\" decoding=\"async\" width=\"300\" height=\"225\" src=\"https:\/\/obstetricia.uv.cl\/inicio\/wp-content\/uploads\/2017\/05\/IMG_1409-300x225.jpg\" class=\"attachment-medium size-medium\" alt=\"\" srcset=\"https:\/\/obstetricia.uv.cl\/inicio\/wp-content\/uploads\/2017\/05\/IMG_1409-300x225.jpg 300w, https:\/\/obstetricia.uv.cl\/inicio\/wp-content\/uploads\/2017\/05\/IMG_1409-1024x768.jpg 1024w, https:\/\/obstetricia.uv.cl\/inicio\/wp-content\/uploads\/2017\/05\/IMG_1409-510x382.jpg 510w, https:\/\/obstetricia.uv.cl\/inicio\/wp-content\/uploads\/2017\/05\/IMG_1409-1080x810.jpg 1080w\" sizes=\"auto, (max-width: 300px) 100vw, 300px\" \/><\/a>\n            \n        <\/div>\n            <div class='uk-text-center'>\n\n            \n            <a href='https:\/\/obstetricia.uv.cl\/inicio\/index.php\/2017\/05\/24\/innovaciones-didacticas-en-el-aprendizaje-taller-de-entrevista-en-la-catedra-matroneria-ii\/2017-05-16-photo-00008093\/'><img loading=\"lazy\" decoding=\"async\" width=\"300\" height=\"225\" src=\"https:\/\/obstetricia.uv.cl\/inicio\/wp-content\/uploads\/2017\/05\/2017-05-16-PHOTO-00008093-300x225.jpg\" class=\"attachment-medium size-medium\" alt=\"\" srcset=\"https:\/\/obstetricia.uv.cl\/inicio\/wp-content\/uploads\/2017\/05\/2017-05-16-PHOTO-00008093-300x225.jpg 300w, https:\/\/obstetricia.uv.cl\/inicio\/wp-content\/uploads\/2017\/05\/2017-05-16-PHOTO-00008093-1024x768.jpg 1024w, https:\/\/obstetricia.uv.cl\/inicio\/wp-content\/uploads\/2017\/05\/2017-05-16-PHOTO-00008093-510x382.jpg 510w, https:\/\/obstetricia.uv.cl\/inicio\/wp-content\/uploads\/2017\/05\/2017-05-16-PHOTO-00008093-1080x810.jpg 1080w, https:\/\/obstetricia.uv.cl\/inicio\/wp-content\/uploads\/2017\/05\/2017-05-16-PHOTO-00008093.jpg 1280w\" sizes=\"auto, (max-width: 300px) 100vw, 300px\" \/><\/a>\n            \n        <\/div>\n            <div class='uk-text-center'>\n\n            \n            <a href='https:\/\/obstetricia.uv.cl\/inicio\/index.php\/2017\/05\/24\/innovaciones-didacticas-en-el-aprendizaje-taller-de-entrevista-en-la-catedra-matroneria-ii\/img_3050\/'><img loading=\"lazy\" decoding=\"async\" width=\"300\" height=\"225\" src=\"https:\/\/obstetricia.uv.cl\/inicio\/wp-content\/uploads\/2017\/05\/IMG_3050-300x225.jpg\" class=\"attachment-medium size-medium\" alt=\"\" srcset=\"https:\/\/obstetricia.uv.cl\/inicio\/wp-content\/uploads\/2017\/05\/IMG_3050-300x225.jpg 300w, https:\/\/obstetricia.uv.cl\/inicio\/wp-content\/uploads\/2017\/05\/IMG_3050-1024x768.jpg 1024w, https:\/\/obstetricia.uv.cl\/inicio\/wp-content\/uploads\/2017\/05\/IMG_3050-510x382.jpg 510w, https:\/\/obstetricia.uv.cl\/inicio\/wp-content\/uploads\/2017\/05\/IMG_3050-1080x810.jpg 1080w\" sizes=\"auto, (max-width: 300px) 100vw, 300px\" \/><\/a>\n            \n        <\/div>\n            <div class='uk-text-center'>\n\n            \n            <a href='https:\/\/obstetricia.uv.cl\/inicio\/index.php\/2017\/05\/24\/innovaciones-didacticas-en-el-aprendizaje-taller-de-entrevista-en-la-catedra-matroneria-ii\/img_4602\/'><img loading=\"lazy\" decoding=\"async\" width=\"300\" height=\"225\" src=\"https:\/\/obstetricia.uv.cl\/inicio\/wp-content\/uploads\/2017\/05\/IMG_4602-300x225.jpg\" class=\"attachment-medium size-medium\" alt=\"\" srcset=\"https:\/\/obstetricia.uv.cl\/inicio\/wp-content\/uploads\/2017\/05\/IMG_4602-300x225.jpg 300w, https:\/\/obstetricia.uv.cl\/inicio\/wp-content\/uploads\/2017\/05\/IMG_4602-1024x768.jpg 1024w, https:\/\/obstetricia.uv.cl\/inicio\/wp-content\/uploads\/2017\/05\/IMG_4602-510x382.jpg 510w, https:\/\/obstetricia.uv.cl\/inicio\/wp-content\/uploads\/2017\/05\/IMG_4602-1080x810.jpg 1080w\" sizes=\"auto, (max-width: 300px) 100vw, 300px\" \/><\/a>\n            \n        <\/div>\n            <div class='uk-text-center'>\n\n            \n            <a href='https:\/\/obstetricia.uv.cl\/inicio\/index.php\/2017\/05\/24\/innovaciones-didacticas-en-el-aprendizaje-taller-de-entrevista-en-la-catedra-matroneria-ii\/2017-05-16-photo-00008095\/'><img loading=\"lazy\" decoding=\"async\" width=\"300\" height=\"225\" src=\"https:\/\/obstetricia.uv.cl\/inicio\/wp-content\/uploads\/2017\/05\/2017-05-16-PHOTO-00008095-300x225.jpg\" class=\"attachment-medium size-medium\" alt=\"\" srcset=\"https:\/\/obstetricia.uv.cl\/inicio\/wp-content\/uploads\/2017\/05\/2017-05-16-PHOTO-00008095-300x225.jpg 300w, https:\/\/obstetricia.uv.cl\/inicio\/wp-content\/uploads\/2017\/05\/2017-05-16-PHOTO-00008095-1024x768.jpg 1024w, https:\/\/obstetricia.uv.cl\/inicio\/wp-content\/uploads\/2017\/05\/2017-05-16-PHOTO-00008095-510x382.jpg 510w, https:\/\/obstetricia.uv.cl\/inicio\/wp-content\/uploads\/2017\/05\/2017-05-16-PHOTO-00008095-1080x810.jpg 1080w, https:\/\/obstetricia.uv.cl\/inicio\/wp-content\/uploads\/2017\/05\/2017-05-16-PHOTO-00008095.jpg 1280w\" sizes=\"auto, (max-width: 300px) 100vw, 300px\" \/><\/a>\n            \n        <\/div>\n            <div class='uk-text-center'>\n\n            \n            <a href='https:\/\/obstetricia.uv.cl\/inicio\/index.php\/2017\/05\/24\/innovaciones-didacticas-en-el-aprendizaje-taller-de-entrevista-en-la-catedra-matroneria-ii\/2017-05-16-photo-00008098\/'><img loading=\"lazy\" decoding=\"async\" width=\"300\" height=\"225\" src=\"https:\/\/obstetricia.uv.cl\/inicio\/wp-content\/uploads\/2017\/05\/2017-05-16-PHOTO-00008098-300x225.jpg\" class=\"attachment-medium size-medium\" alt=\"\" srcset=\"https:\/\/obstetricia.uv.cl\/inicio\/wp-content\/uploads\/2017\/05\/2017-05-16-PHOTO-00008098-300x225.jpg 300w, https:\/\/obstetricia.uv.cl\/inicio\/wp-content\/uploads\/2017\/05\/2017-05-16-PHOTO-00008098-1024x768.jpg 1024w, https:\/\/obstetricia.uv.cl\/inicio\/wp-content\/uploads\/2017\/05\/2017-05-16-PHOTO-00008098-510x382.jpg 510w, https:\/\/obstetricia.uv.cl\/inicio\/wp-content\/uploads\/2017\/05\/2017-05-16-PHOTO-00008098-1080x810.jpg 1080w, https:\/\/obstetricia.uv.cl\/inicio\/wp-content\/uploads\/2017\/05\/2017-05-16-PHOTO-00008098.jpg 1280w\" sizes=\"auto, (max-width: 300px) 100vw, 300px\" \/><\/a>\n            \n        <\/div>\n            <div class='uk-text-center'>\n\n            \n            <a href='https:\/\/obstetricia.uv.cl\/inicio\/index.php\/2017\/05\/24\/innovaciones-didacticas-en-el-aprendizaje-taller-de-entrevista-en-la-catedra-matroneria-ii\/2017-05-16-photo-00008086\/'><img loading=\"lazy\" decoding=\"async\" width=\"300\" height=\"169\" src=\"https:\/\/obstetricia.uv.cl\/inicio\/wp-content\/uploads\/2017\/05\/2017-05-16-PHOTO-00008086-300x169.jpg\" class=\"attachment-medium size-medium\" alt=\"\" srcset=\"https:\/\/obstetricia.uv.cl\/inicio\/wp-content\/uploads\/2017\/05\/2017-05-16-PHOTO-00008086-300x169.jpg 300w, https:\/\/obstetricia.uv.cl\/inicio\/wp-content\/uploads\/2017\/05\/2017-05-16-PHOTO-00008086-1024x576.jpg 1024w, https:\/\/obstetricia.uv.cl\/inicio\/wp-content\/uploads\/2017\/05\/2017-05-16-PHOTO-00008086-1080x608.jpg 1080w, https:\/\/obstetricia.uv.cl\/inicio\/wp-content\/uploads\/2017\/05\/2017-05-16-PHOTO-00008086.jpg 1280w\" sizes=\"auto, (max-width: 300px) 100vw, 300px\" \/><\/a>\n            \n        <\/div>\n            <div class='uk-text-center'>\n\n            \n            <a href='https:\/\/obstetricia.uv.cl\/inicio\/index.php\/2017\/05\/24\/innovaciones-didacticas-en-el-aprendizaje-taller-de-entrevista-en-la-catedra-matroneria-ii\/2017-05-16-photo-00008102\/'><img loading=\"lazy\" decoding=\"async\" width=\"300\" height=\"169\" src=\"https:\/\/obstetricia.uv.cl\/inicio\/wp-content\/uploads\/2017\/05\/2017-05-16-PHOTO-00008102-300x169.jpg\" class=\"attachment-medium size-medium\" alt=\"\" srcset=\"https:\/\/obstetricia.uv.cl\/inicio\/wp-content\/uploads\/2017\/05\/2017-05-16-PHOTO-00008102-300x169.jpg 300w, https:\/\/obstetricia.uv.cl\/inicio\/wp-content\/uploads\/2017\/05\/2017-05-16-PHOTO-00008102-1024x576.jpg 1024w, https:\/\/obstetricia.uv.cl\/inicio\/wp-content\/uploads\/2017\/05\/2017-05-16-PHOTO-00008102-1080x608.jpg 1080w, https:\/\/obstetricia.uv.cl\/inicio\/wp-content\/uploads\/2017\/05\/2017-05-16-PHOTO-00008102.jpg 1280w\" sizes=\"auto, (max-width: 300px) 100vw, 300px\" \/><\/a>\n            \n        <\/div>\n    \n<\/div>\n\n<\/div>\n","protected":false},"excerpt":{"rendered":"<p>Durante el martes 16 y 23 del mes en curso se est\u00e1 desarrollando una actividad en conjunto entre estudiantes de primer y segundo a\u00f1o, citada como taller de entrevista en la c\u00e1tedra Matroner\u00eda II,la cual pretende aportar en la formaci\u00f3n de las \u00a0competencias blandas del perfil del egresado.Por otro lado y a manera de aprendizaje [&hellip;]<\/p>\n","protected":false},"author":2,"featured_media":28547,"comment_status":"open","ping_status":"open","sticky":false,"template":"","format":"standard","meta":{"footnotes":""},"categories":[31,5,4,23],"tags":[],"class_list":["post-28539","post","type-post","status-publish","format-standard","has-post-thumbnail","hentry","category-31","category-actividades","category-portada","category-valparaiso"],"_links":{"self":[{"href":"https:\/\/obstetricia.uv.cl\/inicio\/index.php\/wp-json\/wp\/v2\/posts\/28539","targetHints":{"allow":["GET"]}}],"collection":[{"href":"https:\/\/obstetricia.uv.cl\/inicio\/index.php\/wp-json\/wp\/v2\/posts"}],"about":[{"href":"https:\/\/obstetricia.uv.cl\/inicio\/index.php\/wp-json\/wp\/v2\/types\/post"}],"author":[{"embeddable":true,"href":"https:\/\/obstetricia.uv.cl\/inicio\/index.php\/wp-json\/wp\/v2\/users\/2"}],"replies":[{"embeddable":true,"href":"https:\/\/obstetricia.uv.cl\/inicio\/index.php\/wp-json\/wp\/v2\/comments?post=28539"}],"version-history":[{"count":0,"href":"https:\/\/obstetricia.uv.cl\/inicio\/index.php\/wp-json\/wp\/v2\/posts\/28539\/revisions"}],"wp:featuredmedia":[{"embeddable":true,"href":"https:\/\/obstetricia.uv.cl\/inicio\/index.php\/wp-json\/wp\/v2\/media\/28547"}],"wp:attachment":[{"href":"https:\/\/obstetricia.uv.cl\/inicio\/index.php\/wp-json\/wp\/v2\/media?parent=28539"}],"wp:term":[{"taxonomy":"category","embeddable":true,"href":"https:\/\/obstetricia.uv.cl\/inicio\/index.php\/wp-json\/wp\/v2\/categories?post=28539"},{"taxonomy":"post_tag","embeddable":true,"href":"https:\/\/obstetricia.uv.cl\/inicio\/index.php\/wp-json\/wp\/v2\/tags?post=28539"}],"curies":[{"name":"wp","href":"https:\/\/api.w.org\/{rel}","templated":true}]}}