{"id":28558,"date":"2017-05-26T10:57:41","date_gmt":"2017-05-26T14:57:41","guid":{"rendered":"https:\/\/obstetricia.uv.cl\/inicio\/?p=28558"},"modified":"2017-05-29T10:41:39","modified_gmt":"2017-05-29T14:41:39","slug":"jornada-de-parto-y-matroneria-la-otra-mirada","status":"publish","type":"post","link":"https:\/\/obstetricia.uv.cl\/inicio\/index.php\/2017\/05\/26\/jornada-de-parto-y-matroneria-la-otra-mirada\/","title":{"rendered":"Jornada de Parto y Matroner\u00eda la otra mirada"},"content":{"rendered":"<p><span lang=\"es-419\">Durante la jornada del 15 de mayo y en el marco de la celebraci\u00f3n de la semana del parto respetado, se realiz\u00f3 la Jornada \u00abParto y matroner\u00eda, la otra mirada\u00bb con el fin de difundir nuevas formas de acompa\u00f1ar a la mujer y su familia durante el periodo de embarazo, parto y puerperio: Participaron en esta instancia, matrona egresada del campus San Felipe, Camila Contreras, quien es adem\u00e1s Doula y realiza atenciones en el hogar de sus pacientes; tambi\u00e9n asistieron Matronas del centro Obsnatura, con su directora Paula D\u00edaz y sus socias fundadoras Paola Ter\u00e1n y Ang\u00e9lica Orellana, quienes presentaron parte de su experiencia en la atenci\u00f3n humanizada dentro del \u00e1rea privada. En esta instancia particip\u00f3 tambi\u00e9n la Matrona Marta Ocampo, quien cuenta con una basta experiencia en la atenci\u00f3n de gestantes y sus familias en el hogar.<\/span><\/p>\n<div><span style=\"font-family: Calibri, sans-serif;\">En foro final, tanto estudiantes como profesionales del Valle del Aconcagua realizaron preguntas a las expositoras y compartieron experiencias respecto a la atenci\u00f3n humanizada y sus alcances.<\/span><\/div>\n<div><\/div>\n<div>\n\n<div uk-grid class=\"uk-child-width-1-4\">\n\n            <div class='uk-text-center'>\n\n            \n            <a href='https:\/\/obstetricia.uv.cl\/inicio\/index.php\/2017\/05\/26\/jornada-de-parto-y-matroneria-la-otra-mirada\/whatsapp-image-2017-05-26-at-10-17-47\/'><img loading=\"lazy\" decoding=\"async\" width=\"300\" height=\"225\" src=\"https:\/\/obstetricia.uv.cl\/inicio\/wp-content\/uploads\/2017\/05\/WhatsApp-Image-2017-05-26-at-10.17.47-300x225.jpeg\" class=\"attachment-medium size-medium\" alt=\"\" srcset=\"https:\/\/obstetricia.uv.cl\/inicio\/wp-content\/uploads\/2017\/05\/WhatsApp-Image-2017-05-26-at-10.17.47-300x225.jpeg 300w, https:\/\/obstetricia.uv.cl\/inicio\/wp-content\/uploads\/2017\/05\/WhatsApp-Image-2017-05-26-at-10.17.47-1024x768.jpeg 1024w, https:\/\/obstetricia.uv.cl\/inicio\/wp-content\/uploads\/2017\/05\/WhatsApp-Image-2017-05-26-at-10.17.47-510x382.jpeg 510w, https:\/\/obstetricia.uv.cl\/inicio\/wp-content\/uploads\/2017\/05\/WhatsApp-Image-2017-05-26-at-10.17.47-1080x810.jpeg 1080w, https:\/\/obstetricia.uv.cl\/inicio\/wp-content\/uploads\/2017\/05\/WhatsApp-Image-2017-05-26-at-10.17.47.jpeg 1280w\" sizes=\"auto, (max-width: 300px) 100vw, 300px\" \/><\/a>\n            \n        <\/div>\n            <div class='uk-text-center'>\n\n            \n            <a href='https:\/\/obstetricia.uv.cl\/inicio\/index.php\/2017\/05\/26\/jornada-de-parto-y-matroneria-la-otra-mirada\/whatsapp-image-2017-05-26-at-10-17-51\/'><img loading=\"lazy\" decoding=\"async\" width=\"300\" height=\"225\" src=\"https:\/\/obstetricia.uv.cl\/inicio\/wp-content\/uploads\/2017\/05\/WhatsApp-Image-2017-05-26-at-10.17.51-300x225.jpeg\" class=\"attachment-medium size-medium\" alt=\"\" srcset=\"https:\/\/obstetricia.uv.cl\/inicio\/wp-content\/uploads\/2017\/05\/WhatsApp-Image-2017-05-26-at-10.17.51-300x225.jpeg 300w, https:\/\/obstetricia.uv.cl\/inicio\/wp-content\/uploads\/2017\/05\/WhatsApp-Image-2017-05-26-at-10.17.51-1024x768.jpeg 1024w, https:\/\/obstetricia.uv.cl\/inicio\/wp-content\/uploads\/2017\/05\/WhatsApp-Image-2017-05-26-at-10.17.51-510x382.jpeg 510w, https:\/\/obstetricia.uv.cl\/inicio\/wp-content\/uploads\/2017\/05\/WhatsApp-Image-2017-05-26-at-10.17.51-1080x810.jpeg 1080w, https:\/\/obstetricia.uv.cl\/inicio\/wp-content\/uploads\/2017\/05\/WhatsApp-Image-2017-05-26-at-10.17.51.jpeg 1280w\" sizes=\"auto, (max-width: 300px) 100vw, 300px\" \/><\/a>\n            \n        <\/div>\n            <div class='uk-text-center'>\n\n            \n            <a href='https:\/\/obstetricia.uv.cl\/inicio\/index.php\/2017\/05\/26\/jornada-de-parto-y-matroneria-la-otra-mirada\/whatsapp-image-2017-05-26-at-10-17-54\/'><img loading=\"lazy\" decoding=\"async\" width=\"300\" height=\"225\" src=\"https:\/\/obstetricia.uv.cl\/inicio\/wp-content\/uploads\/2017\/05\/WhatsApp-Image-2017-05-26-at-10.17.54-300x225.jpeg\" class=\"attachment-medium size-medium\" alt=\"\" srcset=\"https:\/\/obstetricia.uv.cl\/inicio\/wp-content\/uploads\/2017\/05\/WhatsApp-Image-2017-05-26-at-10.17.54-300x225.jpeg 300w, https:\/\/obstetricia.uv.cl\/inicio\/wp-content\/uploads\/2017\/05\/WhatsApp-Image-2017-05-26-at-10.17.54-1024x768.jpeg 1024w, https:\/\/obstetricia.uv.cl\/inicio\/wp-content\/uploads\/2017\/05\/WhatsApp-Image-2017-05-26-at-10.17.54-510x382.jpeg 510w, https:\/\/obstetricia.uv.cl\/inicio\/wp-content\/uploads\/2017\/05\/WhatsApp-Image-2017-05-26-at-10.17.54-1080x810.jpeg 1080w, https:\/\/obstetricia.uv.cl\/inicio\/wp-content\/uploads\/2017\/05\/WhatsApp-Image-2017-05-26-at-10.17.54.jpeg 1280w\" sizes=\"auto, (max-width: 300px) 100vw, 300px\" \/><\/a>\n            \n        <\/div>\n            <div class='uk-text-center'>\n\n            \n            <a href='https:\/\/obstetricia.uv.cl\/inicio\/index.php\/2017\/05\/26\/jornada-de-parto-y-matroneria-la-otra-mirada\/whatsapp-image-2017-05-26-at-10-17-58\/'><img loading=\"lazy\" decoding=\"async\" width=\"300\" height=\"285\" src=\"https:\/\/obstetricia.uv.cl\/inicio\/wp-content\/uploads\/2017\/05\/WhatsApp-Image-2017-05-26-at-10.17.58-300x285.jpeg\" class=\"attachment-medium size-medium\" alt=\"\" srcset=\"https:\/\/obstetricia.uv.cl\/inicio\/wp-content\/uploads\/2017\/05\/WhatsApp-Image-2017-05-26-at-10.17.58-300x285.jpeg 300w, https:\/\/obstetricia.uv.cl\/inicio\/wp-content\/uploads\/2017\/05\/WhatsApp-Image-2017-05-26-at-10.17.58-1024x973.jpeg 1024w, https:\/\/obstetricia.uv.cl\/inicio\/wp-content\/uploads\/2017\/05\/WhatsApp-Image-2017-05-26-at-10.17.58-1080x1026.jpeg 1080w, https:\/\/obstetricia.uv.cl\/inicio\/wp-content\/uploads\/2017\/05\/WhatsApp-Image-2017-05-26-at-10.17.58.jpeg 1280w\" sizes=\"auto, (max-width: 300px) 100vw, 300px\" \/><\/a>\n            \n        <\/div>\n            <div class='uk-text-center'>\n\n            \n            <a href='https:\/\/obstetricia.uv.cl\/inicio\/index.php\/2017\/05\/26\/jornada-de-parto-y-matroneria-la-otra-mirada\/whatsapp-image-2017-05-26-at-10-18-02\/'><img loading=\"lazy\" decoding=\"async\" width=\"300\" height=\"159\" src=\"https:\/\/obstetricia.uv.cl\/inicio\/wp-content\/uploads\/2017\/05\/WhatsApp-Image-2017-05-26-at-10.18.02-300x159.jpeg\" class=\"attachment-medium size-medium\" alt=\"\" srcset=\"https:\/\/obstetricia.uv.cl\/inicio\/wp-content\/uploads\/2017\/05\/WhatsApp-Image-2017-05-26-at-10.18.02-300x159.jpeg 300w, https:\/\/obstetricia.uv.cl\/inicio\/wp-content\/uploads\/2017\/05\/WhatsApp-Image-2017-05-26-at-10.18.02-1024x542.jpeg 1024w, https:\/\/obstetricia.uv.cl\/inicio\/wp-content\/uploads\/2017\/05\/WhatsApp-Image-2017-05-26-at-10.18.02-1080x572.jpeg 1080w, https:\/\/obstetricia.uv.cl\/inicio\/wp-content\/uploads\/2017\/05\/WhatsApp-Image-2017-05-26-at-10.18.02.jpeg 1280w\" sizes=\"auto, (max-width: 300px) 100vw, 300px\" \/><\/a>\n            \n        <\/div>\n            <div class='uk-text-center'>\n\n            \n            <a href='https:\/\/obstetricia.uv.cl\/inicio\/index.php\/2017\/05\/26\/jornada-de-parto-y-matroneria-la-otra-mirada\/whatsapp-image-2017-05-26-at-10-18-04\/'><img loading=\"lazy\" decoding=\"async\" width=\"300\" height=\"132\" src=\"https:\/\/obstetricia.uv.cl\/inicio\/wp-content\/uploads\/2017\/05\/WhatsApp-Image-2017-05-26-at-10.18.04-300x132.jpeg\" class=\"attachment-medium size-medium\" alt=\"\" srcset=\"https:\/\/obstetricia.uv.cl\/inicio\/wp-content\/uploads\/2017\/05\/WhatsApp-Image-2017-05-26-at-10.18.04-300x132.jpeg 300w, https:\/\/obstetricia.uv.cl\/inicio\/wp-content\/uploads\/2017\/05\/WhatsApp-Image-2017-05-26-at-10.18.04-1024x450.jpeg 1024w, https:\/\/obstetricia.uv.cl\/inicio\/wp-content\/uploads\/2017\/05\/WhatsApp-Image-2017-05-26-at-10.18.04-1080x474.jpeg 1080w, https:\/\/obstetricia.uv.cl\/inicio\/wp-content\/uploads\/2017\/05\/WhatsApp-Image-2017-05-26-at-10.18.04.jpeg 1280w\" sizes=\"auto, (max-width: 300px) 100vw, 300px\" \/><\/a>\n            \n        <\/div>\n            <div class='uk-text-center'>\n\n            \n            <a href='https:\/\/obstetricia.uv.cl\/inicio\/index.php\/2017\/05\/26\/jornada-de-parto-y-matroneria-la-otra-mirada\/whatsapp-image-2017-05-26-at-10-18-07\/'><img loading=\"lazy\" decoding=\"async\" width=\"169\" height=\"300\" src=\"https:\/\/obstetricia.uv.cl\/inicio\/wp-content\/uploads\/2017\/05\/WhatsApp-Image-2017-05-26-at-10.18.07-169x300.jpeg\" class=\"attachment-medium size-medium\" alt=\"\" srcset=\"https:\/\/obstetricia.uv.cl\/inicio\/wp-content\/uploads\/2017\/05\/WhatsApp-Image-2017-05-26-at-10.18.07-169x300.jpeg 169w, https:\/\/obstetricia.uv.cl\/inicio\/wp-content\/uploads\/2017\/05\/WhatsApp-Image-2017-05-26-at-10.18.07-576x1024.jpeg 576w, https:\/\/obstetricia.uv.cl\/inicio\/wp-content\/uploads\/2017\/05\/WhatsApp-Image-2017-05-26-at-10.18.07.jpeg 720w\" sizes=\"auto, (max-width: 169px) 100vw, 169px\" \/><\/a>\n            \n        <\/div>\n    \n<\/div>\n\n<\/div>\n","protected":false},"excerpt":{"rendered":"<p>Durante la jornada del 15 de mayo y en el marco de la celebraci\u00f3n de la semana del parto respetado, se realiz\u00f3 la Jornada \u00abParto y matroner\u00eda, la otra mirada\u00bb con el fin de difundir nuevas formas de acompa\u00f1ar a la mujer y su familia durante el periodo de embarazo, parto y puerperio: Participaron en [&hellip;]<\/p>\n","protected":false},"author":2,"featured_media":28562,"comment_status":"open","ping_status":"open","sticky":false,"template":"","format":"standard","meta":{"footnotes":""},"categories":[31,5,4,24],"tags":[],"class_list":["post-28558","post","type-post","status-publish","format-standard","has-post-thumbnail","hentry","category-31","category-actividades","category-portada","category-san-felipe"],"_links":{"self":[{"href":"https:\/\/obstetricia.uv.cl\/inicio\/index.php\/wp-json\/wp\/v2\/posts\/28558","targetHints":{"allow":["GET"]}}],"collection":[{"href":"https:\/\/obstetricia.uv.cl\/inicio\/index.php\/wp-json\/wp\/v2\/posts"}],"about":[{"href":"https:\/\/obstetricia.uv.cl\/inicio\/index.php\/wp-json\/wp\/v2\/types\/post"}],"author":[{"embeddable":true,"href":"https:\/\/obstetricia.uv.cl\/inicio\/index.php\/wp-json\/wp\/v2\/users\/2"}],"replies":[{"embeddable":true,"href":"https:\/\/obstetricia.uv.cl\/inicio\/index.php\/wp-json\/wp\/v2\/comments?post=28558"}],"version-history":[{"count":0,"href":"https:\/\/obstetricia.uv.cl\/inicio\/index.php\/wp-json\/wp\/v2\/posts\/28558\/revisions"}],"wp:featuredmedia":[{"embeddable":true,"href":"https:\/\/obstetricia.uv.cl\/inicio\/index.php\/wp-json\/wp\/v2\/media\/28562"}],"wp:attachment":[{"href":"https:\/\/obstetricia.uv.cl\/inicio\/index.php\/wp-json\/wp\/v2\/media?parent=28558"}],"wp:term":[{"taxonomy":"category","embeddable":true,"href":"https:\/\/obstetricia.uv.cl\/inicio\/index.php\/wp-json\/wp\/v2\/categories?post=28558"},{"taxonomy":"post_tag","embeddable":true,"href":"https:\/\/obstetricia.uv.cl\/inicio\/index.php\/wp-json\/wp\/v2\/tags?post=28558"}],"curies":[{"name":"wp","href":"https:\/\/api.w.org\/{rel}","templated":true}]}}