{"id":28647,"date":"2017-01-10T02:25:55","date_gmt":"2017-01-10T05:25:55","guid":{"rendered":"https:\/\/obstetricia.uv.cl\/inicio\/?p=28647"},"modified":"2017-05-29T02:39:42","modified_gmt":"2017-05-29T06:39:42","slug":"innovaciones-didacticas-en-el-aprendizaje-desarrollo-de-videos-educativos-en-el-curso-de-atencion-de-matroneria-ii","status":"publish","type":"post","link":"https:\/\/obstetricia.uv.cl\/inicio\/index.php\/2017\/01\/10\/innovaciones-didacticas-en-el-aprendizaje-desarrollo-de-videos-educativos-en-el-curso-de-atencion-de-matroneria-ii\/","title":{"rendered":"[Innovaciones Did\u00e1cticas en el Aprendizaje]: Desarrollo de videos educativos en el curso de Atenci\u00f3n de Matroner\u00eda II"},"content":{"rendered":"<p>[et_pb_section bb_built=\u00bb1&#8243; admin_label=\u00bbsection\u00bb][et_pb_row admin_label=\u00bbrow\u00bb][et_pb_column type=\u00bb4_4&#8243;][et_pb_text admin_label=\u00bbTexto\u00bb background_layout=\u00bblight\u00bb text_orientation=\u00bbleft\u00bb use_border_color=\u00bboff\u00bb border_color=\u00bb#ffffff\u00bb border_style=\u00bbsolid\u00bb]<\/p>\n<p>Durante el curso de Atenci\u00f3n de Matroner\u00eda II (AMA 214) los estudiantes debieron\u00a0desarrollar un proyecto en el cual seleccionaron una tem\u00e1tica propia del curso y desarrollar un video educativo al respecto de ayuda a la comunidad, les presentamos a continuaci\u00f3n el trabajo de nuestros estudiantes.<\/p>\n<p>[\/et_pb_text][\/et_pb_column][\/et_pb_row][et_pb_row admin_label=\u00bbFila\u00bb][et_pb_column type=\u00bb1_4&#8243;][et_pb_video admin_label=\u00bbV\u00eddeo\u00bb src=\u00bbhttps:\/\/youtu.be\/qTxBSEE6EoE\u00bb \/][\/et_pb_column][et_pb_column type=\u00bb1_4&#8243;][et_pb_video admin_label=\u00bbV\u00eddeo\u00bb src=\u00bbhttps:\/\/youtu.be\/auytnVP5-Ns\u00bb \/][\/et_pb_column][et_pb_column type=\u00bb1_4&#8243;][et_pb_video admin_label=\u00bbV\u00eddeo\u00bb src=\u00bbhttps:\/\/youtu.be\/yF7_zWO0e5E\u00bb \/][\/et_pb_column][et_pb_column type=\u00bb1_4&#8243;][et_pb_video admin_label=\u00bbV\u00eddeo\u00bb src=\u00bbhttps:\/\/youtu.be\/4lvMzS8v4gA\u00bb \/][\/et_pb_column][\/et_pb_row][et_pb_row admin_label=\u00bbFila\u00bb][et_pb_column type=\u00bb1_4&#8243;][et_pb_video admin_label=\u00bbV\u00eddeo\u00bb src=\u00bbhttps:\/\/youtu.be\/AVAxZmuvKmo\u00bb \/][\/et_pb_column][et_pb_column type=\u00bb1_4&#8243;][et_pb_video admin_label=\u00bbV\u00eddeo\u00bb src=\u00bbhttps:\/\/youtu.be\/1to9Urt4ys8&#8243; \/][\/et_pb_column][et_pb_column type=\u00bb1_4&#8243;][et_pb_video admin_label=\u00bbV\u00eddeo\u00bb src=\u00bbhttps:\/\/youtu.be\/FQp_fxn32-4&#8243; \/][\/et_pb_column][et_pb_column type=\u00bb1_4&#8243;][et_pb_video admin_label=\u00bbV\u00eddeo\u00bb src=\u00bbhttps:\/\/youtu.be\/dftnrvNlfZA\u00bb \/][\/et_pb_column][\/et_pb_row][\/et_pb_section]<\/p>\n","protected":false},"excerpt":{"rendered":"<p>[et_pb_section bb_built=\u00bb1&#8243; admin_label=\u00bbsection\u00bb][et_pb_row admin_label=\u00bbrow\u00bb][et_pb_column type=\u00bb4_4&#8243;][et_pb_text admin_label=\u00bbTexto\u00bb background_layout=\u00bblight\u00bb text_orientation=\u00bbleft\u00bb use_border_color=\u00bboff\u00bb border_color=\u00bb#ffffff\u00bb border_style=\u00bbsolid\u00bb] Durante el curso de Atenci\u00f3n de Matroner\u00eda II (AMA 214) los estudiantes debieron\u00a0desarrollar un proyecto en el cual seleccionaron una tem\u00e1tica propia del curso y desarrollar un video educativo al respecto de ayuda a la comunidad, les presentamos a continuaci\u00f3n el trabajo de nuestros [&hellip;]<\/p>\n","protected":false},"author":2,"featured_media":28648,"comment_status":"open","ping_status":"open","sticky":false,"template":"","format":"standard","meta":{"footnotes":""},"categories":[31,5,23],"tags":[],"class_list":["post-28647","post","type-post","status-publish","format-standard","has-post-thumbnail","hentry","category-31","category-actividades","category-valparaiso"],"_links":{"self":[{"href":"https:\/\/obstetricia.uv.cl\/inicio\/index.php\/wp-json\/wp\/v2\/posts\/28647","targetHints":{"allow":["GET"]}}],"collection":[{"href":"https:\/\/obstetricia.uv.cl\/inicio\/index.php\/wp-json\/wp\/v2\/posts"}],"about":[{"href":"https:\/\/obstetricia.uv.cl\/inicio\/index.php\/wp-json\/wp\/v2\/types\/post"}],"author":[{"embeddable":true,"href":"https:\/\/obstetricia.uv.cl\/inicio\/index.php\/wp-json\/wp\/v2\/users\/2"}],"replies":[{"embeddable":true,"href":"https:\/\/obstetricia.uv.cl\/inicio\/index.php\/wp-json\/wp\/v2\/comments?post=28647"}],"version-history":[{"count":0,"href":"https:\/\/obstetricia.uv.cl\/inicio\/index.php\/wp-json\/wp\/v2\/posts\/28647\/revisions"}],"wp:featuredmedia":[{"embeddable":true,"href":"https:\/\/obstetricia.uv.cl\/inicio\/index.php\/wp-json\/wp\/v2\/media\/28648"}],"wp:attachment":[{"href":"https:\/\/obstetricia.uv.cl\/inicio\/index.php\/wp-json\/wp\/v2\/media?parent=28647"}],"wp:term":[{"taxonomy":"category","embeddable":true,"href":"https:\/\/obstetricia.uv.cl\/inicio\/index.php\/wp-json\/wp\/v2\/categories?post=28647"},{"taxonomy":"post_tag","embeddable":true,"href":"https:\/\/obstetricia.uv.cl\/inicio\/index.php\/wp-json\/wp\/v2\/tags?post=28647"}],"curies":[{"name":"wp","href":"https:\/\/api.w.org\/{rel}","templated":true}]}}