{"id":28792,"date":"2017-07-14T09:36:48","date_gmt":"2017-07-14T13:36:48","guid":{"rendered":"https:\/\/obstetricia.uv.cl\/inicio\/?p=28792"},"modified":"2017-07-14T09:37:23","modified_gmt":"2017-07-14T13:37:23","slug":"dos-estudiantes-de-la-escuela-y-una-profesora-ganaron-la-beca-iberoamerica-santander-2017","status":"publish","type":"post","link":"https:\/\/obstetricia.uv.cl\/inicio\/index.php\/2017\/07\/14\/dos-estudiantes-de-la-escuela-y-una-profesora-ganaron-la-beca-iberoamerica-santander-2017\/","title":{"rendered":"Dos estudiantes de la Escuela y una Profesora ganaron la Beca Iberoam\u00e9rica Santander 2017"},"content":{"rendered":"<p>Estudiantes cumplir\u00e1n movilidades de un semestre y profesoras realizar\u00e1n pasant\u00edas de investigaci\u00f3n.<\/p>\n<p>En la sala Rub\u00e9n Dar\u00edo del Centro de Extensi\u00f3n UV, se realiz\u00f3 la ceremonia de entrega de las Becas Iberoam\u00e9rica para Estudiantes de Pregrado y J\u00f3venes Profesores e Investigadores Santander Universidades. Cinco estudiantes y dos acad\u00e9micas fueron merecedores de la beca, que les permitir\u00e1, en el caso de los estudiantes, realizar una movilidad de un semestre en una universidad extranjera, y una pasant\u00eda de investigaci\u00f3n en el caso de las profesoras.<\/p>\n<p>El acto fue encabezado por Christian Corval\u00e1n, prorrector; Antonio Pe\u00f1afiel, director de Administraci\u00f3n y Finanzas; Sebasti\u00e1n San Mart\u00edn, director general de Desarrollo Institucional y Aseguramiento de la Calidad; Alejandro Rodr\u00edguez, director de V\u00ednculos y Cooperaci\u00f3n Internacional, y Perla Cisternas, coordinadora de Movilidad Estudiantil, por la UV, mientras que por Banco Santander estuvieron presentes Jos\u00e9 Manuel Manzano, gerente Divisi\u00f3n Banca Empresas e Instituciones; Rodrigo Machuca, gerente Santander Universidades e Instituciones, y Mar\u00eda Soledad Gatica, subgerente zonal Valpara\u00edso. Los acompa\u00f1aron directores de escuela, profesores, alumnos y sus familiares.<\/p>\n<p>Hicieron uso de la palabra el prorrector UV, Christian Corval\u00e1n, y el gerente Santander Universidades e Instituciones, Manuel Manzano, quienes felicitaron a los becados, subrayando que la beca es un premio y un reconocimiento a su esfuerzo.<\/p>\n<p>Luego de la entrega de las becas, el programa de la ceremonia consider\u00f3 la intervenci\u00f3n de dos estudiantes que compartieron sus experiencias de movilidad: Mariana Loezar, alumna de Enfermer\u00eda, quien gracias a la Beca Santander Iberoam\u00e9rica 2016 fue de intercambio a la Universidad de Granada, Espa\u00f1a, y Patricia Salazar, estudiante de Derecho de la Universidad Aut\u00f3noma de San Luis de Potos\u00ed, M\u00e9xico, que se encuentra cursando un semestre en la UV en virtud de la misma beca.<\/p>\n<p><b>Becados felices<\/b><\/p>\n<p>Su satisfacci\u00f3n manifestaron los ganadores de las becas Santander. Es el caso de Claudia Guti\u00e9rrez, acad\u00e9mica de la Escuela Obstetricia y Puericultura, quien ir\u00e1 a la Universidad de Barcelona por un per\u00edodo de dos meses. Se\u00f1al\u00f3: \u201cVoy a cursar la parte de implementaci\u00f3n del proyecto de tesis del doctorado. Estoy haciendo un Doctorado en Educaci\u00f3n y Sociedad, con menci\u00f3n en todo lo que son los medios tecnol\u00f3gicos. Se basa el proyecto en implementar una comunidad de pr\u00e1cticas en una metodolog\u00eda de ense\u00f1anza que es muy utilizada en Europa y tambi\u00e9n es propia de la universidad, y en Chile est\u00e1 en forma incipiente en las universidades. La idea es traer esa modalidad e implementarla ac\u00e1; primero vamos a comenzar en la Escuela de Obstetricia y Puericultura y luego en el campus, y luego ojal\u00e1 sea a toda la Universidad\u201d.<\/p>\n<p>Seg\u00fan explica la acad\u00e9mica, \u201cesta comunidad de pr\u00e1ctica primero funciona dentro de los propios estudiantes, una forma de que ellos sepan el trabajo colaborativo de ense\u00f1anza, de aprendizaje entre ellos, y obviamente que esto puede ser extrapolado a la pr\u00e1ctica en s\u00ed en el hospital, por ejemplo entre matronas, entre m\u00e9dicos, para que compartan la experiencia sobre un tema espec\u00edfico\u201d.<\/p>\n<p>Por su parte, Yazm\u00edn Vargas, estudiante de cuarto a\u00f1o de Obstetricia y Puericultura, ir\u00e1 a la Universidad de M\u00e1laga, Espa\u00f1a, por un semestre. Afirma: \u201cEs una gran experiencia en realidad, lo tomo as\u00ed, una oportunidad para poder crecer tanto como persona y el d\u00eda de ma\u00f1ana ser un profesional mucho m\u00e1s integral, sobre todo en lo que es en el \u00e1rea de la salud. Yo estudio Obstetricia y Puericultura, y por eso me gustar\u00eda saber c\u00f3mo es el trato de la gestante en otra parte del mundo, al otro extremo de hecho, porque como sabemos, en Chile cada vez van a aumentando m\u00e1s los inmigrantes y me gustar\u00eda poder ser un profesional competente para poder darles la atenci\u00f3n m\u00e1s integral posible\u201d.<\/p>\n<blockquote>\n<div id=\"n_recuadro\">\n<p><b>Los becados<\/b><\/p>\n<p>Las estudiantes y la profesora que recibieron la Beca Santander Iberoam\u00e9rica:<\/p>\n<ul>\n<li>Ivanoknna Lav\u00edn Olave, de Obstetricia y Puericultura, Universidad de Sao Paulo, Brasil.<\/li>\n<li>Yazm\u00edn Vargas Romero, de Obstetricia y Puericultura, Universidad de M\u00e1laga, Espa\u00f1a.<\/li>\n<li>Prof. Claudia Guti\u00e9rrez, Escuela de Obstetricia y Puericultura de la Facultad de Medicina, quien asistir\u00e1 a la Universidad de Barcelona en Espa\u00f1a.<\/li>\n<\/ul>\n<\/div>\n<\/blockquote>\n<p><center><br \/>\n<iframe loading=\"lazy\" src=\"https:\/\/www.youtube-nocookie.com\/embed\/vpw5hTCuUyQ?rel=0\" width=\"853\" height=\"480\" frameborder=\"0\" allowfullscreen=\"allowfullscreen\"><\/iframe><\/center><\/p>\n","protected":false},"excerpt":{"rendered":"<p>Estudiantes cumplir\u00e1n movilidades de un semestre y profesoras realizar\u00e1n pasant\u00edas de investigaci\u00f3n. En la sala Rub\u00e9n Dar\u00edo del Centro de Extensi\u00f3n UV, se realiz\u00f3 la ceremonia de entrega de las Becas Iberoam\u00e9rica para Estudiantes de Pregrado y J\u00f3venes Profesores e Investigadores Santander Universidades. Cinco estudiantes y dos acad\u00e9micas fueron merecedores de la beca, que les [&hellip;]<\/p>\n","protected":false},"author":2,"featured_media":28793,"comment_status":"open","ping_status":"open","sticky":false,"template":"","format":"standard","meta":{"footnotes":""},"categories":[31,5,33,4,23],"tags":[],"class_list":["post-28792","post","type-post","status-publish","format-standard","has-post-thumbnail","hentry","category-31","category-actividades","category-general","category-portada","category-valparaiso"],"_links":{"self":[{"href":"https:\/\/obstetricia.uv.cl\/inicio\/index.php\/wp-json\/wp\/v2\/posts\/28792","targetHints":{"allow":["GET"]}}],"collection":[{"href":"https:\/\/obstetricia.uv.cl\/inicio\/index.php\/wp-json\/wp\/v2\/posts"}],"about":[{"href":"https:\/\/obstetricia.uv.cl\/inicio\/index.php\/wp-json\/wp\/v2\/types\/post"}],"author":[{"embeddable":true,"href":"https:\/\/obstetricia.uv.cl\/inicio\/index.php\/wp-json\/wp\/v2\/users\/2"}],"replies":[{"embeddable":true,"href":"https:\/\/obstetricia.uv.cl\/inicio\/index.php\/wp-json\/wp\/v2\/comments?post=28792"}],"version-history":[{"count":0,"href":"https:\/\/obstetricia.uv.cl\/inicio\/index.php\/wp-json\/wp\/v2\/posts\/28792\/revisions"}],"wp:featuredmedia":[{"embeddable":true,"href":"https:\/\/obstetricia.uv.cl\/inicio\/index.php\/wp-json\/wp\/v2\/media\/28793"}],"wp:attachment":[{"href":"https:\/\/obstetricia.uv.cl\/inicio\/index.php\/wp-json\/wp\/v2\/media?parent=28792"}],"wp:term":[{"taxonomy":"category","embeddable":true,"href":"https:\/\/obstetricia.uv.cl\/inicio\/index.php\/wp-json\/wp\/v2\/categories?post=28792"},{"taxonomy":"post_tag","embeddable":true,"href":"https:\/\/obstetricia.uv.cl\/inicio\/index.php\/wp-json\/wp\/v2\/tags?post=28792"}],"curies":[{"name":"wp","href":"https:\/\/api.w.org\/{rel}","templated":true}]}}