{"id":28806,"date":"2017-07-25T12:46:02","date_gmt":"2017-07-25T16:46:02","guid":{"rendered":"https:\/\/obstetricia.uv.cl\/inicio\/?p=28806"},"modified":"2017-07-25T12:53:10","modified_gmt":"2017-07-25T16:53:10","slug":"acreditados-por-6-anos-20172023","status":"publish","type":"post","link":"https:\/\/obstetricia.uv.cl\/inicio\/index.php\/2017\/07\/25\/acreditados-por-6-anos-20172023\/","title":{"rendered":"Acreditados por 6 a\u00f1os (2017~2023)"},"content":{"rendered":"<p>[et_pb_section bb_built=\u00bb1&#8243; admin_label=\u00bbsection\u00bb][et_pb_row admin_label=\u00bbrow\u00bb background_position=\u00bbtop_left\u00bb background_repeat=\u00bbrepeat\u00bb background_size=\u00bbinitial\u00bb][et_pb_column type=\u00bb1_3&#8243;][et_pb_image admin_label=\u00bbImagen\u00bb _builder_version=\u00bb3.0.51&#8243; src=\u00bbhttps:\/\/obstetricia.uv.cl\/inicio\/wp-content\/uploads\/2016\/07\/31-En-la-U-1958-o-59-o-60.jpg\u00bb show_in_lightbox=\u00bboff\u00bb url_new_window=\u00bboff\u00bb use_overlay=\u00bboff\u00bb sticky=\u00bboff\u00bb align=\u00bbleft\u00bb always_center_on_mobile=\u00bbon\u00bb border_style=\u00bbsolid\u00bb force_fullwidth=\u00bboff\u00bb \/][et_pb_image admin_label=\u00bbImagen\u00bb _builder_version=\u00bb3.0.51&#8243; src=\u00bbhttps:\/\/obstetricia.uv.cl\/inicio\/wp-content\/uploads\/2016\/09\/1-13.jpg\u00bb show_in_lightbox=\u00bboff\u00bb url_new_window=\u00bboff\u00bb use_overlay=\u00bboff\u00bb sticky=\u00bboff\u00bb align=\u00bbleft\u00bb always_center_on_mobile=\u00bbon\u00bb border_style=\u00bbsolid\u00bb force_fullwidth=\u00bboff\u00bb \/][\/et_pb_column][et_pb_column type=\u00bb2_3&#8243;][et_pb_text admin_label=\u00bbTexto\u00bb _builder_version=\u00bb3.0.51&#8243; background_layout=\u00bblight\u00bb text_orientation=\u00bbleft\u00bb border_style=\u00bbsolid\u00bb]<\/p>\n<div>\n<p>Estimados seguidores de esta p\u00e1gina; Con mucho agrado informamos que el\u00a0Consejo de Acreditaci\u00f3n del \u00c1rea de Salud de ADC Acreditadora,\u00a0acord\u00f3\u00a0acreditar por 6 a\u00f1os a la carrera de Obstetricia y Puericultura de la Universidad de Valpara\u00edso (Julio de 2017- Julio de 2023).<\/p>\n<p>Esta acreditaci\u00f3n\u00a0nos llena de orgullo y constituye un reconocimiento \u00a0para una carrera presente en la regi\u00f3n\u00a0desde 1955 y que ha contribuido al pa\u00eds\u00a0con la formaci\u00f3n de matronas y matrones que ejercen a lo largo de toda la geograf\u00eda,\u00a0aportando\u00a0con su trabajo al bienestar \u00a0de las mujeres a lo largo del ciclo vital , familias y comunidades y al desarrollo\u00a0del \u00a0 sistema de salud. Representa tambi\u00e9n\u00a0un desaf\u00edo\u00a0para mantenernos \u00a0en la senda de mejoramiento continuo en\u00a0docencia, \u00a0gesti\u00f3n,\u00a0investigaci\u00f3n\u00a0\u00a0y vinculaci\u00f3n\u00a0con el medio.<\/p>\n<p>Agradecemos la participaci\u00f3n\u00a0y compromiso de toda la comunidad de nuestra escuela con \u00a0el proceso de autoevaluaci\u00f3n, como tambi\u00e9n\u00a0el apoyo institucional recibido.<\/p>\n<p>Saludos cordiales<br \/>\n<strong>Ana Mar\u00eda Alvarado Vargas<\/strong><br \/>\nDirectora (S).<br \/>\nEscuela de Obstetricia y Puericultura<br \/>\nUniversidad de Valpara\u00edso &#8211; Chile.<\/p>\n<\/div>\n<p>[\/et_pb_text][et_pb_image admin_label=\u00bbImagen\u00bb _builder_version=\u00bb3.0.51&#8243; src=\u00bbhttps:\/\/obstetricia.uv.cl\/inicio\/wp-content\/uploads\/2017\/07\/LogoAcreditado6.png\u00bb show_in_lightbox=\u00bboff\u00bb url_new_window=\u00bboff\u00bb use_overlay=\u00bboff\u00bb sticky=\u00bboff\u00bb align=\u00bbleft\u00bb always_center_on_mobile=\u00bbon\u00bb border_style=\u00bbsolid\u00bb max_width=\u00bb300px\u00bb force_fullwidth=\u00bboff\u00bb \/][et_pb_button admin_label=\u00bbBot\u00f3n\u00bb _builder_version=\u00bb3.0.51&#8243; button_text=\u00bbM\u00e1s Informaci\u00f3n sobre nuestro proceso de Acreditaci\u00f3n\u00bb button_url=\u00bbhttps:\/\/obstetricia.uv.cl\/inicio\/index.php\/acreditacion\/sobre-el-proceso\/\u00bb url_new_window=\u00bboff\u00bb button_alignment=\u00bbleft\u00bb background_layout=\u00bblight\u00bb custom_button=\u00bboff\u00bb button_letter_spacing=\u00bb0&#8243; button_icon_placement=\u00bbright\u00bb button_letter_spacing_hover=\u00bb0&#8243; \/][\/et_pb_column][\/et_pb_row][\/et_pb_section]<\/p>\n","protected":false},"excerpt":{"rendered":"<p>[et_pb_section bb_built=\u00bb1&#8243; admin_label=\u00bbsection\u00bb][et_pb_row admin_label=\u00bbrow\u00bb background_position=\u00bbtop_left\u00bb background_repeat=\u00bbrepeat\u00bb background_size=\u00bbinitial\u00bb][et_pb_column type=\u00bb1_3&#8243;][et_pb_image admin_label=\u00bbImagen\u00bb _builder_version=\u00bb3.0.51&#8243; src=\u00bbhttps:\/\/obstetricia.uv.cl\/inicio\/wp-content\/uploads\/2016\/07\/31-En-la-U-1958-o-59-o-60.jpg\u00bb show_in_lightbox=\u00bboff\u00bb url_new_window=\u00bboff\u00bb use_overlay=\u00bboff\u00bb sticky=\u00bboff\u00bb align=\u00bbleft\u00bb always_center_on_mobile=\u00bbon\u00bb border_style=\u00bbsolid\u00bb force_fullwidth=\u00bboff\u00bb \/][et_pb_image admin_label=\u00bbImagen\u00bb _builder_version=\u00bb3.0.51&#8243; src=\u00bbhttps:\/\/obstetricia.uv.cl\/inicio\/wp-content\/uploads\/2016\/09\/1-13.jpg\u00bb show_in_lightbox=\u00bboff\u00bb url_new_window=\u00bboff\u00bb use_overlay=\u00bboff\u00bb sticky=\u00bboff\u00bb align=\u00bbleft\u00bb always_center_on_mobile=\u00bbon\u00bb border_style=\u00bbsolid\u00bb force_fullwidth=\u00bboff\u00bb \/][\/et_pb_column][et_pb_column type=\u00bb2_3&#8243;][et_pb_text admin_label=\u00bbTexto\u00bb _builder_version=\u00bb3.0.51&#8243; background_layout=\u00bblight\u00bb text_orientation=\u00bbleft\u00bb border_style=\u00bbsolid\u00bb] Estimados seguidores de esta p\u00e1gina; Con mucho agrado informamos que el\u00a0Consejo de Acreditaci\u00f3n del \u00c1rea de Salud [&hellip;]<\/p>\n","protected":false},"author":2,"featured_media":28812,"comment_status":"open","ping_status":"open","sticky":false,"template":"","format":"standard","meta":{"footnotes":""},"categories":[31,5,33,4,24,23],"tags":[],"class_list":["post-28806","post","type-post","status-publish","format-standard","has-post-thumbnail","hentry","category-31","category-actividades","category-general","category-portada","category-san-felipe","category-valparaiso"],"_links":{"self":[{"href":"https:\/\/obstetricia.uv.cl\/inicio\/index.php\/wp-json\/wp\/v2\/posts\/28806","targetHints":{"allow":["GET"]}}],"collection":[{"href":"https:\/\/obstetricia.uv.cl\/inicio\/index.php\/wp-json\/wp\/v2\/posts"}],"about":[{"href":"https:\/\/obstetricia.uv.cl\/inicio\/index.php\/wp-json\/wp\/v2\/types\/post"}],"author":[{"embeddable":true,"href":"https:\/\/obstetricia.uv.cl\/inicio\/index.php\/wp-json\/wp\/v2\/users\/2"}],"replies":[{"embeddable":true,"href":"https:\/\/obstetricia.uv.cl\/inicio\/index.php\/wp-json\/wp\/v2\/comments?post=28806"}],"version-history":[{"count":0,"href":"https:\/\/obstetricia.uv.cl\/inicio\/index.php\/wp-json\/wp\/v2\/posts\/28806\/revisions"}],"wp:featuredmedia":[{"embeddable":true,"href":"https:\/\/obstetricia.uv.cl\/inicio\/index.php\/wp-json\/wp\/v2\/media\/28812"}],"wp:attachment":[{"href":"https:\/\/obstetricia.uv.cl\/inicio\/index.php\/wp-json\/wp\/v2\/media?parent=28806"}],"wp:term":[{"taxonomy":"category","embeddable":true,"href":"https:\/\/obstetricia.uv.cl\/inicio\/index.php\/wp-json\/wp\/v2\/categories?post=28806"},{"taxonomy":"post_tag","embeddable":true,"href":"https:\/\/obstetricia.uv.cl\/inicio\/index.php\/wp-json\/wp\/v2\/tags?post=28806"}],"curies":[{"name":"wp","href":"https:\/\/api.w.org\/{rel}","templated":true}]}}