{"id":28976,"date":"2017-10-11T10:11:07","date_gmt":"2017-10-11T13:11:07","guid":{"rendered":"https:\/\/obstetricia.uv.cl\/inicio\/?p=28976"},"modified":"2017-10-11T10:14:56","modified_gmt":"2017-10-11T13:14:56","slug":"ceremonia-de-titulacion-valparaiso-2017","status":"publish","type":"post","link":"https:\/\/obstetricia.uv.cl\/inicio\/index.php\/2017\/10\/11\/ceremonia-de-titulacion-valparaiso-2017\/","title":{"rendered":"Ceremonia de Titulaci\u00f3n Valpara\u00edso 2017"},"content":{"rendered":"<p>[et_pb_section bb_built=\u00bb1&#8243;][et_pb_row][et_pb_column type=\u00bb4_4&#8243;][et_pb_video _builder_version=\u00bb3.0.78&#8243; src=\u00bbhttps:\/\/www.youtube.com\/watch?v=O0ne3Xr9rhE\u00bb play_icon_color=\u00bb#0c71c3&#8243; animation_style=\u00bbfade\u00bb \/][\/et_pb_column][\/et_pb_row][et_pb_row][et_pb_column type=\u00bb4_4&#8243;][et_pb_text _builder_version=\u00bb3.0.78&#8243; background_layout=\u00bblight\u00bb border_style=\u00bbsolid\u00bb]<\/p>\n<p>Ante sus orgullosos padres, amigos y profesores, 37 estudiantes de la Escuela de Obstetricia y Puericultura de la Universidad de Valpara\u00edso, pertenecientes a la promoci\u00f3n 2016 de la sede Valpara\u00edso, recibieron su t\u00edtulo profesional.<\/p>\n<p>El acto acad\u00e9mico se realiz\u00f3 en el auditorio de la sede Hontaneda y fue encabezado por el decano de la Facultad de Medicina, Antonio Orellana, y la directora de la Escuela, Ana Mar\u00eda Alvarado. Les acompa\u00f1aron autoridades universitarias, docentes, funcionarios, invitados especiales y familiares de los titulados. Tambi\u00e9n asisti\u00f3 la presidenta del Colegio de Matronas y Matrones V Regi\u00f3n, Ana Cristina L\u00f3pez.<\/p>\n<p>En la ocasi\u00f3n, cada titulado recibi\u00f3 su respectivo diploma, luego de lo cual prestaron el juramento de rigor, el que les fue tomado por la jefa de carrera subrogante, Alejandra Mu\u00f1oz.<\/p>\n<h3><b>Distinciones<\/b><\/h3>\n<p>Durante la ceremonia fueron distinguidos los titulados m\u00e1s destacados de la promoci\u00f3n. El premio Facultad de Medicina, que se otorga al estudiante que logra el mejor rendimiento acad\u00e9mico en todas las asignaturas del plan curricular de la carrera, fue para Constanza Toledo Flores.<\/p>\n<p>Por su parte, la titulada Andrea Pinto Olivares recibi\u00f3 el Premio a la Matroner\u00eda, que la Escuela de Obstetricia y Puericultura entrega al profesional egresado que durante su formaci\u00f3n haya demostrado superaci\u00f3n en su rendimiento acad\u00e9mico y, adem\u00e1s, mantenido buenas relaciones interpersonales y participado en actividades extracurriculares, siendo ejemplo de los valores y caracter\u00edsticas que son propias del sello del profesional del matr\u00f3n\/matrona de la UV.<\/p>\n<p>En tanto, el Premio Colegio de Matronas y Matrones de Chile, que destaca las cualidades personales de liderazgo, compromiso gremial y responsabilidad profesional, lo recibi\u00f3 Camila Bravo Puelles.<\/p>\n<p>A su vez, el Premio al Mejor Compa\u00f1ero, que entregan los egresados de la promoci\u00f3n a quien haya destacado durante la carrera por sus aptitudes personales, fue para Emmanuel Aranda Orellana.<\/p>\n<p>La ceremonia de titulaci\u00f3n culmin\u00f3 con la intervenci\u00f3n de la estudiante Karla Messina Aguilera, quien se dirigi\u00f3 a los presentes en representaci\u00f3n de los nuevos profesionales.<\/p>\n<h3><b>Promoci\u00f3n<\/b><\/h3>\n<p>Los titulados de la promoci\u00f3n 2016 de la Escuela de Obstetricia y Puericultura de la UV son: Nicole Abarca Jara, Johana Acevedo Cortez, Emmanuel Aranda Orellana, Maximiliano Araneda Ortega, Leonardo Arellano Rodr\u00edguez, Pilar Ar\u00e9valo Ravest, Constanza Bascu\u00f1\u00e1n Rom\u00e1n, Jael Beasain Vega, Camila Bravo Puelles, Claudia Bravo Vega, Macarena Brito Salvador, Cinthya Cepeda Escobar, Valeria Fierro Moragues, Silvia Fuentes Soto, Alondra Guerrero Mart\u00ednez, Mar\u00eda Gabriela Henr\u00edquez Mondaca, Javiera Hern\u00e1ndez Cantarellas, Andrea Jalil Collao, Macarena Lama Guerra, Isabeau M\u00e9ndez Hax, Karla Messina Aguilera, Fernanda Moreno Molina, Paulina Mu\u00f1oz Rojas, Mar\u00eda Francisca Pe\u00f1a Palma, Andrea Pinto Olivares, Mabel Pi\u00f1a Rojas, Cristina Pizarro Olmos, Sof\u00eda Rebolledo Zamudio, Daniela Ruiz Valdenegro, Isabella Scholtbach Aljaro, Mauricio Su\u00e1rez Guti\u00e9rrez, Constanza Toledo Flores, Danae Torres Gordon, Fernanda Ubilla Maureira, Daniela V\u00e1squez Ortega, Mar\u00eda Jos\u00e9 V\u00e1squez Ibaceta y Melany Vega \u00d3rdenes.<\/p>\n<p><a href=\"http:\/\/www.uv.cl.\/pdn\/?id=8979\" target=\"_blank\" rel=\"noopener\">V\u00eda: UV NOTICIAS<\/a><\/p>\n<p>[\/et_pb_text][\/et_pb_column][\/et_pb_row][et_pb_row][et_pb_column type=\u00bb4_4&#8243;][et_pb_gallery _builder_version=\u00bb3.0.78&#8243; posts_number=\u00bb13&#8243; show_title_and_caption=\u00bboff\u00bb show_pagination=\u00bboff\u00bb gallery_ids=\u00bb28978,28979,28980,28981,28982,28983,28984,28985,28986,28987,28988,28989,28990,28991&#8243; fullwidth=\u00bboff\u00bb orientation=\u00bblandscape\u00bb zoom_icon_color=\u00bb#2ea3f2&#8243; hover_overlay_color=\u00bbrgba(255,255,255,0.9)\u00bb background_layout=\u00bblight\u00bb pagination_font_size_tablet=\u00bb51&#8243; pagination_line_height_tablet=\u00bb2&#8243; border_style=\u00bbsolid\u00bb \/][\/et_pb_column][\/et_pb_row][\/et_pb_section]<\/p>\n","protected":false},"excerpt":{"rendered":"<p>[et_pb_section bb_built=\u00bb1&#8243;][et_pb_row][et_pb_column type=\u00bb4_4&#8243;][et_pb_video _builder_version=\u00bb3.0.78&#8243; src=\u00bbhttps:\/\/www.youtube.com\/watch?v=O0ne3Xr9rhE\u00bb play_icon_color=\u00bb#0c71c3&#8243; animation_style=\u00bbfade\u00bb \/][\/et_pb_column][\/et_pb_row][et_pb_row][et_pb_column type=\u00bb4_4&#8243;][et_pb_text _builder_version=\u00bb3.0.78&#8243; background_layout=\u00bblight\u00bb border_style=\u00bbsolid\u00bb] Ante sus orgullosos padres, amigos y profesores, 37 estudiantes de la Escuela de Obstetricia y Puericultura de la Universidad de Valpara\u00edso, pertenecientes a la promoci\u00f3n 2016 de la sede Valpara\u00edso, recibieron su t\u00edtulo profesional. El acto acad\u00e9mico se realiz\u00f3 en el auditorio de [&hellip;]<\/p>\n","protected":false},"author":2,"featured_media":28978,"comment_status":"open","ping_status":"open","sticky":false,"template":"","format":"standard","meta":{"footnotes":""},"categories":[31,5,4,23],"tags":[],"class_list":["post-28976","post","type-post","status-publish","format-standard","has-post-thumbnail","hentry","category-31","category-actividades","category-portada","category-valparaiso"],"_links":{"self":[{"href":"https:\/\/obstetricia.uv.cl\/inicio\/index.php\/wp-json\/wp\/v2\/posts\/28976","targetHints":{"allow":["GET"]}}],"collection":[{"href":"https:\/\/obstetricia.uv.cl\/inicio\/index.php\/wp-json\/wp\/v2\/posts"}],"about":[{"href":"https:\/\/obstetricia.uv.cl\/inicio\/index.php\/wp-json\/wp\/v2\/types\/post"}],"author":[{"embeddable":true,"href":"https:\/\/obstetricia.uv.cl\/inicio\/index.php\/wp-json\/wp\/v2\/users\/2"}],"replies":[{"embeddable":true,"href":"https:\/\/obstetricia.uv.cl\/inicio\/index.php\/wp-json\/wp\/v2\/comments?post=28976"}],"version-history":[{"count":0,"href":"https:\/\/obstetricia.uv.cl\/inicio\/index.php\/wp-json\/wp\/v2\/posts\/28976\/revisions"}],"wp:featuredmedia":[{"embeddable":true,"href":"https:\/\/obstetricia.uv.cl\/inicio\/index.php\/wp-json\/wp\/v2\/media\/28978"}],"wp:attachment":[{"href":"https:\/\/obstetricia.uv.cl\/inicio\/index.php\/wp-json\/wp\/v2\/media?parent=28976"}],"wp:term":[{"taxonomy":"category","embeddable":true,"href":"https:\/\/obstetricia.uv.cl\/inicio\/index.php\/wp-json\/wp\/v2\/categories?post=28976"},{"taxonomy":"post_tag","embeddable":true,"href":"https:\/\/obstetricia.uv.cl\/inicio\/index.php\/wp-json\/wp\/v2\/tags?post=28976"}],"curies":[{"name":"wp","href":"https:\/\/api.w.org\/{rel}","templated":true}]}}