{"id":29089,"date":"2017-11-02T12:53:51","date_gmt":"2017-11-02T15:53:51","guid":{"rendered":"https:\/\/obstetricia.uv.cl\/inicio\/?p=29089"},"modified":"2017-11-02T12:53:51","modified_gmt":"2017-11-02T15:53:51","slug":"campus-san-felipe-actividad-de-prevencion-del-cancer-de-mamas","status":"publish","type":"post","link":"https:\/\/obstetricia.uv.cl\/inicio\/index.php\/2017\/11\/02\/campus-san-felipe-actividad-de-prevencion-del-cancer-de-mamas\/","title":{"rendered":"Campus San Felipe: Actividad de prevenci\u00f3n del c\u00e1ncer de mamas"},"content":{"rendered":"<p>[et_pb_section bb_built=\u00bb1&#8243;][et_pb_row][et_pb_column type=\u00bb4_4&#8243;][et_pb_text _builder_version=\u00bb3.0.83&#8243;]<\/p>\n<p>El d\u00eda lunes 23 de octubre, la Escuela de Obstetricia y Puericultura campus San Felipe, representado por las estudiantes Javiera Anativia Menares, B\u00e1rbara Antonella \u00c1vila Soto y Kamila Carvacho Sandoval, acompa\u00f1adas por su docente Matr\u00f3n Patricio Brice\u00f1o, de la asignatura Atenci\u00f3n en Salud Familiar estuvieron a cargo de un panel educativo referente al mes del C\u00e1ncer de Mama.<\/p>\n<p>Dicha actividad se realiz\u00f3 en dependencias del CESFAM San Felipe El Real, en el cual desarrollaron la tem\u00e1tica con la poblaci\u00f3n consultante, mostrando t\u00e9cnica de Autoexamen de mama mediante el uso de fantomas y respondiendo a preguntas pertinentes principalmente las orientadas a los factores de riesgo y protectores, signos y s\u00edntomas de esta patolog\u00eda. Es importante destacar el inter\u00e9s que despert\u00f3 en la poblaci\u00f3n consultante que ingresaban al establecimiento, respecto del autoexamen y consultas de la patolog\u00eda propiamente tal. Se entreg\u00f3 al mismo tiempo a las usuarias externas, informaci\u00f3n resumida en un tr\u00edptico especialmente preparado para la ocasi\u00f3n y un recuerdo preparados por las estudiantes.<\/p>\n<p>[\/et_pb_text][et_pb_video _builder_version=\u00bb3.0.83&#8243; src=\u00bbhttps:\/\/youtu.be\/Tg3nHM7JgSo\u00bb \/][et_pb_gallery _builder_version=\u00bb3.0.83&#8243; gallery_orderby=\u00bbrand\u00bb posts_number=\u00bb6&#8243; show_title_and_caption=\u00bboff\u00bb show_pagination=\u00bbon\u00bb gallery_ids=\u00bb29090,29091,29092,29093,29094,29095&#8243; fullwidth=\u00bboff\u00bb orientation=\u00bblandscape\u00bb zoom_icon_color=\u00bb#2ea3f2&#8243; hover_overlay_color=\u00bbrgba(255,255,255,0.9)\u00bb background_layout=\u00bblight\u00bb pagination_font_size_tablet=\u00bb51&#8243; pagination_line_height_tablet=\u00bb2&#8243; \/][\/et_pb_column][\/et_pb_row][\/et_pb_section]<\/p>\n","protected":false},"excerpt":{"rendered":"<p>[et_pb_section bb_built=\u00bb1&#8243;][et_pb_row][et_pb_column type=\u00bb4_4&#8243;][et_pb_text _builder_version=\u00bb3.0.83&#8243;] El d\u00eda lunes 23 de octubre, la Escuela de Obstetricia y Puericultura campus San Felipe, representado por las estudiantes Javiera Anativia Menares, B\u00e1rbara Antonella \u00c1vila Soto y Kamila Carvacho Sandoval, acompa\u00f1adas por su docente Matr\u00f3n Patricio Brice\u00f1o, de la asignatura Atenci\u00f3n en Salud Familiar estuvieron a cargo de un panel educativo [&hellip;]<\/p>\n","protected":false},"author":2,"featured_media":29093,"comment_status":"open","ping_status":"open","sticky":false,"template":"","format":"standard","meta":{"footnotes":""},"categories":[31,5,4,24],"tags":[],"class_list":["post-29089","post","type-post","status-publish","format-standard","has-post-thumbnail","hentry","category-31","category-actividades","category-portada","category-san-felipe"],"_links":{"self":[{"href":"https:\/\/obstetricia.uv.cl\/inicio\/index.php\/wp-json\/wp\/v2\/posts\/29089","targetHints":{"allow":["GET"]}}],"collection":[{"href":"https:\/\/obstetricia.uv.cl\/inicio\/index.php\/wp-json\/wp\/v2\/posts"}],"about":[{"href":"https:\/\/obstetricia.uv.cl\/inicio\/index.php\/wp-json\/wp\/v2\/types\/post"}],"author":[{"embeddable":true,"href":"https:\/\/obstetricia.uv.cl\/inicio\/index.php\/wp-json\/wp\/v2\/users\/2"}],"replies":[{"embeddable":true,"href":"https:\/\/obstetricia.uv.cl\/inicio\/index.php\/wp-json\/wp\/v2\/comments?post=29089"}],"version-history":[{"count":0,"href":"https:\/\/obstetricia.uv.cl\/inicio\/index.php\/wp-json\/wp\/v2\/posts\/29089\/revisions"}],"wp:featuredmedia":[{"embeddable":true,"href":"https:\/\/obstetricia.uv.cl\/inicio\/index.php\/wp-json\/wp\/v2\/media\/29093"}],"wp:attachment":[{"href":"https:\/\/obstetricia.uv.cl\/inicio\/index.php\/wp-json\/wp\/v2\/media?parent=29089"}],"wp:term":[{"taxonomy":"category","embeddable":true,"href":"https:\/\/obstetricia.uv.cl\/inicio\/index.php\/wp-json\/wp\/v2\/categories?post=29089"},{"taxonomy":"post_tag","embeddable":true,"href":"https:\/\/obstetricia.uv.cl\/inicio\/index.php\/wp-json\/wp\/v2\/tags?post=29089"}],"curies":[{"name":"wp","href":"https:\/\/api.w.org\/{rel}","templated":true}]}}