{"id":29116,"date":"2017-11-23T09:31:01","date_gmt":"2017-11-23T12:31:01","guid":{"rendered":"https:\/\/obstetricia.uv.cl\/inicio\/?p=29116"},"modified":"2017-11-23T09:31:01","modified_gmt":"2017-11-23T12:31:01","slug":"san-felipe-celebracion-dia-internacional-del-prematuro","status":"publish","type":"post","link":"https:\/\/obstetricia.uv.cl\/inicio\/index.php\/2017\/11\/23\/san-felipe-celebracion-dia-internacional-del-prematuro\/","title":{"rendered":"San Felipe: Celebraci\u00f3n D\u00eda Internacional del Prematuro"},"content":{"rendered":"<p>[et_pb_section bb_built=\u00bb1&#8243;][et_pb_row][et_pb_column type=\u00bb4_4&#8243;][et_pb_text]<\/p>\n<p>El d\u00eda viernes 17 de noviembre del presente a\u00f1o, se celebr\u00f3 el d\u00eda internacional del prematuro, en este marco la Unidad de Extensi\u00f3n y vinculo de la Escuela de Obstetricia y puericultura de la Universidad de Valpara\u00edso del Campus San Felipe, se hizo presente, en una actividad organizada en conjunto con el Servicio de Neonatolog\u00eda del Hospital San Camilo.<\/p>\n<p>En dicha actividad nuestros estudiantes presentaron un stand en el hall central del establecimiento hospitalario, donde se mostraron im\u00e1genes alusivas al rol del profesional matrona\/\u00f3n en las unidades de neonatolog\u00eda, tambi\u00e9n se presentaron al p\u00fablico equipos como incubadoras y cunas radiantes facilitadas por el servicio de Neonatolog\u00eda.<\/p>\n<p>En la jornada de la tarde, se realiz\u00f3 una once para los ni\u00f1os prematuros y sus padres, en la que los estudiantes presentaron un show de marionetas, payasos y pinta caritas.<\/p>\n<p>La actividad estuvo coordinada por los profesores Juan Pablo Rojas, Cynthia Carrasco Carr\u00e9 y el matr\u00f3n supervisor de la Unidad de Neonatolog\u00eda Joaqu\u00edn Lillo Leal, y las matronas Laura Aguilera Beovides y Ver\u00f3nica Barria Aguilar.\u00a0 La actividad fue muy valorada por parte de la comunidad y represento una instancia importante de vinculo cooperativo entre la Escuela y el campo cl\u00ednico<\/p>\n<p>Profesor Juan Pablo Rojas Beytia<br \/>\nDepartamento Neonatolog\u00eda<br \/>\nCampus San Felipe<\/p>\n<p>[\/et_pb_text][et_pb_gallery _builder_version=\u00bb3.0.83&#8243; gallery_orderby=\u00bbrand\u00bb posts_number=\u00bb8&#8243; show_title_and_caption=\u00bboff\u00bb show_pagination=\u00bboff\u00bb gallery_ids=\u00bb29117,29118,29119,29120,29121,29122,29123,29124&#8243; fullwidth=\u00bboff\u00bb orientation=\u00bblandscape\u00bb zoom_icon_color=\u00bb#2ea3f2&#8243; hover_overlay_color=\u00bbrgba(255,255,255,0.9)\u00bb background_layout=\u00bblight\u00bb pagination_font_size_tablet=\u00bb51&#8243; pagination_line_height_tablet=\u00bb2&#8243; \/][\/et_pb_column][\/et_pb_row][\/et_pb_section]<\/p>\n","protected":false},"excerpt":{"rendered":"<p>[et_pb_section bb_built=\u00bb1&#8243;][et_pb_row][et_pb_column type=\u00bb4_4&#8243;][et_pb_text] El d\u00eda viernes 17 de noviembre del presente a\u00f1o, se celebr\u00f3 el d\u00eda internacional del prematuro, en este marco la Unidad de Extensi\u00f3n y vinculo de la Escuela de Obstetricia y puericultura de la Universidad de Valpara\u00edso del Campus San Felipe, se hizo presente, en una actividad organizada en conjunto con el [&hellip;]<\/p>\n","protected":false},"author":2,"featured_media":29118,"comment_status":"open","ping_status":"open","sticky":false,"template":"","format":"standard","meta":{"footnotes":""},"categories":[31,5,24],"tags":[],"class_list":["post-29116","post","type-post","status-publish","format-standard","has-post-thumbnail","hentry","category-31","category-actividades","category-san-felipe"],"_links":{"self":[{"href":"https:\/\/obstetricia.uv.cl\/inicio\/index.php\/wp-json\/wp\/v2\/posts\/29116","targetHints":{"allow":["GET"]}}],"collection":[{"href":"https:\/\/obstetricia.uv.cl\/inicio\/index.php\/wp-json\/wp\/v2\/posts"}],"about":[{"href":"https:\/\/obstetricia.uv.cl\/inicio\/index.php\/wp-json\/wp\/v2\/types\/post"}],"author":[{"embeddable":true,"href":"https:\/\/obstetricia.uv.cl\/inicio\/index.php\/wp-json\/wp\/v2\/users\/2"}],"replies":[{"embeddable":true,"href":"https:\/\/obstetricia.uv.cl\/inicio\/index.php\/wp-json\/wp\/v2\/comments?post=29116"}],"version-history":[{"count":0,"href":"https:\/\/obstetricia.uv.cl\/inicio\/index.php\/wp-json\/wp\/v2\/posts\/29116\/revisions"}],"wp:featuredmedia":[{"embeddable":true,"href":"https:\/\/obstetricia.uv.cl\/inicio\/index.php\/wp-json\/wp\/v2\/media\/29118"}],"wp:attachment":[{"href":"https:\/\/obstetricia.uv.cl\/inicio\/index.php\/wp-json\/wp\/v2\/media?parent=29116"}],"wp:term":[{"taxonomy":"category","embeddable":true,"href":"https:\/\/obstetricia.uv.cl\/inicio\/index.php\/wp-json\/wp\/v2\/categories?post=29116"},{"taxonomy":"post_tag","embeddable":true,"href":"https:\/\/obstetricia.uv.cl\/inicio\/index.php\/wp-json\/wp\/v2\/tags?post=29116"}],"curies":[{"name":"wp","href":"https:\/\/api.w.org\/{rel}","templated":true}]}}