{"id":29145,"date":"2017-12-13T10:25:32","date_gmt":"2017-12-13T13:25:32","guid":{"rendered":"https:\/\/obstetricia.uv.cl\/inicio\/?p=29145"},"modified":"2017-12-13T10:25:51","modified_gmt":"2017-12-13T13:25:51","slug":"uvec-especialidad-en-neonatologia-2017","status":"publish","type":"post","link":"https:\/\/obstetricia.uv.cl\/inicio\/index.php\/2017\/12\/13\/uvec-especialidad-en-neonatologia-2017\/","title":{"rendered":"[UVEC]: Especialidad en Neonatolog\u00eda 2017"},"content":{"rendered":"<p>Con gran orgullo informamos a nuestra comunidad que las estudiantes de la Especializaci\u00f3n de Neonatolog\u00eda (versi\u00f3n 2017) han finalizado satisfactoriamente el bloque te\u00f3rico aprobando las asignaturas de:<\/p>\n<ul>\n<li>Salud Fetal<\/li>\n<li>Neonatolog\u00eda<\/li>\n<li>Gesti\u00f3n en Neonatolog\u00eda<\/li>\n<li>Bio\u00e9tica Aplicada<\/li>\n<li>Investigaci\u00f3n Aplicada<\/li>\n<\/ul>\n<p>Actualmente se encuentran cursando el m\u00f3dulo pr\u00e1ctico de cuidados intermedios e intensivos. Como equipo docente les deseamos mucho \u00e9xito en los desaf\u00edos que esta pasant\u00eda significa para su formaci\u00f3n profesional.<\/p>\n","protected":false},"excerpt":{"rendered":"<p>Con gran orgullo informamos a nuestra comunidad que las estudiantes de la Especializaci\u00f3n de Neonatolog\u00eda (versi\u00f3n 2017) han finalizado satisfactoriamente el bloque te\u00f3rico aprobando las asignaturas de: Salud Fetal Neonatolog\u00eda Gesti\u00f3n en Neonatolog\u00eda Bio\u00e9tica Aplicada Investigaci\u00f3n Aplicada Actualmente se encuentran cursando el m\u00f3dulo pr\u00e1ctico de cuidados intermedios e intensivos. Como equipo docente les deseamos mucho [&hellip;]<\/p>\n","protected":false},"author":2,"featured_media":29147,"comment_status":"open","ping_status":"open","sticky":false,"template":"","format":"standard","meta":{"footnotes":""},"categories":[31,5,33,4,23],"tags":[],"class_list":["post-29145","post","type-post","status-publish","format-standard","has-post-thumbnail","hentry","category-31","category-actividades","category-general","category-portada","category-valparaiso"],"_links":{"self":[{"href":"https:\/\/obstetricia.uv.cl\/inicio\/index.php\/wp-json\/wp\/v2\/posts\/29145","targetHints":{"allow":["GET"]}}],"collection":[{"href":"https:\/\/obstetricia.uv.cl\/inicio\/index.php\/wp-json\/wp\/v2\/posts"}],"about":[{"href":"https:\/\/obstetricia.uv.cl\/inicio\/index.php\/wp-json\/wp\/v2\/types\/post"}],"author":[{"embeddable":true,"href":"https:\/\/obstetricia.uv.cl\/inicio\/index.php\/wp-json\/wp\/v2\/users\/2"}],"replies":[{"embeddable":true,"href":"https:\/\/obstetricia.uv.cl\/inicio\/index.php\/wp-json\/wp\/v2\/comments?post=29145"}],"version-history":[{"count":0,"href":"https:\/\/obstetricia.uv.cl\/inicio\/index.php\/wp-json\/wp\/v2\/posts\/29145\/revisions"}],"wp:featuredmedia":[{"embeddable":true,"href":"https:\/\/obstetricia.uv.cl\/inicio\/index.php\/wp-json\/wp\/v2\/media\/29147"}],"wp:attachment":[{"href":"https:\/\/obstetricia.uv.cl\/inicio\/index.php\/wp-json\/wp\/v2\/media?parent=29145"}],"wp:term":[{"taxonomy":"category","embeddable":true,"href":"https:\/\/obstetricia.uv.cl\/inicio\/index.php\/wp-json\/wp\/v2\/categories?post=29145"},{"taxonomy":"post_tag","embeddable":true,"href":"https:\/\/obstetricia.uv.cl\/inicio\/index.php\/wp-json\/wp\/v2\/tags?post=29145"}],"curies":[{"name":"wp","href":"https:\/\/api.w.org\/{rel}","templated":true}]}}