{"id":29171,"date":"2017-12-28T12:24:55","date_gmt":"2017-12-28T15:24:55","guid":{"rendered":"https:\/\/obstetricia.uv.cl\/inicio\/?p=29171"},"modified":"2017-12-28T12:24:55","modified_gmt":"2017-12-28T15:24:55","slug":"jornada-de-presentacion-de-resultados-de-investigacion-hacia-el-parto-personalizado-desde-la-perspectiva-de-los-distintos-actores-revision-de-la-literatura-chile-y-a-l","status":"publish","type":"post","link":"https:\/\/obstetricia.uv.cl\/inicio\/index.php\/2017\/12\/28\/jornada-de-presentacion-de-resultados-de-investigacion-hacia-el-parto-personalizado-desde-la-perspectiva-de-los-distintos-actores-revision-de-la-literatura-chile-y-a-l\/","title":{"rendered":"JORNADA DE PRESENTACI\u00d3N DE RESULTADOS DE INVESTIGACI\u00d3N: HACIA EL PARTO PERSONALIZADO DESDE LA PERSPECTIVA DE LOS DISTINTOS ACTORES REVISI\u00d3N DE LA LITERATURA CHILE Y A.L."},"content":{"rendered":"<p>Tenemos el agrado de compartir con toda nuestra comunidad educativa la primera jornada de difusi\u00f3n de resultados sobre el Proyecto FONIS SA15I20070: \u00abHACIA EL PARTO PERSONALIZADO DESDE LA PERSPECTIVA DE LOS DISTINTOS ACTORES Revisi\u00f3n de la literatura chile y a.l.\u00bb.<\/p>\n<p>El prop\u00f3sito fue\u00a0presentar y reflexionar acerca de resultados de una revisi\u00f3n sistem\u00e1tica acerca del tema de la personalizaci\u00f3n de la atenci\u00f3n del parto, y del concepto de violencia obst\u00e9trica, desde la mirada de distintos actores involucrados: usuarios, profesionales de salud, instancias gubernamentales e institucionales, legislativas, sociales, mundo acad\u00e9mico. Durante la jornada se presentaron los resultados y se realiz\u00f3 un intercambio en relaci\u00f3n a los distintos actores en el tema, qu\u00e9 avances hay, cu\u00e1les son los aspectos facilitadores, cu\u00e1les las dificultades, cu\u00e1les las propuestas locales y viabilidad.<\/p>\n<p>Felicitamos al equipo investigador por el profesionalismo y calidad de su trabajo.<\/p>\n<p><img loading=\"lazy\" decoding=\"async\" class=\"aligncenter size-large wp-image-29173\" src=\"https:\/\/obstetricia.uv.cl\/inicio\/wp-content\/uploads\/2017\/12\/Foto-jornada-difusio\u0301n-3-768x1024.jpg\" alt=\"\" width=\"768\" height=\"1024\" srcset=\"https:\/\/obstetricia.uv.cl\/inicio\/wp-content\/uploads\/2017\/12\/Foto-jornada-difusio\u0301n-3-768x1024.jpg 768w, https:\/\/obstetricia.uv.cl\/inicio\/wp-content\/uploads\/2017\/12\/Foto-jornada-difusio\u0301n-3-225x300.jpg 225w, https:\/\/obstetricia.uv.cl\/inicio\/wp-content\/uploads\/2017\/12\/Foto-jornada-difusio\u0301n-3.jpg 1000w\" sizes=\"auto, (max-width: 768px) 100vw, 768px\" \/><\/p>\n","protected":false},"excerpt":{"rendered":"<p>Tenemos el agrado de compartir con toda nuestra comunidad educativa la primera jornada de difusi\u00f3n de resultados sobre el Proyecto FONIS SA15I20070: \u00abHACIA EL PARTO PERSONALIZADO DESDE LA PERSPECTIVA DE LOS DISTINTOS ACTORES Revisi\u00f3n de la literatura chile y a.l.\u00bb. El prop\u00f3sito fue\u00a0presentar y reflexionar acerca de resultados de una revisi\u00f3n sistem\u00e1tica acerca del tema [&hellip;]<\/p>\n","protected":false},"author":2,"featured_media":29172,"comment_status":"open","ping_status":"open","sticky":false,"template":"","format":"standard","meta":{"footnotes":""},"categories":[31,5,24],"tags":[37,36,17,18],"class_list":["post-29171","post","type-post","status-publish","format-standard","has-post-thumbnail","hentry","category-31","category-actividades","category-san-felipe","tag-fonis","tag-investigacion","tag-jornada","tag-san-felipe"],"_links":{"self":[{"href":"https:\/\/obstetricia.uv.cl\/inicio\/index.php\/wp-json\/wp\/v2\/posts\/29171","targetHints":{"allow":["GET"]}}],"collection":[{"href":"https:\/\/obstetricia.uv.cl\/inicio\/index.php\/wp-json\/wp\/v2\/posts"}],"about":[{"href":"https:\/\/obstetricia.uv.cl\/inicio\/index.php\/wp-json\/wp\/v2\/types\/post"}],"author":[{"embeddable":true,"href":"https:\/\/obstetricia.uv.cl\/inicio\/index.php\/wp-json\/wp\/v2\/users\/2"}],"replies":[{"embeddable":true,"href":"https:\/\/obstetricia.uv.cl\/inicio\/index.php\/wp-json\/wp\/v2\/comments?post=29171"}],"version-history":[{"count":0,"href":"https:\/\/obstetricia.uv.cl\/inicio\/index.php\/wp-json\/wp\/v2\/posts\/29171\/revisions"}],"wp:featuredmedia":[{"embeddable":true,"href":"https:\/\/obstetricia.uv.cl\/inicio\/index.php\/wp-json\/wp\/v2\/media\/29172"}],"wp:attachment":[{"href":"https:\/\/obstetricia.uv.cl\/inicio\/index.php\/wp-json\/wp\/v2\/media?parent=29171"}],"wp:term":[{"taxonomy":"category","embeddable":true,"href":"https:\/\/obstetricia.uv.cl\/inicio\/index.php\/wp-json\/wp\/v2\/categories?post=29171"},{"taxonomy":"post_tag","embeddable":true,"href":"https:\/\/obstetricia.uv.cl\/inicio\/index.php\/wp-json\/wp\/v2\/tags?post=29171"}],"curies":[{"name":"wp","href":"https:\/\/api.w.org\/{rel}","templated":true}]}}