{"id":29186,"date":"2018-01-08T09:07:47","date_gmt":"2018-01-08T12:07:47","guid":{"rendered":"https:\/\/obstetricia.uv.cl\/inicio\/?p=29186"},"modified":"2018-01-08T09:07:47","modified_gmt":"2018-01-08T12:07:47","slug":"isabel-siefer-y-paula-oyarzun-asumen-la-direccion-en-enfermeria-y-obstetricia-y-puericultura","status":"publish","type":"post","link":"https:\/\/obstetricia.uv.cl\/inicio\/index.php\/2018\/01\/08\/isabel-siefer-y-paula-oyarzun-asumen-la-direccion-en-enfermeria-y-obstetricia-y-puericultura\/","title":{"rendered":"Isabel Siefer y Paula Oyarz\u00fan asumen la direcci\u00f3n en Enfermer\u00eda y Obstetricia y Puericultura"},"content":{"rendered":"<p>Con nuevas directoras contar\u00e1n a partir de marzo pr\u00f3ximo las escuelas de Enfermer\u00eda y de Obstetricia y Puericultura de la Universidad de Valpara\u00edso.<\/p>\n<p>Se trata de las profesoras Isabel Siefer Navas y Paula Oyarz\u00fan Andrade, respectivamente, quienes resultaron electas en las votaciones de sus correspondientes claustros acad\u00e9micos como parte de las elecciones generales para directores de las distintas escuelas que integran la Facultad de Medicina, que se celebraron los d\u00edas 18 y 19 de diciembre pasado.<\/p>\n<p>Isabel Siefer suceder\u00e1 en el cargo a Liliana Past\u00e9n Ib\u00e1\u00f1ez, quien ha ejercido la direcci\u00f3n de la Escuela de Enfermer\u00eda durante los \u00faltimos nueve a\u00f1os y medio, en tanto que la Paula Oyarz\u00fan reemplazar\u00e1 a Ana Mar\u00eda Alvarado Vargas, quien en agosto de 2016 fue nombrada directora de Obstetricia y Puericultura en calidad de subrogante y que tambi\u00e9n desempe\u00f1\u00f3 dicha funci\u00f3n entre 2010 y 2012, tras ser elegida como tal por sus pares.<\/p>\n<p>Isabel Siefer es enfermera-matrona y mag\u00edster en Enfermer\u00eda Gerontogeri\u00e1trica, en tanto que Paula Oyarz\u00fan es matrona especialista en Perinatolog\u00eda, mag\u00edster en Docencia para la Educaci\u00f3n Superior y en la actualidad se encuentra cursando un doctorado en Educaci\u00f3n y Sociedad.<\/p>\n<p><b>Ratificaci\u00f3n<\/b><\/p>\n<p>En las otras seis escuelas que integran la Facultad de Medicina de la UV los claustros acad\u00e9micos respectivos ratificaron en sus cargos, y por los pr\u00f3ximos tres a\u00f1os, a sus actuales directores: en Educaci\u00f3n Parvularia, a Mar\u00eda Irma Bustos Venegas; en Fonoaudiolog\u00eda, a Patricio Valdebenito Villena; en Kinesiolog\u00eda, a Andr\u00e9s Orellana Uribe; en Medicina, a Rodrigo Vergara Fisher; en Psicolog\u00eda, a Gonzalo Lira Mendiguren, y en Tecnolog\u00eda M\u00e9dica, a Andr\u00e9s Ibarra P\u00e9rez.<\/p>\n<p>Los resultados del proceso fueron ratificados y validados por la junta electoral de la Facultad, que preside la secretaria de la misma, Jessica Mc Cawley, quien levant\u00f3 el acta oficial. \u00c9sta le fue remitida al decano de la Facultad, quien tras verificar los resultados hizo llegar la misma al rector de la Universidad, Aldo Valle, para su correspondiente oficializaci\u00f3n.<\/p>\n<p><a href=\"http:\/\/www.uv.cl.\/pdn\/?id=9302\" target=\"_blank\" rel=\"noopener\">V\u00eda: UV Noticias<\/a><\/p>\n","protected":false},"excerpt":{"rendered":"<p>Con nuevas directoras contar\u00e1n a partir de marzo pr\u00f3ximo las escuelas de Enfermer\u00eda y de Obstetricia y Puericultura de la Universidad de Valpara\u00edso. Se trata de las profesoras Isabel Siefer Navas y Paula Oyarz\u00fan Andrade, respectivamente, quienes resultaron electas en las votaciones de sus correspondientes claustros acad\u00e9micos como parte de las elecciones generales para directores [&hellip;]<\/p>\n","protected":false},"author":2,"featured_media":29187,"comment_status":"open","ping_status":"open","sticky":false,"template":"","format":"standard","meta":{"footnotes":""},"categories":[38,5,4,24,23],"tags":[],"class_list":["post-29186","post","type-post","status-publish","format-standard","has-post-thumbnail","hentry","category-38","category-actividades","category-portada","category-san-felipe","category-valparaiso"],"_links":{"self":[{"href":"https:\/\/obstetricia.uv.cl\/inicio\/index.php\/wp-json\/wp\/v2\/posts\/29186","targetHints":{"allow":["GET"]}}],"collection":[{"href":"https:\/\/obstetricia.uv.cl\/inicio\/index.php\/wp-json\/wp\/v2\/posts"}],"about":[{"href":"https:\/\/obstetricia.uv.cl\/inicio\/index.php\/wp-json\/wp\/v2\/types\/post"}],"author":[{"embeddable":true,"href":"https:\/\/obstetricia.uv.cl\/inicio\/index.php\/wp-json\/wp\/v2\/users\/2"}],"replies":[{"embeddable":true,"href":"https:\/\/obstetricia.uv.cl\/inicio\/index.php\/wp-json\/wp\/v2\/comments?post=29186"}],"version-history":[{"count":0,"href":"https:\/\/obstetricia.uv.cl\/inicio\/index.php\/wp-json\/wp\/v2\/posts\/29186\/revisions"}],"wp:featuredmedia":[{"embeddable":true,"href":"https:\/\/obstetricia.uv.cl\/inicio\/index.php\/wp-json\/wp\/v2\/media\/29187"}],"wp:attachment":[{"href":"https:\/\/obstetricia.uv.cl\/inicio\/index.php\/wp-json\/wp\/v2\/media?parent=29186"}],"wp:term":[{"taxonomy":"category","embeddable":true,"href":"https:\/\/obstetricia.uv.cl\/inicio\/index.php\/wp-json\/wp\/v2\/categories?post=29186"},{"taxonomy":"post_tag","embeddable":true,"href":"https:\/\/obstetricia.uv.cl\/inicio\/index.php\/wp-json\/wp\/v2\/tags?post=29186"}],"curies":[{"name":"wp","href":"https:\/\/api.w.org\/{rel}","templated":true}]}}