{"id":29530,"date":"2018-03-15T12:46:19","date_gmt":"2018-03-15T15:46:19","guid":{"rendered":"https:\/\/obstetricia.uv.cl\/inicio\/?p=29530"},"modified":"2018-03-15T12:47:28","modified_gmt":"2018-03-15T15:47:28","slug":"29530","status":"publish","type":"post","link":"https:\/\/obstetricia.uv.cl\/inicio\/index.php\/2018\/03\/15\/29530\/","title":{"rendered":"Visita Internacional de la Alta Escuela Vinci de Bruselas del Instituto Parnasse \u2013 Isei, B\u00e9lgica en nuestra escuela"},"content":{"rendered":"<p>[et_pb_section bb_built=\u00bb1&#8243;][et_pb_row][et_pb_column type=\u00bb4_4&#8243;][et_pb_text _builder_version=\u00bb3.0.98&#8243; background_layout=\u00bblight\u00bb]<\/p>\n<p>Los d\u00edas Martes 6 y Mi\u00e9rcoles 7 de Marzo, nuestra escuela tuvo el honor de recibir a un equipo acad\u00e9mico\u00a0<span lang=\"es-ES\">del Departamento de Matronas y Especializaci\u00f3n en Salud Comunitaria de la Alta Escuela Vinci de Bruselas del Instituto Parnasse \u2013 Isei, B\u00e9lgica. <\/span><\/p>\n<p><span lang=\"es-ES\">En esta visita reflexionamos sobre la formaci\u00f3n universitaria del profesional Enfermera y Matrona de la Facultad de Medicina de la Universidad de Valpara\u00edso en el \u00e1rea de la Salud Comunitaria, agradecemos enormemente la posibilidad de crear lazos y compartir experiencias.<\/span><\/p>\n<p>[\/et_pb_text][et_pb_gallery _builder_version=\u00bb3.0.98&#8243; posts_number=\u00bb2&#8243; show_title_and_caption=\u00bboff\u00bb show_pagination=\u00bbon\u00bb gallery_ids=\u00bb29531,29532&#8243; fullwidth=\u00bboff\u00bb orientation=\u00bblandscape\u00bb hover_overlay_color=\u00bbrgba(255,255,255,0.9)\u00bb background_layout=\u00bblight\u00bb pagination_font_size_tablet=\u00bb51&#8243; pagination_line_height_tablet=\u00bb2&#8243; \/][\/et_pb_column][\/et_pb_row][\/et_pb_section]<\/p>\n","protected":false},"excerpt":{"rendered":"<p>[et_pb_section bb_built=\u00bb1&#8243;][et_pb_row][et_pb_column type=\u00bb4_4&#8243;][et_pb_text _builder_version=\u00bb3.0.98&#8243; background_layout=\u00bblight\u00bb] Los d\u00edas Martes 6 y Mi\u00e9rcoles 7 de Marzo, nuestra escuela tuvo el honor de recibir a un equipo acad\u00e9mico\u00a0del Departamento de Matronas y Especializaci\u00f3n en Salud Comunitaria de la Alta Escuela Vinci de Bruselas del Instituto Parnasse \u2013 Isei, B\u00e9lgica. En esta visita reflexionamos sobre la formaci\u00f3n universitaria del [&hellip;]<\/p>\n","protected":false},"author":2,"featured_media":29531,"comment_status":"open","ping_status":"open","sticky":false,"template":"","format":"standard","meta":{"footnotes":""},"categories":[38,5,4,24,23],"tags":[],"class_list":["post-29530","post","type-post","status-publish","format-standard","has-post-thumbnail","hentry","category-38","category-actividades","category-portada","category-san-felipe","category-valparaiso"],"_links":{"self":[{"href":"https:\/\/obstetricia.uv.cl\/inicio\/index.php\/wp-json\/wp\/v2\/posts\/29530","targetHints":{"allow":["GET"]}}],"collection":[{"href":"https:\/\/obstetricia.uv.cl\/inicio\/index.php\/wp-json\/wp\/v2\/posts"}],"about":[{"href":"https:\/\/obstetricia.uv.cl\/inicio\/index.php\/wp-json\/wp\/v2\/types\/post"}],"author":[{"embeddable":true,"href":"https:\/\/obstetricia.uv.cl\/inicio\/index.php\/wp-json\/wp\/v2\/users\/2"}],"replies":[{"embeddable":true,"href":"https:\/\/obstetricia.uv.cl\/inicio\/index.php\/wp-json\/wp\/v2\/comments?post=29530"}],"version-history":[{"count":0,"href":"https:\/\/obstetricia.uv.cl\/inicio\/index.php\/wp-json\/wp\/v2\/posts\/29530\/revisions"}],"wp:featuredmedia":[{"embeddable":true,"href":"https:\/\/obstetricia.uv.cl\/inicio\/index.php\/wp-json\/wp\/v2\/media\/29531"}],"wp:attachment":[{"href":"https:\/\/obstetricia.uv.cl\/inicio\/index.php\/wp-json\/wp\/v2\/media?parent=29530"}],"wp:term":[{"taxonomy":"category","embeddable":true,"href":"https:\/\/obstetricia.uv.cl\/inicio\/index.php\/wp-json\/wp\/v2\/categories?post=29530"},{"taxonomy":"post_tag","embeddable":true,"href":"https:\/\/obstetricia.uv.cl\/inicio\/index.php\/wp-json\/wp\/v2\/tags?post=29530"}],"curies":[{"name":"wp","href":"https:\/\/api.w.org\/{rel}","templated":true}]}}