{"id":29548,"date":"2018-03-22T18:08:38","date_gmt":"2018-03-22T21:08:38","guid":{"rendered":"https:\/\/obstetricia.uv.cl\/inicio\/?p=29548"},"modified":"2018-03-27T10:22:23","modified_gmt":"2018-03-27T13:22:23","slug":"la-importancia-de-fijar-estandares-para-la-realizacion-de-ecografias-obstetricas-y-ginecologicas","status":"publish","type":"post","link":"https:\/\/obstetricia.uv.cl\/inicio\/index.php\/2018\/03\/22\/la-importancia-de-fijar-estandares-para-la-realizacion-de-ecografias-obstetricas-y-ginecologicas\/","title":{"rendered":"La importancia de fijar est\u00e1ndares para la  realizaci\u00f3n de ecograf\u00edas obst\u00e9tricas y ginecol\u00f3gicas"},"content":{"rendered":"<p>[et_pb_section bb_built=\u00bb1&#8243; _builder_version=\u00bb3.0.47&#8243;][et_pb_row _builder_version=\u00bb3.0.47&#8243; background_size=\u00bbinitial\u00bb background_position=\u00bbtop_left\u00bb background_repeat=\u00bbrepeat\u00bb][et_pb_column type=\u00bb2_3&#8243;][et_pb_text _builder_version=\u00bb3.0.98&#8243;]<\/p>\n<p style=\"text-align: justify;\"><span style=\"font-weight: 400;\">El 8 de marzo pasado, el Ministerio de Salud (Minsal) public\u00f3 el documento \u00ab<\/span><span style=\"font-weight: 400;\">Est\u00e1ndares para la formaci\u00f3n en ecograf\u00eda obst\u00e9trica-ginecol\u00f3gica para matronas y matrones de la atenci\u00f3n primaria\u201d, el cual representa un gran avance tanto para los profesionales que trabajan en dicho \u00e1mbito como para los que desean adquirir dicha especialidad -antes exclusiva de los m\u00e9dicos-, en particular en el \u00e1rea de la ultrasonograf\u00eda.<\/span><\/p>\n<p style=\"text-align: justify;\"><span style=\"font-weight: 400;\">Esto supone al mismo tiempo un desaf\u00edo para las instituciones que forman a estos especialistas, como la Escuela de Obstetricia y Puericultura de la Universidad de Valpara\u00edso, plantel que hace algunos a\u00f1os decidi\u00f3 impartir un diploma de post\u00edtulo en Ecograf\u00eda Obst\u00e9trica que ya est\u00e1 finalizando su cuarta versi\u00f3n.<\/span><\/p>\n<p style=\"text-align: justify;\"><span style=\"font-weight: 400;\">El Equipo de trabajo de este programa est\u00e1 integrado por docentes de este plantel, m\u00e9dicos de la Red Asistencial y matrones y matronas con vasta experiencia profesional, quienes en la actualidad se encuentran abocados a la tarea de actualizar su plan de estudios para cumplir con los nuevos est\u00e1ndares definidos por el Minsal.<\/span><\/p>\n<p style=\"text-align: justify;\"><span style=\"font-weight: 400;\">En efecto, en su af\u00e1n de mejorar la cobertura y el acceso a atenci\u00f3n de calidad, el citado Ministerio ha definido una serie de elementos que deben estar presente en los programas que forman especialista en ultrasonograf\u00eda obst\u00e9trica y ginecol\u00f3gica, dentro de los cuales destaca la necesidad de que las instituciones que lo impartan deben ser -en exclusivo- \u00a0universidades acreditadas por la Comisi\u00f3n Nacional de Acreditaci\u00f3n (CNA). \u00a0Ese es el caso de la Universidad de Valpara\u00edso, que se encuentra acreditada por cinco a\u00f1os, al igual que la Escuela de Obstetricia y Puericultura, que logr\u00f3 su certificaci\u00f3n por seis a\u00f1os en julio de 2017.<\/span><\/p>\n<p style=\"text-align: justify;\"><span style=\"font-weight: 400;\">Esto \u00faltimo supone, adem\u00e1s, asegurar la calidad de la formaci\u00f3n y el prestigio de un diploma de postgrado que -en nuestro caso- ya cuenta con tres generaciones de titulados, los cuales se desempe\u00f1an en diferentes regiones del pa\u00eds. Esto ha contribuido, asimismo, a disminuir las inequidades que se presentan en el sistema de salud, ya que cada vez hay m\u00e1s profesionales matronas y matrones brindando una atenci\u00f3n de calidad y humana, mejorando la pesquisa precoz de alteraciones durante la gestaci\u00f3n y derivando al especialista correspondiente.<\/span><\/p>\n<p style=\"text-align: justify;\"><span style=\"font-weight: 400;\">Por todo lo anterior, invitamos a todos quienes integran esta comunidad universitaria a motivarse en esta \u00e1rea, cuyo desarrollo permite mejorar indicadores de salud a nivel nacional.<\/span><\/p>\n<p>&nbsp;<\/p>\n<p><span style=\"font-weight: 400;\">Prof. Danilo Zamorano D\u00edaz<br \/>\n<\/span><span style=\"font-weight: 400;\">Director de Vinculaci\u00f3n con el Medio y Extensi\u00f3n<br \/>\n<\/span><span style=\"font-weight: 400;\">Escuela de Obstetricia y Puericultura<br \/>\n<\/span><span style=\"font-weight: 400;\">Universidad de Valpara\u00edso<\/span><\/p>\n<p>[\/et_pb_text][\/et_pb_column][et_pb_column type=\u00bb1_3&#8243;][et_pb_image src=\u00bbhttps:\/\/obstetricia.uv.cl\/inicio\/wp-content\/uploads\/2018\/03\/02.jpeg\u00bb align=\u00bbcenter\u00bb _builder_version=\u00bb3.0.98&#8243; box_shadow_style=\u00bbpreset4&#8243;]<\/p>\n<p>&nbsp;<\/p>\n<p>[\/et_pb_image][et_pb_video src=\u00bbhttps:\/\/youtu.be\/TFwI6EXVywI\u00bb _builder_version=\u00bb3.0.98&#8243;]<\/p>\n<p>&nbsp;<\/p>\n<p>[\/et_pb_video][\/et_pb_column][\/et_pb_row][et_pb_row][et_pb_column type=\u00bb1_3&#8243;][et_pb_button _builder_version=\u00bb3.0.98&#8243; button_text=\u00bbDescargar Resoluci\u00f3n del Ministerio de Salud\u00bb button_url=\u00bbhttps:\/\/obstetricia.uv.cl\/inicio\/wp-content\/uploads\/2018\/03\/R-E-384-y-Esta\u0301ndares-para-la-formacio\u0301n-en-Eco-Obste\u0301trica-y-Ginecolo\u0301gica-para-matronases-APS_080318-1.pdf\u00bb url_new_window=\u00bbon\u00bb background_layout=\u00bbdark\u00bb custom_button=\u00bbon\u00bb button_icon_placement=\u00bbright\u00bb button_alignment=\u00bbcenter\u00bb button_bg_color=\u00bb#e02b20&#8243; \/][\/et_pb_column][et_pb_column type=\u00bb2_3&#8243;][et_pb_text _builder_version=\u00bb3.0.98&#8243; background_layout=\u00bblight\u00bb]<\/p>\n\n<div uk-grid class=\"uk-child-width-1-3\">\n\n            <div class='uk-text-center'>\n\n            \n            <img loading=\"lazy\" decoding=\"async\" width=\"150\" height=\"150\" src=\"https:\/\/obstetricia.uv.cl\/inicio\/wp-content\/uploads\/2018\/03\/04-150x150.jpeg\" class=\"attachment-thumbnail size-thumbnail\" alt=\"\" \/>\n            \n        <\/div>\n            <div class='uk-text-center'>\n\n            \n            <img loading=\"lazy\" decoding=\"async\" width=\"150\" height=\"150\" src=\"https:\/\/obstetricia.uv.cl\/inicio\/wp-content\/uploads\/2018\/03\/01-150x150.png\" class=\"attachment-thumbnail size-thumbnail\" alt=\"\" \/>\n            \n        <\/div>\n            <div class='uk-text-center'>\n\n            \n            <img loading=\"lazy\" decoding=\"async\" width=\"150\" height=\"150\" src=\"https:\/\/obstetricia.uv.cl\/inicio\/wp-content\/uploads\/2018\/03\/2018-02-23-PHOTO-00000007-150x150.jpg\" class=\"attachment-thumbnail size-thumbnail\" alt=\"\" \/>\n            \n        <\/div>\n            <div class='uk-text-center'>\n\n            \n            <img loading=\"lazy\" decoding=\"async\" width=\"150\" height=\"150\" src=\"https:\/\/obstetricia.uv.cl\/inicio\/wp-content\/uploads\/2018\/03\/WhatsApp-Image-2018-03-22-at-17.06.03-150x150.jpeg\" class=\"attachment-thumbnail size-thumbnail\" alt=\"\" \/>\n            \n        <\/div>\n            <div class='uk-text-center'>\n\n            \n            <img loading=\"lazy\" decoding=\"async\" width=\"150\" height=\"150\" src=\"https:\/\/obstetricia.uv.cl\/inicio\/wp-content\/uploads\/2018\/03\/2018-02-23-PHOTO-00000008-150x150.jpg\" class=\"attachment-thumbnail size-thumbnail\" alt=\"\" \/>\n            \n        <\/div>\n            <div class='uk-text-center'>\n\n            \n            <img loading=\"lazy\" decoding=\"async\" width=\"150\" height=\"150\" src=\"https:\/\/obstetricia.uv.cl\/inicio\/wp-content\/uploads\/2018\/03\/05-150x150.jpeg\" class=\"attachment-thumbnail size-thumbnail\" alt=\"\" \/>\n            \n        <\/div>\n    \n<\/div>\n\n<p>[\/et_pb_text][\/et_pb_column][\/et_pb_row][\/et_pb_section]<\/p>\n","protected":false},"excerpt":{"rendered":"<p>[et_pb_section bb_built=\u00bb1&#8243; _builder_version=\u00bb3.0.47&#8243;][et_pb_row _builder_version=\u00bb3.0.47&#8243; background_size=\u00bbinitial\u00bb background_position=\u00bbtop_left\u00bb background_repeat=\u00bbrepeat\u00bb][et_pb_column type=\u00bb2_3&#8243;][et_pb_text _builder_version=\u00bb3.0.98&#8243;] El 8 de marzo pasado, el Ministerio de Salud (Minsal) public\u00f3 el documento \u00abEst\u00e1ndares para la formaci\u00f3n en ecograf\u00eda obst\u00e9trica-ginecol\u00f3gica para matronas y matrones de la atenci\u00f3n primaria\u201d, el cual representa un gran avance tanto para los profesionales que trabajan en dicho \u00e1mbito como para los [&hellip;]<\/p>\n","protected":false},"author":2,"featured_media":29558,"comment_status":"closed","ping_status":"closed","sticky":false,"template":"","format":"standard","meta":{"footnotes":""},"categories":[38,5,4,24,23],"tags":[],"class_list":["post-29548","post","type-post","status-publish","format-standard","has-post-thumbnail","hentry","category-38","category-actividades","category-portada","category-san-felipe","category-valparaiso"],"_links":{"self":[{"href":"https:\/\/obstetricia.uv.cl\/inicio\/index.php\/wp-json\/wp\/v2\/posts\/29548","targetHints":{"allow":["GET"]}}],"collection":[{"href":"https:\/\/obstetricia.uv.cl\/inicio\/index.php\/wp-json\/wp\/v2\/posts"}],"about":[{"href":"https:\/\/obstetricia.uv.cl\/inicio\/index.php\/wp-json\/wp\/v2\/types\/post"}],"author":[{"embeddable":true,"href":"https:\/\/obstetricia.uv.cl\/inicio\/index.php\/wp-json\/wp\/v2\/users\/2"}],"replies":[{"embeddable":true,"href":"https:\/\/obstetricia.uv.cl\/inicio\/index.php\/wp-json\/wp\/v2\/comments?post=29548"}],"version-history":[{"count":0,"href":"https:\/\/obstetricia.uv.cl\/inicio\/index.php\/wp-json\/wp\/v2\/posts\/29548\/revisions"}],"wp:featuredmedia":[{"embeddable":true,"href":"https:\/\/obstetricia.uv.cl\/inicio\/index.php\/wp-json\/wp\/v2\/media\/29558"}],"wp:attachment":[{"href":"https:\/\/obstetricia.uv.cl\/inicio\/index.php\/wp-json\/wp\/v2\/media?parent=29548"}],"wp:term":[{"taxonomy":"category","embeddable":true,"href":"https:\/\/obstetricia.uv.cl\/inicio\/index.php\/wp-json\/wp\/v2\/categories?post=29548"},{"taxonomy":"post_tag","embeddable":true,"href":"https:\/\/obstetricia.uv.cl\/inicio\/index.php\/wp-json\/wp\/v2\/tags?post=29548"}],"curies":[{"name":"wp","href":"https:\/\/api.w.org\/{rel}","templated":true}]}}