{"id":30212,"date":"2018-06-04T09:20:27","date_gmt":"2018-06-04T13:20:27","guid":{"rendered":"https:\/\/obstetricia.uv.cl\/inicio\/?p=30212"},"modified":"2018-06-04T09:26:25","modified_gmt":"2018-06-04T13:26:25","slug":"investidura-sanfelipe-2018","status":"publish","type":"post","link":"https:\/\/obstetricia.uv.cl\/inicio\/index.php\/2018\/06\/04\/investidura-sanfelipe-2018\/","title":{"rendered":"Estudiantes de Obstetricia y Puericultura-San Felipe fueron investidos"},"content":{"rendered":"<p>[et_pb_section fb_built=\u00bb1&#8243; _builder_version=\u00bb3.0.47&#8243; custom_padding=\u00bb0|0px|40px|0px|false|false\u00bb][et_pb_row _builder_version=\u00bb3.0.47&#8243; background_size=\u00bbinitial\u00bb background_position=\u00bbtop_left\u00bb background_repeat=\u00bbrepeat\u00bb custom_padding=\u00bb20px|0px|0|0px|false|false\u00bb][et_pb_column type=\u00bb4_4&#8243; _builder_version=\u00bb3.0.47&#8243; parallax=\u00bboff\u00bb parallax_method=\u00bbon\u00bb][et_pb_text _builder_version=\u00bb3.4.1&#8243;]<\/p>\n<p>Con la ansiedad y emoci\u00f3n propias de uno de los hitos m\u00e1s importantes en su trayectoria universitaria, un total de veinte futuros matronas y matrones, alumnos de segundo nivel de la carrera de Obstetricia y Puericultura del Campus San Felipe, recibieron su investidura en una solemne ceremonia que fue encabezada por la directora del campus, Mar\u00eda Ang\u00e9lica Colvin; en compa\u00f1\u00eda de la directora de la Escuela de Obstetricia y Puericultura de la UV, Paula Oyarz\u00fan; los jefes de carrera en los campus de la Salud y San Felipe, Alejandra Mu\u00f1oz y Francisco Pantoja, respectivamente; y el subdirector de Matroner\u00eda del Hospital San Juan de Dios de Los Andes, Joaqu\u00edn Lillo.<\/p>\n<p>La profesora Paula Oyarz\u00fan pronunci\u00f3 un discurso dirigido a los estudiantes, donde destac\u00f3 la tradici\u00f3n de 63 a\u00f1os de la Escuela de Obstetricia y Puericultura de la UV formando matronas y matrones al servicio de nuestro pa\u00eds. \u201cEn ustedes recae una gran responsabilidad, ya que ser\u00e1n quienes deban alzar por primera vez en su vida a un nuevo ser humano en esta Tierra\u201d, expres\u00f3.<\/p>\n<p>La ceremonia continu\u00f3 con un interludio art\u00edstico a cargo de los profesores integrantes del ensamble musical del campus Ana Mar\u00eda Silva y Miguel Angel Valenzuela, quienes interpretaron en flauta traversa, ud\u00fa y guitarra las piezas \u201cMeneo de la tortuga de oro\u201d, del compositor franc\u00e9s Jacques Ibert, y \u201cEsas peque\u00f1as cosas\u201d, cl\u00e1sica composici\u00f3n de Joan Manuel Serrat.<\/p>\n<p>Para finalizar, en representaci\u00f3n de la onceava generaci\u00f3n de investidos de la carrera de Obstetricia y Puericultura del Campus San Felipe, la estudiante Josefa Vicu\u00f1a pronunci\u00f3 un emotivo discurso, resaltando el valor que tiene el poder concretar los sue\u00f1os. \u201cSer dignos de vestir el traje cl\u00ednico es una demostraci\u00f3n de la vocaci\u00f3n que hemos decidido hacer parte de nuestras vidas\u201d, manifest\u00f3.<\/p>\n<p><a href=\"http:\/\/www.uv.cl\/pdn\/?id=9545\" target=\"_blank\" rel=\"noopener\">V\u00eda: UV Noticias<\/a><\/p>\n<p>[\/et_pb_text][\/et_pb_column][\/et_pb_row][\/et_pb_section]<\/p>\n","protected":false},"excerpt":{"rendered":"<p>[et_pb_section fb_built=\u00bb1&#8243; _builder_version=\u00bb3.0.47&#8243; custom_padding=\u00bb0|0px|40px|0px|false|false\u00bb][et_pb_row _builder_version=\u00bb3.0.47&#8243; background_size=\u00bbinitial\u00bb background_position=\u00bbtop_left\u00bb background_repeat=\u00bbrepeat\u00bb custom_padding=\u00bb20px|0px|0|0px|false|false\u00bb][et_pb_column type=\u00bb4_4&#8243; _builder_version=\u00bb3.0.47&#8243; parallax=\u00bboff\u00bb parallax_method=\u00bbon\u00bb][et_pb_text _builder_version=\u00bb3.4.1&#8243;] Con la ansiedad y emoci\u00f3n propias de uno de los hitos m\u00e1s importantes en su trayectoria universitaria, un total de veinte futuros matronas y matrones, alumnos de segundo nivel de la carrera de Obstetricia y Puericultura del Campus San Felipe, recibieron [&hellip;]<\/p>\n","protected":false},"author":2,"featured_media":30213,"comment_status":"open","ping_status":"open","sticky":false,"template":"","format":"standard","meta":{"footnotes":""},"categories":[38,5,4,24],"tags":[],"class_list":["post-30212","post","type-post","status-publish","format-standard","has-post-thumbnail","hentry","category-38","category-actividades","category-portada","category-san-felipe"],"_links":{"self":[{"href":"https:\/\/obstetricia.uv.cl\/inicio\/index.php\/wp-json\/wp\/v2\/posts\/30212","targetHints":{"allow":["GET"]}}],"collection":[{"href":"https:\/\/obstetricia.uv.cl\/inicio\/index.php\/wp-json\/wp\/v2\/posts"}],"about":[{"href":"https:\/\/obstetricia.uv.cl\/inicio\/index.php\/wp-json\/wp\/v2\/types\/post"}],"author":[{"embeddable":true,"href":"https:\/\/obstetricia.uv.cl\/inicio\/index.php\/wp-json\/wp\/v2\/users\/2"}],"replies":[{"embeddable":true,"href":"https:\/\/obstetricia.uv.cl\/inicio\/index.php\/wp-json\/wp\/v2\/comments?post=30212"}],"version-history":[{"count":0,"href":"https:\/\/obstetricia.uv.cl\/inicio\/index.php\/wp-json\/wp\/v2\/posts\/30212\/revisions"}],"wp:featuredmedia":[{"embeddable":true,"href":"https:\/\/obstetricia.uv.cl\/inicio\/index.php\/wp-json\/wp\/v2\/media\/30213"}],"wp:attachment":[{"href":"https:\/\/obstetricia.uv.cl\/inicio\/index.php\/wp-json\/wp\/v2\/media?parent=30212"}],"wp:term":[{"taxonomy":"category","embeddable":true,"href":"https:\/\/obstetricia.uv.cl\/inicio\/index.php\/wp-json\/wp\/v2\/categories?post=30212"},{"taxonomy":"post_tag","embeddable":true,"href":"https:\/\/obstetricia.uv.cl\/inicio\/index.php\/wp-json\/wp\/v2\/tags?post=30212"}],"curies":[{"name":"wp","href":"https:\/\/api.w.org\/{rel}","templated":true}]}}