{"id":30220,"date":"2018-06-04T09:38:56","date_gmt":"2018-06-04T13:38:56","guid":{"rendered":"https:\/\/obstetricia.uv.cl\/inicio\/?p=30220"},"modified":"2018-06-04T09:42:47","modified_gmt":"2018-06-04T13:42:47","slug":"metodologias-innovadoras-lineas-de-tiempo-historia-de-la-matroneria","status":"publish","type":"post","link":"https:\/\/obstetricia.uv.cl\/inicio\/index.php\/2018\/06\/04\/metodologias-innovadoras-lineas-de-tiempo-historia-de-la-matroneria\/","title":{"rendered":"[Metodolog\u00edas Innovadoras]: Lineas de tiempo Historia de la matroner\u00eda"},"content":{"rendered":"<p>[et_pb_section fb_built=\u00bb1&#8243; _builder_version=\u00bb3.0.47&#8243; custom_padding=\u00bb3px|0px|3px|0px|false|false\u00bb][et_pb_row custom_padding=\u00bb0|0px|0|0px|false|false\u00bb _builder_version=\u00bb3.0.47&#8243; background_size=\u00bbinitial\u00bb background_position=\u00bbtop_left\u00bb background_repeat=\u00bbrepeat\u00bb][et_pb_column type=\u00bb4_4&#8243; _builder_version=\u00bb3.0.47&#8243; parallax=\u00bboff\u00bb parallax_method=\u00bbon\u00bb][et_pb_text _builder_version=\u00bb3.4.1&#8243;]<\/p>\n<p>Lineas de tiempo Historia de la matroner\u00eda: Enmarcado en la asignatura Introducci\u00f3n a la matroner\u00eda, las estudiantes de primer a\u00f1o de la carrera en el campus San Felipe, realizaron una actividad que incorpor\u00f3 los conocimientos adquiridos respecto a la Unidad Tem\u00e1tica \u00abTrayectoria de la matroner\u00eda\u00bb, en la que presentaron de forma did\u00e1ctica, creativa y sintetizada una \u00ablinea de tiempo\u00bb sobre la historia de la profesi\u00f3n.<\/p>\n<p>En esta oportunidad los estudiantes debieron demostrar sus conocimientos respecto al trayectoria hist\u00f3rica de la matroner\u00eda, ya sea, en el contexto universal o nacional y hacerlo de forma did\u00e1ctica ante un grupo de docentes de la carrera. Dicha muestra, ser\u00e1 realizada tambi\u00e9n en el marco de la celebraci\u00f3n del d\u00eda de matrona en el mes de agosto del presente a\u00f1o.<\/p>\n<p>[\/et_pb_text][et_pb_gallery gallery_ids=\u00bb30221,30222,30225,30226,30227&#8243; gallery_orderby=\u00bbrand\u00bb posts_number=\u00bb5&#8243; show_title_and_caption=\u00bboff\u00bb show_pagination=\u00bboff\u00bb _builder_version=\u00bb3.4.1&#8243;][\/et_pb_gallery][\/et_pb_column][\/et_pb_row][\/et_pb_section]<\/p>\n","protected":false},"excerpt":{"rendered":"<p>[et_pb_section fb_built=\u00bb1&#8243; _builder_version=\u00bb3.0.47&#8243; custom_padding=\u00bb3px|0px|3px|0px|false|false\u00bb][et_pb_row custom_padding=\u00bb0|0px|0|0px|false|false\u00bb _builder_version=\u00bb3.0.47&#8243; background_size=\u00bbinitial\u00bb background_position=\u00bbtop_left\u00bb background_repeat=\u00bbrepeat\u00bb][et_pb_column type=\u00bb4_4&#8243; _builder_version=\u00bb3.0.47&#8243; parallax=\u00bboff\u00bb parallax_method=\u00bbon\u00bb][et_pb_text _builder_version=\u00bb3.4.1&#8243;] Lineas de tiempo Historia de la matroner\u00eda: Enmarcado en la asignatura Introducci\u00f3n a la matroner\u00eda, las estudiantes de primer a\u00f1o de la carrera en el campus San Felipe, realizaron una actividad que incorpor\u00f3 los conocimientos adquiridos respecto a la Unidad Tem\u00e1tica [&hellip;]<\/p>\n","protected":false},"author":2,"featured_media":30226,"comment_status":"open","ping_status":"open","sticky":false,"template":"","format":"standard","meta":{"footnotes":""},"categories":[38,5,4,24],"tags":[],"class_list":["post-30220","post","type-post","status-publish","format-standard","has-post-thumbnail","hentry","category-38","category-actividades","category-portada","category-san-felipe"],"_links":{"self":[{"href":"https:\/\/obstetricia.uv.cl\/inicio\/index.php\/wp-json\/wp\/v2\/posts\/30220","targetHints":{"allow":["GET"]}}],"collection":[{"href":"https:\/\/obstetricia.uv.cl\/inicio\/index.php\/wp-json\/wp\/v2\/posts"}],"about":[{"href":"https:\/\/obstetricia.uv.cl\/inicio\/index.php\/wp-json\/wp\/v2\/types\/post"}],"author":[{"embeddable":true,"href":"https:\/\/obstetricia.uv.cl\/inicio\/index.php\/wp-json\/wp\/v2\/users\/2"}],"replies":[{"embeddable":true,"href":"https:\/\/obstetricia.uv.cl\/inicio\/index.php\/wp-json\/wp\/v2\/comments?post=30220"}],"version-history":[{"count":0,"href":"https:\/\/obstetricia.uv.cl\/inicio\/index.php\/wp-json\/wp\/v2\/posts\/30220\/revisions"}],"wp:featuredmedia":[{"embeddable":true,"href":"https:\/\/obstetricia.uv.cl\/inicio\/index.php\/wp-json\/wp\/v2\/media\/30226"}],"wp:attachment":[{"href":"https:\/\/obstetricia.uv.cl\/inicio\/index.php\/wp-json\/wp\/v2\/media?parent=30220"}],"wp:term":[{"taxonomy":"category","embeddable":true,"href":"https:\/\/obstetricia.uv.cl\/inicio\/index.php\/wp-json\/wp\/v2\/categories?post=30220"},{"taxonomy":"post_tag","embeddable":true,"href":"https:\/\/obstetricia.uv.cl\/inicio\/index.php\/wp-json\/wp\/v2\/tags?post=30220"}],"curies":[{"name":"wp","href":"https:\/\/api.w.org\/{rel}","templated":true}]}}