{"id":30426,"date":"2018-06-29T09:10:36","date_gmt":"2018-06-29T13:10:36","guid":{"rendered":"https:\/\/obstetricia.uv.cl\/inicio\/?p=30426"},"modified":"2018-06-29T09:11:58","modified_gmt":"2018-06-29T13:11:58","slug":"nuestra-escuela-se-declara-en-alerta-tras-el-dictamen-de-contraloria-por-norma-21","status":"publish","type":"post","link":"https:\/\/obstetricia.uv.cl\/inicio\/index.php\/2018\/06\/29\/nuestra-escuela-se-declara-en-alerta-tras-el-dictamen-de-contraloria-por-norma-21\/","title":{"rendered":"Nuestra escuela se declara en alerta tras el dictamen de Contralor\u00eda por Norma 21"},"content":{"rendered":"<p>[et_pb_section fb_built=\u00bb1&#8243; _builder_version=\u00bb3.0.47&#8243; custom_padding=\u00bb0|0px|6px|0px|false|false\u00bb][et_pb_row _builder_version=\u00bb3.0.48&#8243; background_size=\u00bbinitial\u00bb background_position=\u00bbtop_left\u00bb background_repeat=\u00bbrepeat\u00bb][et_pb_column type=\u00bb4_4&#8243; _builder_version=\u00bb3.0.47&#8243; parallax=\u00bboff\u00bb parallax_method=\u00bbon\u00bb][et_pb_text _builder_version=\u00bb3.8&#8243;]<\/p>\n<p><strong>Docentes y estudiantes del plantel se plegar\u00e1n a las acciones del colegio de la orden destinadas a defender su exclusividad laboral.<\/strong><\/p>\n<p><strong><\/strong><\/p>\n<p>\u201cEn alerta\u201d se declararon esta semana los docentes y estudiantes de la Escuela de Obstetricia y Puericultura de la Universidad de Valpara\u00edso tras conocer en detalle el dictamen mediante el cual la Contralor\u00eda General de la Rep\u00fablica ratific\u00f3 que las laborales profesionales al interior de las unidades de Neonatolog\u00eda, Obstetricia y Ginecolog\u00eda pertenecientes a los hospitales del pa\u00eds no son del exclusivo ejercicio y competencia de las matronas y los matrones.<\/p>\n<p>Por tal motivo, y en paralelo, los acad\u00e9micos y el alumnado de este plantel acordaron plegarse a las acciones de rechazo a dicho pronunciamiento que determin\u00f3 realizar el colegio de la orden, as\u00ed como, tambi\u00e9n, a las actividades que en conjunto con otras instituciones de educaci\u00f3n superior regionales y nacionales se acuerden organizar, a nivel p\u00fablico o en los respectivos campos cl\u00ednicos, para defender su posici\u00f3n al interior de dichas reparticiones y restaurar la Norma 21.<\/p>\n<p>\u201cLa postura de nuestra escuela es apoyar al Colegio de Matronas y Matrones de Chile en torno a generar estrategia para validar el rol de la profesi\u00f3n. En ese sentido, en particular, estamos generando unidades de trabajo para poder comunicar mejor y sensibilizar a la poblaci\u00f3n acerca de la importancia que tiene el rol que ejercemos, que en nuestro pa\u00eds tiene 180 a\u00f1os de historia y m\u00e1s de 64 a\u00f1os en la Regi\u00f3n de Valpara\u00edso\u201d, sostuvo la directora de la Escuela de Obstetricia y puericultura de la UV, Paula Oyarz\u00fan.<\/p>\n<p>La autoridad acad\u00e9mica precis\u00f3 que el trabajo de las matronas y los matrones es valorado de gran manera por las personas e incluso ha sido validado a nivel internacional, pues la Organizaci\u00f3n Mundial de la Salud reconoce que Chile ostenta los mejores indicadores de salud perinatal en el continente.<\/p>\n<p>\u201cLos avances que ha experimentado nuestro pa\u00eds en lo relativo al \u00e1mbito que comprende todo el ciclo vital de la mujer, del neonato y de los j\u00f3venes y adolescentes en materia sexual y reproductiva sin duda es resultado del trabajo que realizamos los profesionales de la matroner\u00eda. Incluso la formaci\u00f3n profesional que se imparte tambi\u00e9n ha sido se\u00f1alada como ejemplar y de gran calidad por diversos organismo nacionales y extranjeros. Por todo esto, insistiremos ante las autoridades que corresponda de que el no reconocimiento de la exclusividad laboral que nos otorga la Norma 21 es un gran error que debe ser subsanado\u201d, concluy\u00f3 Paula Oyarz\u00fan<\/p>\n<p>[\/et_pb_text][et_pb_video src=\u00bbhttps:\/\/youtu.be\/Xfkpj06yR-4&#8243; _builder_version=\u00bb3.8&#8243;][\/et_pb_video][\/et_pb_column][\/et_pb_row][\/et_pb_section]<\/p>\n","protected":false},"excerpt":{"rendered":"<p>[et_pb_section fb_built=\u00bb1&#8243; _builder_version=\u00bb3.0.47&#8243; custom_padding=\u00bb0|0px|6px|0px|false|false\u00bb][et_pb_row _builder_version=\u00bb3.0.48&#8243; background_size=\u00bbinitial\u00bb background_position=\u00bbtop_left\u00bb background_repeat=\u00bbrepeat\u00bb][et_pb_column type=\u00bb4_4&#8243; _builder_version=\u00bb3.0.47&#8243; parallax=\u00bboff\u00bb parallax_method=\u00bbon\u00bb][et_pb_text _builder_version=\u00bb3.8&#8243;] Docentes y estudiantes del plantel se plegar\u00e1n a las acciones del colegio de la orden destinadas a defender su exclusividad laboral. \u201cEn alerta\u201d se declararon esta semana los docentes y estudiantes de la Escuela de Obstetricia y Puericultura de la Universidad de [&hellip;]<\/p>\n","protected":false},"author":2,"featured_media":30427,"comment_status":"open","ping_status":"open","sticky":false,"template":"","format":"standard","meta":{"footnotes":""},"categories":[38,5,4,24,23],"tags":[45,42,46,47],"class_list":["post-30426","post","type-post","status-publish","format-standard","has-post-thumbnail","hentry","category-38","category-actividades","category-portada","category-san-felipe","category-valparaiso","tag-matronasenalerta","tag-norma-21","tag-norma21","tag-normativa-21"],"_links":{"self":[{"href":"https:\/\/obstetricia.uv.cl\/inicio\/index.php\/wp-json\/wp\/v2\/posts\/30426","targetHints":{"allow":["GET"]}}],"collection":[{"href":"https:\/\/obstetricia.uv.cl\/inicio\/index.php\/wp-json\/wp\/v2\/posts"}],"about":[{"href":"https:\/\/obstetricia.uv.cl\/inicio\/index.php\/wp-json\/wp\/v2\/types\/post"}],"author":[{"embeddable":true,"href":"https:\/\/obstetricia.uv.cl\/inicio\/index.php\/wp-json\/wp\/v2\/users\/2"}],"replies":[{"embeddable":true,"href":"https:\/\/obstetricia.uv.cl\/inicio\/index.php\/wp-json\/wp\/v2\/comments?post=30426"}],"version-history":[{"count":0,"href":"https:\/\/obstetricia.uv.cl\/inicio\/index.php\/wp-json\/wp\/v2\/posts\/30426\/revisions"}],"wp:featuredmedia":[{"embeddable":true,"href":"https:\/\/obstetricia.uv.cl\/inicio\/index.php\/wp-json\/wp\/v2\/media\/30427"}],"wp:attachment":[{"href":"https:\/\/obstetricia.uv.cl\/inicio\/index.php\/wp-json\/wp\/v2\/media?parent=30426"}],"wp:term":[{"taxonomy":"category","embeddable":true,"href":"https:\/\/obstetricia.uv.cl\/inicio\/index.php\/wp-json\/wp\/v2\/categories?post=30426"},{"taxonomy":"post_tag","embeddable":true,"href":"https:\/\/obstetricia.uv.cl\/inicio\/index.php\/wp-json\/wp\/v2\/tags?post=30426"}],"curies":[{"name":"wp","href":"https:\/\/api.w.org\/{rel}","templated":true}]}}