{"id":30441,"date":"2018-07-03T08:04:25","date_gmt":"2018-07-03T12:04:25","guid":{"rendered":"https:\/\/obstetricia.uv.cl\/inicio\/?p=30441"},"modified":"2018-07-03T08:05:56","modified_gmt":"2018-07-03T12:05:56","slug":"reivindiquemos-la-matroneria-en-chile","status":"publish","type":"post","link":"https:\/\/obstetricia.uv.cl\/inicio\/index.php\/2018\/07\/03\/reivindiquemos-la-matroneria-en-chile\/","title":{"rendered":"Reivindiquemos la matroner\u00eda en Chile"},"content":{"rendered":"<p>[et_pb_section fb_built=\u00bb1&#8243; _builder_version=\u00bb3.0.47&#8243; custom_padding=\u00bb0|0px|0|0px|false|false\u00bb][et_pb_row _builder_version=\u00bb3.0.48&#8243; background_size=\u00bbinitial\u00bb background_position=\u00bbtop_left\u00bb background_repeat=\u00bbrepeat\u00bb][et_pb_column type=\u00bb4_4&#8243; _builder_version=\u00bb3.0.47&#8243; parallax=\u00bboff\u00bb parallax_method=\u00bbon\u00bb][et_pb_text _builder_version=\u00bb3.9&#8243; text_orientation=\u00bbjustified\u00bb]<\/p>\n<p class=\"Cap_Colopin\">En los \u00faltimos d\u00edas hemos conocido el dictamen de la Contralor\u00eda General de la Rep\u00fablica que invalida la aplicaci\u00f3n de la Normativa 21 y ratifica, por tanto, que las labores profesionales al interior de las unidades de Neonatolog\u00eda, Obstetricia y Ginecolog\u00eda de los hospitales del pa\u00eds no son de exclusivo ejercicio y competencia de las matronas y los matrones.<\/p>\n<p class=\"Cap_Colopin\">Esto abre la posibilidad a que otros profesionales de la Salud puedan desempe\u00f1arse en un campo que al menos en Chile le ha pertenecido a la matroner\u00eda por m\u00e1s de 180 a\u00f1os, hecho que no solo implica un enorme da\u00f1o a la dignidad de quienes desempe\u00f1an esta profesi\u00f3n sino, tambi\u00e9n, un serio riesgo para el bienestar de miles de mujeres y de ni\u00f1os a quienes se brinda una atenci\u00f3n especializada en ese tipo de unidades.<\/p>\n<p class=\"Cap_Colopin\">El arte de la matroner\u00eda es una de las pr\u00e1cticas m\u00e1s antiguas en salud, ya que se remonta a las primeras expresiones del quehacer humano. En nuestro pa\u00eds la formaci\u00f3n profesional de matronas y matrones data de 1834, cuando la atenci\u00f3n del parto era a domicilio o en hospitales de que eran administrados por \u00f3rdenes religiosas. La primera maternidad atendida por matronas profesionales fue la del Hospital San Borja, en 1875. Es as\u00ed como durante las primeras d\u00e9cadas del siglo XX estas \u00faltimas cumplieron un importante rol social y sanitario, al colaborar en la disminuci\u00f3n de las altas tasas mortalidad materna y de reci\u00e9n nacidos que para entonces registraba nuestro pa\u00eds, adem\u00e1s de fortalecer el cuidado de las mujeres durante todo su ciclo vital.<\/p>\n<p class=\"Cap_Colopin\">En la actualidad, se puede destacar que la formaci\u00f3n de matronas y matrones universitaria ha contribuido a elevar los est\u00e1ndares chilenos en estos aspectos.<\/p>\n<p class=\"Cap_Colopin\">Los indicadores as\u00ed lo demuestran, ya que Chile exhibe hoy cifras similares a pa\u00edses desarrollados de Norteam\u00e9rica y Europa: la mortalidad materna es la segunda m\u00e1s baja de Latinoam\u00e9rica (1,6 por 10 mil reci\u00e9n nacidos vivos), la mortalidad infantil es de 7,02 por mil reci\u00e9n nacidos vivos y la mortalidad neonatal de apenas 5,1 por cada mil reci\u00e9n nacidos vivos. Por otra parte, la atenci\u00f3n profesional del parto llega al 99,8%.<\/p>\n<p class=\"Cap_Colopin\">Estas cifras dan cuenta del destacado rol que ejerce el profesional de la matroner\u00eda en \u00e1mbitos tan diversos como son la salud sexual y reproductiva, salud ginecol\u00f3gica, salud familiar y comunitaria o en el cuidado integral del reci\u00e9n nacido sano, prematuro y enfermo, situaci\u00f3n que como sociedad nos ubica en un lugar de privilegio a nivel mundial.<\/p>\n<p class=\"Cap_Colopin\">En cuanto a la formaci\u00f3n, cabe se\u00f1alar que la carrera de Obstetricia y Puericultura posee exclusividad universitaria, con una duraci\u00f3n de 5 a\u00f1os y un total de 8.100 horas y un curr\u00edculum con enfoque cient\u00edfico humanista que habilita a los egresados de este a brindar atenci\u00f3n integral centrada en el ser humano, su familia y su entorno.<\/p>\n<p class=\"Cap_Colopin\">Por todo lo anterior, llamamos a las autoridades sanitarias a reivindicar y reconocer las competencias profesionales y el rol fundamental que cumple los profesionales matrona y matr\u00f3n en nuestra sociedad.<\/p>\n<p class=\"Cap_Colopin\">Paula Oyarz\u00fan Andrades | Directora Escuela de Obstetricia y Puericultura Universidad de Valpara\u00edso<\/p>\n<p><a href=\"http:\/\/www.mercuriovalpo.cl\/impresa\/2018\/07\/03\/full\/cuerpo-principal\/10\/texto\/\" target=\"_blank\" rel=\"noopener\">V\u00eda: El Mercurio de Valpara\u00edso<\/a><br \/>\n[\/et_pb_text][\/et_pb_column][\/et_pb_row][\/et_pb_section]<\/p>\n","protected":false},"excerpt":{"rendered":"<p>[et_pb_section fb_built=\u00bb1&#8243; _builder_version=\u00bb3.0.47&#8243; custom_padding=\u00bb0|0px|0|0px|false|false\u00bb][et_pb_row _builder_version=\u00bb3.0.48&#8243; background_size=\u00bbinitial\u00bb background_position=\u00bbtop_left\u00bb background_repeat=\u00bbrepeat\u00bb][et_pb_column type=\u00bb4_4&#8243; _builder_version=\u00bb3.0.47&#8243; parallax=\u00bboff\u00bb parallax_method=\u00bbon\u00bb][et_pb_text _builder_version=\u00bb3.9&#8243; text_orientation=\u00bbjustified\u00bb] En los \u00faltimos d\u00edas hemos conocido el dictamen de la Contralor\u00eda General de la Rep\u00fablica que invalida la aplicaci\u00f3n de la Normativa 21 y ratifica, por tanto, que las labores profesionales al interior de las unidades de Neonatolog\u00eda, Obstetricia y Ginecolog\u00eda [&hellip;]<\/p>\n","protected":false},"author":2,"featured_media":30442,"comment_status":"open","ping_status":"open","sticky":false,"template":"","format":"standard","meta":{"footnotes":""},"categories":[38,5,4,24,23],"tags":[49,42,46,47],"class_list":["post-30441","post","type-post","status-publish","format-standard","has-post-thumbnail","hentry","category-38","category-actividades","category-portada","category-san-felipe","category-valparaiso","tag-matroneria","tag-norma-21","tag-norma21","tag-normativa-21"],"_links":{"self":[{"href":"https:\/\/obstetricia.uv.cl\/inicio\/index.php\/wp-json\/wp\/v2\/posts\/30441","targetHints":{"allow":["GET"]}}],"collection":[{"href":"https:\/\/obstetricia.uv.cl\/inicio\/index.php\/wp-json\/wp\/v2\/posts"}],"about":[{"href":"https:\/\/obstetricia.uv.cl\/inicio\/index.php\/wp-json\/wp\/v2\/types\/post"}],"author":[{"embeddable":true,"href":"https:\/\/obstetricia.uv.cl\/inicio\/index.php\/wp-json\/wp\/v2\/users\/2"}],"replies":[{"embeddable":true,"href":"https:\/\/obstetricia.uv.cl\/inicio\/index.php\/wp-json\/wp\/v2\/comments?post=30441"}],"version-history":[{"count":0,"href":"https:\/\/obstetricia.uv.cl\/inicio\/index.php\/wp-json\/wp\/v2\/posts\/30441\/revisions"}],"wp:featuredmedia":[{"embeddable":true,"href":"https:\/\/obstetricia.uv.cl\/inicio\/index.php\/wp-json\/wp\/v2\/media\/30442"}],"wp:attachment":[{"href":"https:\/\/obstetricia.uv.cl\/inicio\/index.php\/wp-json\/wp\/v2\/media?parent=30441"}],"wp:term":[{"taxonomy":"category","embeddable":true,"href":"https:\/\/obstetricia.uv.cl\/inicio\/index.php\/wp-json\/wp\/v2\/categories?post=30441"},{"taxonomy":"post_tag","embeddable":true,"href":"https:\/\/obstetricia.uv.cl\/inicio\/index.php\/wp-json\/wp\/v2\/tags?post=30441"}],"curies":[{"name":"wp","href":"https:\/\/api.w.org\/{rel}","templated":true}]}}