{"id":30451,"date":"2018-07-04T08:27:28","date_gmt":"2018-07-04T12:27:28","guid":{"rendered":"https:\/\/obstetricia.uv.cl\/inicio\/?p=30451"},"modified":"2018-07-04T08:29:22","modified_gmt":"2018-07-04T12:29:22","slug":"academicos-de-la-escuela-de-obstetricia-y-puericultura-expusieron-ante-la-red-de-inclusion-de-san-felipe","status":"publish","type":"post","link":"https:\/\/obstetricia.uv.cl\/inicio\/index.php\/2018\/07\/04\/academicos-de-la-escuela-de-obstetricia-y-puericultura-expusieron-ante-la-red-de-inclusion-de-san-felipe\/","title":{"rendered":"Acad\u00e9micos de la Escuela de Obstetricia y Puericultura expusieron ante la Red de Inclusi\u00f3n de San Felipe"},"content":{"rendered":"<p>[et_pb_section fb_built=\u00bb1&#8243; _builder_version=\u00bb3.0.47&#8243; custom_padding=\u00bb6px|0px|12px|0px|false|false\u00bb][et_pb_row _builder_version=\u00bb3.0.48&#8243; background_size=\u00bbinitial\u00bb background_position=\u00bbtop_left\u00bb background_repeat=\u00bbrepeat\u00bb][et_pb_column type=\u00bb4_4&#8243; _builder_version=\u00bb3.0.47&#8243; parallax=\u00bboff\u00bb parallax_method=\u00bbon\u00bb][et_pb_text _builder_version=\u00bb3.9&#8243; text_orientation=\u00bbjustified\u00bb text_font=\u00bb||||||||\u00bb]<\/p>\n<h4><em>La jornada se denomin\u00f3 \u201cDesvistiendo mitos; sexualidad y discapacidad\u201d<\/em><\/h4>\n<p>Una destacada participaci\u00f3n tuvieron los acad\u00e9micos de la Escuela de Obstetricia y Puericultura que expusieron sus conocimientos en la Jornada \u201cDesvistiendo mitos; sexualidad y discapacidad\u201d, actividad organizada por la Red de Inclusi\u00f3n de San Felipe y que tuvo lugar en las dependencias del Liceo Corina Urbina.<\/p>\n<p>Lina Gonz\u00e1lez y Francisco Pantoja, docentes de la Escuela de Obstetricia y Puericultura, abordaron los temas \u201cAfectividad y Sexualidad\u201d y \u201cSexualidad en personas con discapacidad; desvistiendo mitos\u201d, respectivamente, ante la presencia de todos los actores y miembros de la Red de Inclusi\u00f3n, adem\u00e1s de padres y tutores de personas con capacidades diferentes.<\/p>\n<p>La jornada represent\u00f3 una instancia ideal para relevar la importancia de la sexualidad, principalmente entre las personas que presentan capacidades diferentes. En ese sentido, Francisco Pantoja, jefe de carrera de OyP, se\u00f1al\u00f3 lo siguiente: \u201cConsiderando que en muchas ocasiones este tema se encuentra bastante alejado de las conversaciones, reflexiones y educaci\u00f3n de las personas discapacitadas, en quienes la expresi\u00f3n de su sexualidad juega un rol tan importante como en el vida de todos los seres humanos, la de hoy constituye una oportunidad muy valiosa para que padres, cuidadores o familia, puedan tratar estos temas, los que muchas veces son invisibilizados ya sea por temor o desconocimiento\u201d, manifest\u00f3.<\/p>\n<p>A su vez, Lina Gonz\u00e1lez, coordinadora de Extensi\u00f3n de su carrera, valor\u00f3 el espacio de vinculaci\u00f3n generado entre la universidad y la comunidad local, \u201cPara el Campus San Felipe es una gran oportunidad de hacer patente su responsabilidad de compromiso social, valores que asumimos como instituci\u00f3n educativa p\u00fablica inserta en el Valle de Aconcagua\u201d, expres\u00f3.<\/p>\n<p>&nbsp;<\/p>\n<p><a href=\"http:\/\/sanfelipe.uv.cl\/index.php\/293-academicos-de-la-escuela-de-obstetricia-y-puericultura-expusieron-ante-la-red-de-inclusion-de-san-felipe\" target=\"_blank\" rel=\"noopener\">V\u00eda UV San Felipe<\/a><\/p>\n<p>[\/et_pb_text][\/et_pb_column][\/et_pb_row][\/et_pb_section]<\/p>\n","protected":false},"excerpt":{"rendered":"<p>[et_pb_section fb_built=\u00bb1&#8243; _builder_version=\u00bb3.0.47&#8243; custom_padding=\u00bb6px|0px|12px|0px|false|false\u00bb][et_pb_row _builder_version=\u00bb3.0.48&#8243; background_size=\u00bbinitial\u00bb background_position=\u00bbtop_left\u00bb background_repeat=\u00bbrepeat\u00bb][et_pb_column type=\u00bb4_4&#8243; _builder_version=\u00bb3.0.47&#8243; parallax=\u00bboff\u00bb parallax_method=\u00bbon\u00bb][et_pb_text _builder_version=\u00bb3.9&#8243; text_orientation=\u00bbjustified\u00bb text_font=\u00bb||||||||\u00bb] La jornada se denomin\u00f3 \u201cDesvistiendo mitos; sexualidad y discapacidad\u201d Una destacada participaci\u00f3n tuvieron los acad\u00e9micos de la Escuela de Obstetricia y Puericultura que expusieron sus conocimientos en la Jornada \u201cDesvistiendo mitos; sexualidad y discapacidad\u201d, actividad organizada por la Red de [&hellip;]<\/p>\n","protected":false},"author":2,"featured_media":30452,"comment_status":"open","ping_status":"open","sticky":false,"template":"","format":"standard","meta":{"footnotes":""},"categories":[38,5,4,24],"tags":[],"class_list":["post-30451","post","type-post","status-publish","format-standard","has-post-thumbnail","hentry","category-38","category-actividades","category-portada","category-san-felipe"],"_links":{"self":[{"href":"https:\/\/obstetricia.uv.cl\/inicio\/index.php\/wp-json\/wp\/v2\/posts\/30451","targetHints":{"allow":["GET"]}}],"collection":[{"href":"https:\/\/obstetricia.uv.cl\/inicio\/index.php\/wp-json\/wp\/v2\/posts"}],"about":[{"href":"https:\/\/obstetricia.uv.cl\/inicio\/index.php\/wp-json\/wp\/v2\/types\/post"}],"author":[{"embeddable":true,"href":"https:\/\/obstetricia.uv.cl\/inicio\/index.php\/wp-json\/wp\/v2\/users\/2"}],"replies":[{"embeddable":true,"href":"https:\/\/obstetricia.uv.cl\/inicio\/index.php\/wp-json\/wp\/v2\/comments?post=30451"}],"version-history":[{"count":0,"href":"https:\/\/obstetricia.uv.cl\/inicio\/index.php\/wp-json\/wp\/v2\/posts\/30451\/revisions"}],"wp:featuredmedia":[{"embeddable":true,"href":"https:\/\/obstetricia.uv.cl\/inicio\/index.php\/wp-json\/wp\/v2\/media\/30452"}],"wp:attachment":[{"href":"https:\/\/obstetricia.uv.cl\/inicio\/index.php\/wp-json\/wp\/v2\/media?parent=30451"}],"wp:term":[{"taxonomy":"category","embeddable":true,"href":"https:\/\/obstetricia.uv.cl\/inicio\/index.php\/wp-json\/wp\/v2\/categories?post=30451"},{"taxonomy":"post_tag","embeddable":true,"href":"https:\/\/obstetricia.uv.cl\/inicio\/index.php\/wp-json\/wp\/v2\/tags?post=30451"}],"curies":[{"name":"wp","href":"https:\/\/api.w.org\/{rel}","templated":true}]}}