{"id":30865,"date":"2019-01-10T12:18:43","date_gmt":"2019-01-10T15:18:43","guid":{"rendered":"https:\/\/obstetricia.uv.cl\/inicio\/?p=30865"},"modified":"2019-01-10T16:13:30","modified_gmt":"2019-01-10T19:13:30","slug":"con-un-rotundo-exito-finaliza-el-curso-reanimacion-neonatal-avanzada-primera-version-san-felipe","status":"publish","type":"post","link":"https:\/\/obstetricia.uv.cl\/inicio\/index.php\/2019\/01\/10\/con-un-rotundo-exito-finaliza-el-curso-reanimacion-neonatal-avanzada-primera-version-san-felipe\/","title":{"rendered":"Con un rotundo \u00e9xito finaliza el Curso Reanimaci\u00f3n Neonatal Avanzada primera versi\u00f3n San Felipe"},"content":{"rendered":"<p>[et_pb_section fb_built=\u00bb1&#8243; _builder_version=\u00bb3.0.47&#8243; custom_padding=\u00bb3px|0px|13px|0px|false|false\u00bb][et_pb_row _builder_version=\u00bb3.0.48&#8243; background_size=\u00bbinitial\u00bb background_position=\u00bbtop_left\u00bb background_repeat=\u00bbrepeat\u00bb custom_padding=\u00bb7px|0px|11px|0px|false|false\u00bb][et_pb_column type=\u00bb4_4&#8243; _builder_version=\u00bb3.0.47&#8243; parallax=\u00bboff\u00bb parallax_method=\u00bbon\u00bb][et_pb_text _builder_version=\u00bb3.17.6&#8243; text_orientation=\u00bbjustified\u00bb]<\/p>\n<p>El pasado 7 y 8 de enero del presente a\u00f1o, se desarroll\u00f3 en el Simuv del Campus San Felipe, el curso de Reanimaci\u00f3n neonatal Avanzada, para profesionales matronas, m\u00e9dicos, y egresados de la escuela de Obstetricia y Puericultura. La jornada Cont\u00f3 con expositores de la zona, el Dr Marco quintanilla Sfeir, Neonat\u00f3logo- Pediatra de la UCIN Hospital San Camilo, Andr\u00e9s Ruiz Degueldre, Matr\u00f3n Ucin Hospital San Camilo, instructor SOCHIPE y Juan Pablo Rojas Beytia, Docente departamento Salud Fetal y Neonatal de la Escuela Obstetricia campus San Felipe, especialista en neonatolog\u00eda.<br \/>La primera versi\u00f3n cont\u00f3 con 8 profesionales matronas, las cuales todas aprobaron el curso, el cual se exigi\u00f3 el est\u00e1ndar SOCHIPE, equivalente a un 80 % de exigencia para lograr la calificaci\u00f3n 4.0. Se desarroll\u00f3 un bloque te\u00f3rico, donde se aclararon dudas respecto al manual entregado con anticipaci\u00f3n a trav\u00e9s del aula virtual, tambi\u00e9n se desarroll\u00f3 simulaci\u00f3n de baja y alta fidelidad, las cuales se ejecutaron al mas alto nivel de competencia. El bloque pr\u00e1ctico finaliz\u00f3 con el desarrollo de Debriefing, a cargo de los docentes, Andr\u00e9s Ruiz y Marco Quintanilla.<\/p>\n<p>El cierre se ejecut\u00f3 en el auditorio del Campus, donde se desarroll\u00f3 una ceremonia de entrega de certificados y presentes, tanto al equipo de acad\u00e9micos como a los estudiantes del curso. Esta fue presidida por el profesor Francisco Pantoja, quien en representaci\u00f3n de la directora Paula Oyarzun entreg\u00f3 unas palabras al auditorio.<\/p>\n<p>En lo global, el curso se ejecut\u00f3 seg\u00fan la planificaci\u00f3n descrita, ajust\u00e1ndose a los tiempos establecidos en el cronograma de actividades.<\/p>\n<p>[\/et_pb_text][et_pb_gallery gallery_ids=\u00bb30866,30867,30868,30869,30870,30871,30872,30873,30874,30875,30876,30877,30878,30879,30880,30881,30882,30883&#8243; gallery_orderby=\u00bbrand\u00bb posts_number=\u00bb18&#8243; show_title_and_caption=\u00bboff\u00bb _builder_version=\u00bb3.17.6&#8243;][\/et_pb_gallery][\/et_pb_column][\/et_pb_row][\/et_pb_section]<\/p>\n","protected":false},"excerpt":{"rendered":"<p>[et_pb_section fb_built=\u00bb1&#8243; _builder_version=\u00bb3.0.47&#8243; custom_padding=\u00bb3px|0px|13px|0px|false|false\u00bb][et_pb_row _builder_version=\u00bb3.0.48&#8243; background_size=\u00bbinitial\u00bb background_position=\u00bbtop_left\u00bb background_repeat=\u00bbrepeat\u00bb custom_padding=\u00bb7px|0px|11px|0px|false|false\u00bb][et_pb_column type=\u00bb4_4&#8243; _builder_version=\u00bb3.0.47&#8243; parallax=\u00bboff\u00bb parallax_method=\u00bbon\u00bb][et_pb_text _builder_version=\u00bb3.17.6&#8243; text_orientation=\u00bbjustified\u00bb] El pasado 7 y 8 de enero del presente a\u00f1o, se desarroll\u00f3 en el Simuv del Campus San Felipe, el curso de Reanimaci\u00f3n neonatal Avanzada, para profesionales matronas, m\u00e9dicos, y egresados de la escuela de Obstetricia y Puericultura. La jornada [&hellip;]<\/p>\n","protected":false},"author":2,"featured_media":30881,"comment_status":"open","ping_status":"open","sticky":false,"template":"","format":"standard","meta":{"footnotes":""},"categories":[71,5,4,24],"tags":[75,78,76,77],"class_list":["post-30865","post","type-post","status-publish","format-standard","has-post-thumbnail","hentry","category-71","category-actividades","category-portada","category-san-felipe","tag-curso","tag-neonatologia","tag-reanimacion","tag-uvec"],"_links":{"self":[{"href":"https:\/\/obstetricia.uv.cl\/inicio\/index.php\/wp-json\/wp\/v2\/posts\/30865","targetHints":{"allow":["GET"]}}],"collection":[{"href":"https:\/\/obstetricia.uv.cl\/inicio\/index.php\/wp-json\/wp\/v2\/posts"}],"about":[{"href":"https:\/\/obstetricia.uv.cl\/inicio\/index.php\/wp-json\/wp\/v2\/types\/post"}],"author":[{"embeddable":true,"href":"https:\/\/obstetricia.uv.cl\/inicio\/index.php\/wp-json\/wp\/v2\/users\/2"}],"replies":[{"embeddable":true,"href":"https:\/\/obstetricia.uv.cl\/inicio\/index.php\/wp-json\/wp\/v2\/comments?post=30865"}],"version-history":[{"count":0,"href":"https:\/\/obstetricia.uv.cl\/inicio\/index.php\/wp-json\/wp\/v2\/posts\/30865\/revisions"}],"wp:featuredmedia":[{"embeddable":true,"href":"https:\/\/obstetricia.uv.cl\/inicio\/index.php\/wp-json\/wp\/v2\/media\/30881"}],"wp:attachment":[{"href":"https:\/\/obstetricia.uv.cl\/inicio\/index.php\/wp-json\/wp\/v2\/media?parent=30865"}],"wp:term":[{"taxonomy":"category","embeddable":true,"href":"https:\/\/obstetricia.uv.cl\/inicio\/index.php\/wp-json\/wp\/v2\/categories?post=30865"},{"taxonomy":"post_tag","embeddable":true,"href":"https:\/\/obstetricia.uv.cl\/inicio\/index.php\/wp-json\/wp\/v2\/tags?post=30865"}],"curies":[{"name":"wp","href":"https:\/\/api.w.org\/{rel}","templated":true}]}}