{"id":31357,"date":"2019-05-28T09:27:21","date_gmt":"2019-05-28T13:27:21","guid":{"rendered":"https:\/\/obstetricia.uv.cl\/inicio\/?p=31357"},"modified":"2019-05-28T09:29:49","modified_gmt":"2019-05-28T13:29:49","slug":"tipe-estudiantes-de-obstetricia-y-puericultura-realizan-sesiones-educativas-en-liceo-tecnico-profesional-de-baron","status":"publish","type":"post","link":"https:\/\/obstetricia.uv.cl\/inicio\/index.php\/2019\/05\/28\/tipe-estudiantes-de-obstetricia-y-puericultura-realizan-sesiones-educativas-en-liceo-tecnico-profesional-de-baron\/","title":{"rendered":"TIPE: Estudiantes de Obstetricia y Puericultura realizan sesiones educativas en Liceo T\u00e9cnico Profesional de Bar\u00f3n"},"content":{"rendered":"<p>[et_pb_section fb_built=\u00bb1&#8243; _builder_version=\u00bb3.0.47&#8243; custom_padding=\u00bb0|0px|5px|0px|false|false\u00bb][et_pb_row custom_padding=\u00bb7px|0px|2px|0px|false|false\u00bb _builder_version=\u00bb3.0.48&#8243; background_size=\u00bbinitial\u00bb background_position=\u00bbtop_left\u00bb background_repeat=\u00bbrepeat\u00bb][et_pb_column type=\u00bb4_4&#8243; _builder_version=\u00bb3.0.47&#8243; parallax=\u00bboff\u00bb parallax_method=\u00bbon\u00bb][et_pb_text _builder_version=\u00bb3.10.2&#8243; text_font=\u00bb||||||||\u00bb text_orientation=\u00bbjustified\u00bb]<\/p>\n<div class=\"gmail_default\">El d\u00eda jueves 23 de mayo se inicio las sesiones educativas en Liceo T\u00e9cnico Profesional de Bar\u00f3n, donde las estudiantes de la asignatura de TIPE I prepararon las tem\u00e1ticas de conceptos de sexualidad, orientaci\u00f3n sexual, identidad de g\u00e9nero y el acoso sexual.<\/div>\n<div class=\"gmail_default\"><\/div>\n<div class=\"gmail_default\">En esta oportunidad participaron 22 estudiantes de segundo a\u00f1o medio, los cuales participaron activamente en las actividades preparadas por las estudiantes Vanessa Vargas, Yanira Moyano, Isidora Almaz\u00e1n y Ariadna Bravo quienes destacaron por su capacidad de motivar y fomentar un ambiente de respeto y de trabajo colaborativo.<\/div>\n<div class=\"gmail_default\"><\/div>\n<div class=\"gmail_default\">Esta es una de las cuatro sesiones preparadas para este nivel, actividad que fue coordinada tanto por Marco Astudillo (Trabajador Social) como por Ximena Godoy (Encargada de Convivencia Escolar).<\/div>\n<div class=\"gmail_default\"><\/div>\n<p>[\/et_pb_text][et_pb_gallery gallery_ids=\u00bb31359,31360,31358&#8243; posts_number=\u00bb3&#8243; show_title_and_caption=\u00bboff\u00bb show_pagination=\u00bboff\u00bb _builder_version=\u00bb3.10.2&#8243;][\/et_pb_gallery][\/et_pb_column][\/et_pb_row][\/et_pb_section]<\/p>\n","protected":false},"excerpt":{"rendered":"<p>[et_pb_section fb_built=\u00bb1&#8243; _builder_version=\u00bb3.0.47&#8243; custom_padding=\u00bb0|0px|5px|0px|false|false\u00bb][et_pb_row custom_padding=\u00bb7px|0px|2px|0px|false|false\u00bb _builder_version=\u00bb3.0.48&#8243; background_size=\u00bbinitial\u00bb background_position=\u00bbtop_left\u00bb background_repeat=\u00bbrepeat\u00bb][et_pb_column type=\u00bb4_4&#8243; _builder_version=\u00bb3.0.47&#8243; parallax=\u00bboff\u00bb parallax_method=\u00bbon\u00bb][et_pb_text _builder_version=\u00bb3.10.2&#8243; text_font=\u00bb||||||||\u00bb text_orientation=\u00bbjustified\u00bb] El d\u00eda jueves 23 de mayo se inicio las sesiones educativas en Liceo T\u00e9cnico Profesional de Bar\u00f3n, donde las estudiantes de la asignatura de TIPE I prepararon las tem\u00e1ticas de conceptos de sexualidad, orientaci\u00f3n sexual, identidad de g\u00e9nero y [&hellip;]<\/p>\n","protected":false},"author":2,"featured_media":31360,"comment_status":"closed","ping_status":"closed","sticky":false,"template":"","format":"standard","meta":{"footnotes":""},"categories":[71,5,4,23],"tags":[126,17,127,125,106],"class_list":["post-31357","post","type-post","status-publish","format-standard","has-post-thumbnail","hentry","category-71","category-actividades","category-portada","category-valparaiso","tag-educacion-sexual","tag-jornada","tag-liceo","tag-tipe","tag-vinculacion"],"_links":{"self":[{"href":"https:\/\/obstetricia.uv.cl\/inicio\/index.php\/wp-json\/wp\/v2\/posts\/31357","targetHints":{"allow":["GET"]}}],"collection":[{"href":"https:\/\/obstetricia.uv.cl\/inicio\/index.php\/wp-json\/wp\/v2\/posts"}],"about":[{"href":"https:\/\/obstetricia.uv.cl\/inicio\/index.php\/wp-json\/wp\/v2\/types\/post"}],"author":[{"embeddable":true,"href":"https:\/\/obstetricia.uv.cl\/inicio\/index.php\/wp-json\/wp\/v2\/users\/2"}],"replies":[{"embeddable":true,"href":"https:\/\/obstetricia.uv.cl\/inicio\/index.php\/wp-json\/wp\/v2\/comments?post=31357"}],"version-history":[{"count":0,"href":"https:\/\/obstetricia.uv.cl\/inicio\/index.php\/wp-json\/wp\/v2\/posts\/31357\/revisions"}],"wp:featuredmedia":[{"embeddable":true,"href":"https:\/\/obstetricia.uv.cl\/inicio\/index.php\/wp-json\/wp\/v2\/media\/31360"}],"wp:attachment":[{"href":"https:\/\/obstetricia.uv.cl\/inicio\/index.php\/wp-json\/wp\/v2\/media?parent=31357"}],"wp:term":[{"taxonomy":"category","embeddable":true,"href":"https:\/\/obstetricia.uv.cl\/inicio\/index.php\/wp-json\/wp\/v2\/categories?post=31357"},{"taxonomy":"post_tag","embeddable":true,"href":"https:\/\/obstetricia.uv.cl\/inicio\/index.php\/wp-json\/wp\/v2\/tags?post=31357"}],"curies":[{"name":"wp","href":"https:\/\/api.w.org\/{rel}","templated":true}]}}