{"id":31487,"date":"2019-07-01T13:53:47","date_gmt":"2019-07-01T17:53:47","guid":{"rendered":"https:\/\/obstetricia.uv.cl\/inicio\/?p=31487"},"modified":"2019-07-01T13:57:45","modified_gmt":"2019-07-01T17:57:45","slug":"31487","status":"publish","type":"post","link":"https:\/\/obstetricia.uv.cl\/inicio\/index.php\/2019\/07\/01\/31487\/","title":{"rendered":"3ras jornadas de la Asociaci\u00f3n de Directoras\/es de carreras de Obstetricia en Antofagasta"},"content":{"rendered":"<p>[et_pb_section fb_built=\u00bb1&#8243; _builder_version=\u00bb3.0.47&#8243; custom_padding=\u00bb0|0px|0|0px|false|false\u00bb][et_pb_row custom_padding=\u00bb6px|0px|1px|0px|false|false\u00bb _builder_version=\u00bb3.0.48&#8243; background_size=\u00bbinitial\u00bb background_position=\u00bbtop_left\u00bb background_repeat=\u00bbrepeat\u00bb][et_pb_column type=\u00bb4_4&#8243; _builder_version=\u00bb3.0.47&#8243; parallax=\u00bboff\u00bb parallax_method=\u00bbon\u00bb][et_pb_text _builder_version=\u00bb3.10.2&#8243; text_orientation=\u00bbjustified\u00bb]<\/p>\n<div class=\"gmail_default\">Los d\u00edas 27 y 28 de junio se realizaron las 3ras jornadas de la Asociaci\u00f3n de Directoras\/es de carreras de Obstetricia en Antofagasta con amplia convocatoria de universidades p\u00fablicas y privadas. Asistieron nuestra Directora Prof. Paula Oyarz\u00fan, secretaria acad\u00e9mica prof. Alejandra Mu\u00f1oz (campus Re\u00f1aca) y jefe de carrera prof.\u00a0 francisco Pantoja (sede San Felipe).<\/div>\n<div class=\"gmail_default\"><\/div>\n<div class=\"gmail_default\"><\/div>\n<div class=\"gmail_default\"><\/div>\n<div class=\"gmail_default\"><\/div>\n<div class=\"gmail_default\"><\/div>\n<div class=\"gmail_default\">En esta oportunidad se trabajaron las tem\u00e1ticas que fortalecen la matroner\u00eda a nivel pa\u00eds, tales como el estado de avance del c\u00f3digo sanitario y sus \u00e1mbitos de desempe\u00f1o profesional, lineas de investigaci\u00f3n de cada Escuela, perfiles de egreso y desaf\u00edos futuros de la profesi\u00f3n Matrona\/\u00f3n. Se acord\u00f3 que las pr\u00f3ximas jornadas se efectuaran en Santiago.<\/div>\n<p>[\/et_pb_text][\/et_pb_column][\/et_pb_row][\/et_pb_section]<\/p>\n","protected":false},"excerpt":{"rendered":"<p>[et_pb_section fb_built=\u00bb1&#8243; _builder_version=\u00bb3.0.47&#8243; custom_padding=\u00bb0|0px|0|0px|false|false\u00bb][et_pb_row custom_padding=\u00bb6px|0px|1px|0px|false|false\u00bb _builder_version=\u00bb3.0.48&#8243; background_size=\u00bbinitial\u00bb background_position=\u00bbtop_left\u00bb background_repeat=\u00bbrepeat\u00bb][et_pb_column type=\u00bb4_4&#8243; _builder_version=\u00bb3.0.47&#8243; parallax=\u00bboff\u00bb parallax_method=\u00bbon\u00bb][et_pb_text _builder_version=\u00bb3.10.2&#8243; text_orientation=\u00bbjustified\u00bb] Los d\u00edas 27 y 28 de junio se realizaron las 3ras jornadas de la Asociaci\u00f3n de Directoras\/es de carreras de Obstetricia en Antofagasta con amplia convocatoria de universidades p\u00fablicas y privadas. Asistieron nuestra Directora Prof. Paula Oyarz\u00fan, secretaria acad\u00e9mica prof. [&hellip;]<\/p>\n","protected":false},"author":2,"featured_media":31488,"comment_status":"open","ping_status":"open","sticky":false,"template":"","format":"standard","meta":{"footnotes":""},"categories":[71,5,4,24,23],"tags":[147,148,149,150],"class_list":["post-31487","post","type-post","status-publish","format-standard","has-post-thumbnail","hentry","category-71","category-actividades","category-portada","category-san-felipe","category-valparaiso","tag-asociacion-de-directoras-es-de-carreras-de-obstetricia","tag-directores","tag-directores-obstetricia","tag-jornadas"],"_links":{"self":[{"href":"https:\/\/obstetricia.uv.cl\/inicio\/index.php\/wp-json\/wp\/v2\/posts\/31487","targetHints":{"allow":["GET"]}}],"collection":[{"href":"https:\/\/obstetricia.uv.cl\/inicio\/index.php\/wp-json\/wp\/v2\/posts"}],"about":[{"href":"https:\/\/obstetricia.uv.cl\/inicio\/index.php\/wp-json\/wp\/v2\/types\/post"}],"author":[{"embeddable":true,"href":"https:\/\/obstetricia.uv.cl\/inicio\/index.php\/wp-json\/wp\/v2\/users\/2"}],"replies":[{"embeddable":true,"href":"https:\/\/obstetricia.uv.cl\/inicio\/index.php\/wp-json\/wp\/v2\/comments?post=31487"}],"version-history":[{"count":0,"href":"https:\/\/obstetricia.uv.cl\/inicio\/index.php\/wp-json\/wp\/v2\/posts\/31487\/revisions"}],"wp:featuredmedia":[{"embeddable":true,"href":"https:\/\/obstetricia.uv.cl\/inicio\/index.php\/wp-json\/wp\/v2\/media\/31488"}],"wp:attachment":[{"href":"https:\/\/obstetricia.uv.cl\/inicio\/index.php\/wp-json\/wp\/v2\/media?parent=31487"}],"wp:term":[{"taxonomy":"category","embeddable":true,"href":"https:\/\/obstetricia.uv.cl\/inicio\/index.php\/wp-json\/wp\/v2\/categories?post=31487"},{"taxonomy":"post_tag","embeddable":true,"href":"https:\/\/obstetricia.uv.cl\/inicio\/index.php\/wp-json\/wp\/v2\/tags?post=31487"}],"curies":[{"name":"wp","href":"https:\/\/api.w.org\/{rel}","templated":true}]}}