{"id":31722,"date":"2019-08-29T11:32:59","date_gmt":"2019-08-29T15:32:59","guid":{"rendered":"https:\/\/obstetricia.uv.cl\/inicio\/?p=31722"},"modified":"2019-08-29T11:35:59","modified_gmt":"2019-08-29T15:35:59","slug":"i-jornada-del-consejo-de-vinculacion-y-campos-clinico","status":"publish","type":"post","link":"https:\/\/obstetricia.uv.cl\/inicio\/index.php\/2019\/08\/29\/i-jornada-del-consejo-de-vinculacion-y-campos-clinico\/","title":{"rendered":"I Jornada del Consejo de Vinculaci\u00f3n y Campos Cl\u00ednicos"},"content":{"rendered":"<p>[et_pb_section fb_built=\u00bb1&#8243; _builder_version=\u00bb3.0.47&#8243; custom_padding=\u00bb1px|0px|6px|0px|false|false\u00bb][et_pb_row _builder_version=\u00bb3.0.48&#8243; background_size=\u00bbinitial\u00bb background_position=\u00bbtop_left\u00bb background_repeat=\u00bbrepeat\u00bb custom_padding=\u00bb7px|0px|0|0px|false|false\u00bb][et_pb_column type=\u00bb4_4&#8243; _builder_version=\u00bb3.0.47&#8243; parallax=\u00bboff\u00bb parallax_method=\u00bbon\u00bb][et_pb_text _builder_version=\u00bb3.10.2&#8243; text_orientation=\u00bbjustified\u00bb]<\/p>\n<p>El d\u00eda 23 de agosto del presente a\u00f1o, se lleva a cabo la primera Jornada de trabajo del \u00abConsejo de Vinculaci\u00f3n con el Medio y Campo Cl\u00ednico\u00bb. Instancia que tiene por objetivo generar un espacio permanente que permita fortalecer la relaci\u00f3n con distintos actores del medio social, especialmente con aquellos que se vinculan con el quehacer acad\u00e9mico y estudiantil de la Escuela Obstetricia y Puericultura de la Universidad de Valpara\u00edso. En esta ocasi\u00f3n asistieron matronas de diferentes niveles de atenci\u00f3n. Estamos agradecidos por la participaci\u00f3n y el grato ambiente de trabajo y retroalimentaci\u00f3n entre ambas partes, que sin duda enriquece el quehacer de nuestra profesi\u00f3n y la formaci\u00f3n de futuros profesionales matrona y matrones, esperamos volver a repetir esta experiencia que ayuda al desarrollo de nuestra la noble profesi\u00f3n del profesional Matrona\/Matr\u00f3n.<\/p>\n<p>En esta ocasi\u00f3n participaron:<\/p>\n<p>&nbsp;<\/p>\n<div class=\"gmail_default\">1.- Invitados:<\/div>\n<div class=\"gmail_default\">\n<ul>\n<li>Matrona Miriam C\u00e1rcamo, supervisora del servicio de Neonatolog\u00eda de la Cl\u00ednica Ciudad del Mar.<\/li>\n<li>Matrona Ingall Camus, encargada del programa de Salud de la Mujer en consultorio Jean Marie Terrie.<\/li>\n<li>Matrona Katherine Mu\u00f1oz, matrona cl\u00ednica y de APS en Hospital de Salamanca..<\/li>\n<li>Matrona Roxana Montino, supervisora del servicio de Neonatolog\u00eda del Hospital San Martin de Quillota.<\/li>\n<\/ul>\n<div>2.- Asistentes de la Escuela OyP:<\/div>\n<div>\n<ul>\n<li>Profesora Paula Oyarz\u00fan Andrades, Directora de la Escuela de Obstetricia y Puericultura.<\/li>\n<li>Profesora Ingrid Vargas Stevenson, Directora de Post\u00edtulo y Postgrado de la Escuela de Obstetricia y Puericultura.<\/li>\n<li>Profesora Maritza Cofr\u00e9 Conejeros, Directora del Departamento de Salud P\u00fablica y Comunitaria.<\/li>\n<li>Profesora Ingrid Sep\u00falveda Canales, Coordinadora de Campo Cl\u00ednico de la Escuela.<\/li>\n<\/ul>\n<\/div>\n<\/div>\n<p>[\/et_pb_text][\/et_pb_column][\/et_pb_row][\/et_pb_section]<\/p>\n","protected":false},"excerpt":{"rendered":"<p>[et_pb_section fb_built=\u00bb1&#8243; _builder_version=\u00bb3.0.47&#8243; custom_padding=\u00bb1px|0px|6px|0px|false|false\u00bb][et_pb_row _builder_version=\u00bb3.0.48&#8243; background_size=\u00bbinitial\u00bb background_position=\u00bbtop_left\u00bb background_repeat=\u00bbrepeat\u00bb custom_padding=\u00bb7px|0px|0|0px|false|false\u00bb][et_pb_column type=\u00bb4_4&#8243; _builder_version=\u00bb3.0.47&#8243; parallax=\u00bboff\u00bb parallax_method=\u00bbon\u00bb][et_pb_text _builder_version=\u00bb3.10.2&#8243; text_orientation=\u00bbjustified\u00bb] El d\u00eda 23 de agosto del presente a\u00f1o, se lleva a cabo la primera Jornada de trabajo del \u00abConsejo de Vinculaci\u00f3n con el Medio y Campo Cl\u00ednico\u00bb. Instancia que tiene por objetivo generar un espacio permanente que permita fortalecer la [&hellip;]<\/p>\n","protected":false},"author":2,"featured_media":31723,"comment_status":"open","ping_status":"open","sticky":false,"template":"","format":"standard","meta":{"footnotes":""},"categories":[71,4,119,23],"tags":[157,156,17,155],"class_list":["post-31722","post","type-post","status-publish","format-standard","has-post-thumbnail","hentry","category-71","category-portada","category-titulados","category-valparaiso","tag-consejo-de-vinculacion-y-campos-clinicos","tag-empleadores","tag-jornada","tag-vinculacion-con-el-medio"],"_links":{"self":[{"href":"https:\/\/obstetricia.uv.cl\/inicio\/index.php\/wp-json\/wp\/v2\/posts\/31722","targetHints":{"allow":["GET"]}}],"collection":[{"href":"https:\/\/obstetricia.uv.cl\/inicio\/index.php\/wp-json\/wp\/v2\/posts"}],"about":[{"href":"https:\/\/obstetricia.uv.cl\/inicio\/index.php\/wp-json\/wp\/v2\/types\/post"}],"author":[{"embeddable":true,"href":"https:\/\/obstetricia.uv.cl\/inicio\/index.php\/wp-json\/wp\/v2\/users\/2"}],"replies":[{"embeddable":true,"href":"https:\/\/obstetricia.uv.cl\/inicio\/index.php\/wp-json\/wp\/v2\/comments?post=31722"}],"version-history":[{"count":0,"href":"https:\/\/obstetricia.uv.cl\/inicio\/index.php\/wp-json\/wp\/v2\/posts\/31722\/revisions"}],"wp:featuredmedia":[{"embeddable":true,"href":"https:\/\/obstetricia.uv.cl\/inicio\/index.php\/wp-json\/wp\/v2\/media\/31723"}],"wp:attachment":[{"href":"https:\/\/obstetricia.uv.cl\/inicio\/index.php\/wp-json\/wp\/v2\/media?parent=31722"}],"wp:term":[{"taxonomy":"category","embeddable":true,"href":"https:\/\/obstetricia.uv.cl\/inicio\/index.php\/wp-json\/wp\/v2\/categories?post=31722"},{"taxonomy":"post_tag","embeddable":true,"href":"https:\/\/obstetricia.uv.cl\/inicio\/index.php\/wp-json\/wp\/v2\/tags?post=31722"}],"curies":[{"name":"wp","href":"https:\/\/api.w.org\/{rel}","templated":true}]}}