{"id":31745,"date":"2019-09-10T16:45:05","date_gmt":"2019-09-10T19:45:05","guid":{"rendered":"https:\/\/obstetricia.uv.cl\/inicio\/?p=31745"},"modified":"2019-09-10T16:45:44","modified_gmt":"2019-09-10T19:45:44","slug":"semana-de-la-lactancia-materna","status":"publish","type":"post","link":"https:\/\/obstetricia.uv.cl\/inicio\/index.php\/2019\/09\/10\/semana-de-la-lactancia-materna\/","title":{"rendered":"SEMANA DE LA LACTANCIA MATERNA"},"content":{"rendered":"<p>[et_pb_section fb_built=\u00bb1&#8243; _builder_version=\u00bb3.0.47&#8243; custom_padding=\u00bb0|0px|3px|0px|false|false\u00bb][et_pb_row _builder_version=\u00bb3.0.48&#8243; background_size=\u00bbinitial\u00bb background_position=\u00bbtop_left\u00bb background_repeat=\u00bbrepeat\u00bb custom_padding=\u00bb0|0px|3px|0px|false|false\u00bb][et_pb_column type=\u00bb4_4&#8243; _builder_version=\u00bb3.0.47&#8243; parallax=\u00bboff\u00bb parallax_method=\u00bbon\u00bb][et_pb_text _builder_version=\u00bb3.10.2&#8243; text_orientation=\u00bbjustified\u00bb]En el marco de la conmemoraci\u00f3n de la \u00abSemana Mundial de la Lactancia Materna\u00bb, la carrera de Obstetricia y Puericultura de nuestro campus realiz\u00f3 la jornada \u00abHagamos posible la lactancia materna\u00bb, actividad certificada dirigida a profesionales de la salud de diversos establecimientos de Aconcagua en donde se actualizaron los conocimientos sobre la materia. Adem\u00e1s, las carreras de OyP y Fonoaudiolog\u00eda, participaron activamente de la feria organizada por la Mesa de Lactancia Comunal de San Felipe, con el prop\u00f3sito de reforzar la importancia fundamental de esta pr\u00e1ctica para los seres humanos<br \/>\n[\/et_pb_text][et_pb_gallery gallery_ids=\u00bb31746,31747,31748,31749,31750,31751,31752&#8243; gallery_orderby=\u00bbrand\u00bb posts_number=\u00bb7&#8243; show_title_and_caption=\u00bboff\u00bb show_pagination=\u00bboff\u00bb _builder_version=\u00bb3.10.2&#8243;][\/et_pb_gallery][\/et_pb_column][\/et_pb_row][\/et_pb_section]<\/p>\n","protected":false},"excerpt":{"rendered":"<p>[et_pb_section fb_built=\u00bb1&#8243; _builder_version=\u00bb3.0.47&#8243; custom_padding=\u00bb0|0px|3px|0px|false|false\u00bb][et_pb_row _builder_version=\u00bb3.0.48&#8243; background_size=\u00bbinitial\u00bb background_position=\u00bbtop_left\u00bb background_repeat=\u00bbrepeat\u00bb custom_padding=\u00bb0|0px|3px|0px|false|false\u00bb][et_pb_column type=\u00bb4_4&#8243; _builder_version=\u00bb3.0.47&#8243; parallax=\u00bboff\u00bb parallax_method=\u00bbon\u00bb][et_pb_text _builder_version=\u00bb3.10.2&#8243; text_orientation=\u00bbjustified\u00bb]En el marco de la conmemoraci\u00f3n de la \u00abSemana Mundial de la Lactancia Materna\u00bb, la carrera de Obstetricia y Puericultura de nuestro campus realiz\u00f3 la jornada \u00abHagamos posible la lactancia materna\u00bb, actividad certificada dirigida a profesionales de la salud de diversos [&hellip;]<\/p>\n","protected":false},"author":2,"featured_media":31751,"comment_status":"open","ping_status":"open","sticky":false,"template":"","format":"standard","meta":{"footnotes":""},"categories":[71,5,4,24],"tags":[128],"class_list":["post-31745","post","type-post","status-publish","format-standard","has-post-thumbnail","hentry","category-71","category-actividades","category-portada","category-san-felipe","tag-lactancia-materna"],"_links":{"self":[{"href":"https:\/\/obstetricia.uv.cl\/inicio\/index.php\/wp-json\/wp\/v2\/posts\/31745","targetHints":{"allow":["GET"]}}],"collection":[{"href":"https:\/\/obstetricia.uv.cl\/inicio\/index.php\/wp-json\/wp\/v2\/posts"}],"about":[{"href":"https:\/\/obstetricia.uv.cl\/inicio\/index.php\/wp-json\/wp\/v2\/types\/post"}],"author":[{"embeddable":true,"href":"https:\/\/obstetricia.uv.cl\/inicio\/index.php\/wp-json\/wp\/v2\/users\/2"}],"replies":[{"embeddable":true,"href":"https:\/\/obstetricia.uv.cl\/inicio\/index.php\/wp-json\/wp\/v2\/comments?post=31745"}],"version-history":[{"count":0,"href":"https:\/\/obstetricia.uv.cl\/inicio\/index.php\/wp-json\/wp\/v2\/posts\/31745\/revisions"}],"wp:featuredmedia":[{"embeddable":true,"href":"https:\/\/obstetricia.uv.cl\/inicio\/index.php\/wp-json\/wp\/v2\/media\/31751"}],"wp:attachment":[{"href":"https:\/\/obstetricia.uv.cl\/inicio\/index.php\/wp-json\/wp\/v2\/media?parent=31745"}],"wp:term":[{"taxonomy":"category","embeddable":true,"href":"https:\/\/obstetricia.uv.cl\/inicio\/index.php\/wp-json\/wp\/v2\/categories?post=31745"},{"taxonomy":"post_tag","embeddable":true,"href":"https:\/\/obstetricia.uv.cl\/inicio\/index.php\/wp-json\/wp\/v2\/tags?post=31745"}],"curies":[{"name":"wp","href":"https:\/\/api.w.org\/{rel}","templated":true}]}}