{"id":31758,"date":"2019-09-11T12:41:55","date_gmt":"2019-09-11T15:41:55","guid":{"rendered":"https:\/\/obstetricia.uv.cl\/inicio\/?p=31758"},"modified":"2019-09-11T12:43:33","modified_gmt":"2019-09-11T15:43:33","slug":"con-la-visita-de-la-presidenta-de-la-confederacion-internacional-de-matronas-se-llevo-a-cabo-la-jornada-relevando-la-matroneria-en-el-campus-san-felipe","status":"publish","type":"post","link":"https:\/\/obstetricia.uv.cl\/inicio\/index.php\/2019\/09\/11\/con-la-visita-de-la-presidenta-de-la-confederacion-internacional-de-matronas-se-llevo-a-cabo-la-jornada-relevando-la-matroneria-en-el-campus-san-felipe\/","title":{"rendered":"Con la visita de la presidenta de la Confederaci\u00f3n Internacional de Matronas, se llev\u00f3 a cabo la jornada \u00abRelevando la Matroner\u00eda\u00bb en el Campus San Felipe."},"content":{"rendered":"<p>[et_pb_section fb_built=\u00bb1&#8243; _builder_version=\u00bb3.0.47&#8243; custom_padding=\u00bb5px|0px|6px|0px|false|false\u00bb][et_pb_row _builder_version=\u00bb3.0.48&#8243; background_size=\u00bbinitial\u00bb background_position=\u00bbtop_left\u00bb background_repeat=\u00bbrepeat\u00bb custom_padding=\u00bb2px|0px|4px|0px|false|false\u00bb][et_pb_column type=\u00bb4_4&#8243; _builder_version=\u00bb3.0.47&#8243; parallax=\u00bboff\u00bb parallax_method=\u00bbon\u00bb][et_pb_text _builder_version=\u00bb3.10.2&#8243; text_orientation=\u00bbjustified\u00bb]<\/p>\n<div id=\"js_1k\" class=\"_5pbx userContent _3576\" data-testid=\"post_message\" data-ft=\"{&quot;tn&quot;:&quot;K&quot;}\">\n<p>Con la visita ilustre de la presidenta de la Confederaci\u00f3n Internacional de Matronas, Franka Cad\u00e9e, en compa\u00f1\u00eda de la presidenta del Colegio de Matronas de Chile, Anita Rom\u00e1n, y las m\u00e1ximas autoridades de la Facultad de Medicina y de la Escuela de Obstetricia y Puericultura, se llev\u00f3 a cabo esta ma\u00f1ana la jornada \u00abRelevando la Matroner\u00eda\u00bb, un encuentro acad\u00e9mico para conmemorar los 185 a\u00f1os de la matroner\u00eda en nuestro pa\u00eds.<\/p>\n<\/div>\n<p>[\/et_pb_text][et_pb_gallery gallery_ids=\u00bb31759,31760,31761,31762,31763,31764,31765&#8243; posts_number=\u00bb7&#8243; show_title_and_caption=\u00bboff\u00bb show_pagination=\u00bboff\u00bb _builder_version=\u00bb3.10.2&#8243;][\/et_pb_gallery][\/et_pb_column][\/et_pb_row][\/et_pb_section]<\/p>\n","protected":false},"excerpt":{"rendered":"<p>[et_pb_section fb_built=\u00bb1&#8243; _builder_version=\u00bb3.0.47&#8243; custom_padding=\u00bb5px|0px|6px|0px|false|false\u00bb][et_pb_row _builder_version=\u00bb3.0.48&#8243; background_size=\u00bbinitial\u00bb background_position=\u00bbtop_left\u00bb background_repeat=\u00bbrepeat\u00bb custom_padding=\u00bb2px|0px|4px|0px|false|false\u00bb][et_pb_column type=\u00bb4_4&#8243; _builder_version=\u00bb3.0.47&#8243; parallax=\u00bboff\u00bb parallax_method=\u00bbon\u00bb][et_pb_text _builder_version=\u00bb3.10.2&#8243; text_orientation=\u00bbjustified\u00bb] Con la visita ilustre de la presidenta de la Confederaci\u00f3n Internacional de Matronas, Franka Cad\u00e9e, en compa\u00f1\u00eda de la presidenta del Colegio de Matronas de Chile, Anita Rom\u00e1n, y las m\u00e1ximas autoridades de la Facultad de Medicina y de la [&hellip;]<\/p>\n","protected":false},"author":2,"featured_media":31760,"comment_status":"open","ping_status":"open","sticky":false,"template":"","format":"standard","meta":{"footnotes":""},"categories":[71,5,4,24],"tags":[17],"class_list":["post-31758","post","type-post","status-publish","format-standard","has-post-thumbnail","hentry","category-71","category-actividades","category-portada","category-san-felipe","tag-jornada"],"_links":{"self":[{"href":"https:\/\/obstetricia.uv.cl\/inicio\/index.php\/wp-json\/wp\/v2\/posts\/31758","targetHints":{"allow":["GET"]}}],"collection":[{"href":"https:\/\/obstetricia.uv.cl\/inicio\/index.php\/wp-json\/wp\/v2\/posts"}],"about":[{"href":"https:\/\/obstetricia.uv.cl\/inicio\/index.php\/wp-json\/wp\/v2\/types\/post"}],"author":[{"embeddable":true,"href":"https:\/\/obstetricia.uv.cl\/inicio\/index.php\/wp-json\/wp\/v2\/users\/2"}],"replies":[{"embeddable":true,"href":"https:\/\/obstetricia.uv.cl\/inicio\/index.php\/wp-json\/wp\/v2\/comments?post=31758"}],"version-history":[{"count":0,"href":"https:\/\/obstetricia.uv.cl\/inicio\/index.php\/wp-json\/wp\/v2\/posts\/31758\/revisions"}],"wp:featuredmedia":[{"embeddable":true,"href":"https:\/\/obstetricia.uv.cl\/inicio\/index.php\/wp-json\/wp\/v2\/media\/31760"}],"wp:attachment":[{"href":"https:\/\/obstetricia.uv.cl\/inicio\/index.php\/wp-json\/wp\/v2\/media?parent=31758"}],"wp:term":[{"taxonomy":"category","embeddable":true,"href":"https:\/\/obstetricia.uv.cl\/inicio\/index.php\/wp-json\/wp\/v2\/categories?post=31758"},{"taxonomy":"post_tag","embeddable":true,"href":"https:\/\/obstetricia.uv.cl\/inicio\/index.php\/wp-json\/wp\/v2\/tags?post=31758"}],"curies":[{"name":"wp","href":"https:\/\/api.w.org\/{rel}","templated":true}]}}