{"id":31796,"date":"2019-10-07T17:09:22","date_gmt":"2019-10-07T20:09:22","guid":{"rendered":"https:\/\/obstetricia.uv.cl\/inicio\/?p=31796"},"modified":"2019-10-07T17:11:06","modified_gmt":"2019-10-07T20:11:06","slug":"31796","status":"publish","type":"post","link":"https:\/\/obstetricia.uv.cl\/inicio\/index.php\/2019\/10\/07\/31796\/","title":{"rendered":"Departamento de Neonatolog\u00eda publica en el Libro:\u00a0\u00abProcedimientos y T\u00e9cnicas en Neonatolog\u00eda\u00bb de la editorial Mediterr\u00e1neo"},"content":{"rendered":"<p>[et_pb_section bb_built=\u00bb1&#8243;][et_pb_row][et_pb_column type=\u00bb4_4&#8243;][et_pb_text _builder_version=\u00bb3.10.2&#8243; text_orientation=\u00bbjustified\u00bb]<\/p>\n<p>Con especial menci\u00f3n y orgullo se felicita a las Profesoras del Depto. de Salud Fetal y neonatal de nuestra escuela, profesoras<b>\u00a0Ingrid Sep\u00falveda, Soledad Herrera, Francisca Rojo<\/b>\u00a0y la Directora de Escuela prof.\u00a0<b>Paula Oyarz\u00fan<\/b>\u00a0por la publicaci\u00f3n del Libro:\u00a0<b>Procedimientos y T\u00e9cnicas en Neonatolog\u00eda<\/b>\u00a0de la Editorial Mediterr\u00e1neo, en el cual participan como autoras en tres cap\u00edtulos. Este es un logro que reconoce su alta preparaci\u00f3n, investigaci\u00f3n y dedicaci\u00f3n en un \u00e1rea especializada de nuestra profesi\u00f3n.<\/p>\n<p>[\/et_pb_text][et_pb_gallery _builder_version=\u00bb3.10.2&#8243; gallery_ids=\u00bb31797,31798,31799,31804&#8243; show_title_and_caption=\u00bboff\u00bb show_pagination=\u00bboff\u00bb hover_overlay_color=\u00bbrgba(255,255,255,0.9)\u00bb \/][\/et_pb_column][\/et_pb_row][\/et_pb_section]<\/p>\n","protected":false},"excerpt":{"rendered":"<p>[et_pb_section bb_built=\u00bb1&#8243;][et_pb_row][et_pb_column type=\u00bb4_4&#8243;][et_pb_text _builder_version=\u00bb3.10.2&#8243; text_orientation=\u00bbjustified\u00bb] Con especial menci\u00f3n y orgullo se felicita a las Profesoras del Depto. de Salud Fetal y neonatal de nuestra escuela, profesoras\u00a0Ingrid Sep\u00falveda, Soledad Herrera, Francisca Rojo\u00a0y la Directora de Escuela prof.\u00a0Paula Oyarz\u00fan\u00a0por la publicaci\u00f3n del Libro:\u00a0Procedimientos y T\u00e9cnicas en Neonatolog\u00eda\u00a0de la Editorial Mediterr\u00e1neo, en el cual participan como autoras en [&hellip;]<\/p>\n","protected":false},"author":2,"featured_media":31809,"comment_status":"open","ping_status":"open","sticky":false,"template":"","format":"standard","meta":{"footnotes":""},"categories":[71,4,23],"tags":[158,78,40],"class_list":["post-31796","post","type-post","status-publish","format-standard","has-post-thumbnail","hentry","category-71","category-portada","category-valparaiso","tag-libro","tag-neonatologia","tag-publicacion"],"_links":{"self":[{"href":"https:\/\/obstetricia.uv.cl\/inicio\/index.php\/wp-json\/wp\/v2\/posts\/31796","targetHints":{"allow":["GET"]}}],"collection":[{"href":"https:\/\/obstetricia.uv.cl\/inicio\/index.php\/wp-json\/wp\/v2\/posts"}],"about":[{"href":"https:\/\/obstetricia.uv.cl\/inicio\/index.php\/wp-json\/wp\/v2\/types\/post"}],"author":[{"embeddable":true,"href":"https:\/\/obstetricia.uv.cl\/inicio\/index.php\/wp-json\/wp\/v2\/users\/2"}],"replies":[{"embeddable":true,"href":"https:\/\/obstetricia.uv.cl\/inicio\/index.php\/wp-json\/wp\/v2\/comments?post=31796"}],"version-history":[{"count":0,"href":"https:\/\/obstetricia.uv.cl\/inicio\/index.php\/wp-json\/wp\/v2\/posts\/31796\/revisions"}],"wp:featuredmedia":[{"embeddable":true,"href":"https:\/\/obstetricia.uv.cl\/inicio\/index.php\/wp-json\/wp\/v2\/media\/31809"}],"wp:attachment":[{"href":"https:\/\/obstetricia.uv.cl\/inicio\/index.php\/wp-json\/wp\/v2\/media?parent=31796"}],"wp:term":[{"taxonomy":"category","embeddable":true,"href":"https:\/\/obstetricia.uv.cl\/inicio\/index.php\/wp-json\/wp\/v2\/categories?post=31796"},{"taxonomy":"post_tag","embeddable":true,"href":"https:\/\/obstetricia.uv.cl\/inicio\/index.php\/wp-json\/wp\/v2\/tags?post=31796"}],"curies":[{"name":"wp","href":"https:\/\/api.w.org\/{rel}","templated":true}]}}