{"id":32197,"date":"2020-06-02T09:55:20","date_gmt":"2020-06-02T13:55:20","guid":{"rendered":"https:\/\/obstetricia.uv.cl\/inicio\/?p=32197"},"modified":"2020-06-02T09:59:25","modified_gmt":"2020-06-02T13:59:25","slug":"recordando-la-semana-del-parto-respetado-2020","status":"publish","type":"post","link":"https:\/\/obstetricia.uv.cl\/inicio\/index.php\/2020\/06\/02\/recordando-la-semana-del-parto-respetado-2020\/","title":{"rendered":"Recordando la Semana del Parto Respetado 2020"},"content":{"rendered":"<div class=\"gmail_default\">El Comit\u00e9 de Vinculaci\u00f3n con el Medio y Extensi\u00f3n de los\/las estudiantes de la carrera realizaron una recopilaci\u00f3n de im\u00e1genes haciendo part\u00edcipes a docentes, funcionarios y estudiantes.\u00a0 En algunas im\u00e1genes\u00a0se puede observar adem\u00e1s parte de las familias de los\/las integrantes de la Escuela, que a pesar de la crisis sanitaria que se vive actualmente han querido reflejar el el sello social con que se caracteriza la Escuela de Obstetricia y Puericultura de la Universidad de Valpara\u00edso.<\/div>\n<div class=\"gmail_default\"><\/div>\n<div class=\"gmail_default\">El sentido de esta recopilaci\u00f3n es representar el lema y esencia que caracteriza a la comunidad de la Escuela, cambiando la forma de nacer, cambiamos la forma de vivir\u00bb, lo cual se evidencia por el apoyo a la comunidad a trav\u00e9s de m\u00faltiples acciones tanto cl\u00ednicas como comunitarias donde se expresa el trato humano, cordial y afectivo hacia las mujeres y sus familias el proceso de gestar y parir.<\/div>\n<div>\n\n<div uk-grid class=\"uk-child-width-1-5\">\n\n            <div class='uk-text-center'>\n\n            \n            <a href='https:\/\/obstetricia.uv.cl\/inicio\/index.php\/2020\/06\/02\/recordando-la-semana-del-parto-respetado-2020\/100530267_902101330213425_4910449767512801280_o\/'><img loading=\"lazy\" decoding=\"async\" width=\"300\" height=\"300\" src=\"https:\/\/obstetricia.uv.cl\/inicio\/wp-content\/uploads\/2020\/06\/100530267_902101330213425_4910449767512801280_o-300x300.jpg\" class=\"attachment-medium size-medium\" alt=\"\" srcset=\"https:\/\/obstetricia.uv.cl\/inicio\/wp-content\/uploads\/2020\/06\/100530267_902101330213425_4910449767512801280_o-300x300.jpg 300w, https:\/\/obstetricia.uv.cl\/inicio\/wp-content\/uploads\/2020\/06\/100530267_902101330213425_4910449767512801280_o-150x150.jpg 150w, https:\/\/obstetricia.uv.cl\/inicio\/wp-content\/uploads\/2020\/06\/100530267_902101330213425_4910449767512801280_o-610x610.jpg 610w, https:\/\/obstetricia.uv.cl\/inicio\/wp-content\/uploads\/2020\/06\/100530267_902101330213425_4910449767512801280_o-50x50.jpg 50w, https:\/\/obstetricia.uv.cl\/inicio\/wp-content\/uploads\/2020\/06\/100530267_902101330213425_4910449767512801280_o.jpg 960w\" sizes=\"auto, (max-width: 300px) 100vw, 300px\" \/><\/a>\n            \n        <\/div>\n            <div class='uk-text-center'>\n\n            \n            <a href='https:\/\/obstetricia.uv.cl\/inicio\/index.php\/2020\/06\/02\/recordando-la-semana-del-parto-respetado-2020\/99244043_902101246880100_2232758870747381760_o\/'><img loading=\"lazy\" decoding=\"async\" width=\"300\" height=\"300\" src=\"https:\/\/obstetricia.uv.cl\/inicio\/wp-content\/uploads\/2020\/06\/99244043_902101246880100_2232758870747381760_o-300x300.jpg\" class=\"attachment-medium size-medium\" alt=\"\" srcset=\"https:\/\/obstetricia.uv.cl\/inicio\/wp-content\/uploads\/2020\/06\/99244043_902101246880100_2232758870747381760_o-300x300.jpg 300w, https:\/\/obstetricia.uv.cl\/inicio\/wp-content\/uploads\/2020\/06\/99244043_902101246880100_2232758870747381760_o-150x150.jpg 150w, https:\/\/obstetricia.uv.cl\/inicio\/wp-content\/uploads\/2020\/06\/99244043_902101246880100_2232758870747381760_o-610x610.jpg 610w, https:\/\/obstetricia.uv.cl\/inicio\/wp-content\/uploads\/2020\/06\/99244043_902101246880100_2232758870747381760_o-50x50.jpg 50w, https:\/\/obstetricia.uv.cl\/inicio\/wp-content\/uploads\/2020\/06\/99244043_902101246880100_2232758870747381760_o.jpg 960w\" sizes=\"auto, (max-width: 300px) 100vw, 300px\" \/><\/a>\n            \n        <\/div>\n            <div class='uk-text-center'>\n\n            \n            <a href='https:\/\/obstetricia.uv.cl\/inicio\/index.php\/2020\/06\/02\/recordando-la-semana-del-parto-respetado-2020\/98186020_902101420213416_5493631383425253376_o\/'><img loading=\"lazy\" decoding=\"async\" width=\"300\" height=\"300\" src=\"https:\/\/obstetricia.uv.cl\/inicio\/wp-content\/uploads\/2020\/06\/98186020_902101420213416_5493631383425253376_o-300x300.jpg\" class=\"attachment-medium size-medium\" alt=\"\" srcset=\"https:\/\/obstetricia.uv.cl\/inicio\/wp-content\/uploads\/2020\/06\/98186020_902101420213416_5493631383425253376_o-300x300.jpg 300w, https:\/\/obstetricia.uv.cl\/inicio\/wp-content\/uploads\/2020\/06\/98186020_902101420213416_5493631383425253376_o-150x150.jpg 150w, https:\/\/obstetricia.uv.cl\/inicio\/wp-content\/uploads\/2020\/06\/98186020_902101420213416_5493631383425253376_o-610x610.jpg 610w, https:\/\/obstetricia.uv.cl\/inicio\/wp-content\/uploads\/2020\/06\/98186020_902101420213416_5493631383425253376_o-50x50.jpg 50w, https:\/\/obstetricia.uv.cl\/inicio\/wp-content\/uploads\/2020\/06\/98186020_902101420213416_5493631383425253376_o.jpg 960w\" sizes=\"auto, (max-width: 300px) 100vw, 300px\" \/><\/a>\n            \n        <\/div>\n            <div class='uk-text-center'>\n\n            \n            <a href='https:\/\/obstetricia.uv.cl\/inicio\/index.php\/2020\/06\/02\/recordando-la-semana-del-parto-respetado-2020\/99370341_902101680213390_3079946048966230016_o\/'><img loading=\"lazy\" decoding=\"async\" width=\"300\" height=\"300\" src=\"https:\/\/obstetricia.uv.cl\/inicio\/wp-content\/uploads\/2020\/06\/99370341_902101680213390_3079946048966230016_o-300x300.jpg\" class=\"attachment-medium size-medium\" alt=\"\" srcset=\"https:\/\/obstetricia.uv.cl\/inicio\/wp-content\/uploads\/2020\/06\/99370341_902101680213390_3079946048966230016_o-300x300.jpg 300w, https:\/\/obstetricia.uv.cl\/inicio\/wp-content\/uploads\/2020\/06\/99370341_902101680213390_3079946048966230016_o-150x150.jpg 150w, https:\/\/obstetricia.uv.cl\/inicio\/wp-content\/uploads\/2020\/06\/99370341_902101680213390_3079946048966230016_o-610x610.jpg 610w, https:\/\/obstetricia.uv.cl\/inicio\/wp-content\/uploads\/2020\/06\/99370341_902101680213390_3079946048966230016_o-50x50.jpg 50w, https:\/\/obstetricia.uv.cl\/inicio\/wp-content\/uploads\/2020\/06\/99370341_902101680213390_3079946048966230016_o.jpg 960w\" sizes=\"auto, (max-width: 300px) 100vw, 300px\" \/><\/a>\n            \n        <\/div>\n            <div class='uk-text-center'>\n\n            \n            <a href='https:\/\/obstetricia.uv.cl\/inicio\/index.php\/2020\/06\/02\/recordando-la-semana-del-parto-respetado-2020\/99415922_902101766880048_1781217856428441600_o\/'><img loading=\"lazy\" decoding=\"async\" width=\"300\" height=\"300\" src=\"https:\/\/obstetricia.uv.cl\/inicio\/wp-content\/uploads\/2020\/06\/99415922_902101766880048_1781217856428441600_o-300x300.jpg\" class=\"attachment-medium size-medium\" alt=\"\" srcset=\"https:\/\/obstetricia.uv.cl\/inicio\/wp-content\/uploads\/2020\/06\/99415922_902101766880048_1781217856428441600_o-300x300.jpg 300w, https:\/\/obstetricia.uv.cl\/inicio\/wp-content\/uploads\/2020\/06\/99415922_902101766880048_1781217856428441600_o-150x150.jpg 150w, https:\/\/obstetricia.uv.cl\/inicio\/wp-content\/uploads\/2020\/06\/99415922_902101766880048_1781217856428441600_o-610x610.jpg 610w, https:\/\/obstetricia.uv.cl\/inicio\/wp-content\/uploads\/2020\/06\/99415922_902101766880048_1781217856428441600_o-50x50.jpg 50w, https:\/\/obstetricia.uv.cl\/inicio\/wp-content\/uploads\/2020\/06\/99415922_902101766880048_1781217856428441600_o.jpg 960w\" sizes=\"auto, (max-width: 300px) 100vw, 300px\" \/><\/a>\n            \n        <\/div>\n            <div class='uk-text-center'>\n\n            \n            <a href='https:\/\/obstetricia.uv.cl\/inicio\/index.php\/2020\/06\/02\/recordando-la-semana-del-parto-respetado-2020\/99296956_902101213546770_2952702802394087424_o\/'><img loading=\"lazy\" decoding=\"async\" width=\"300\" height=\"300\" src=\"https:\/\/obstetricia.uv.cl\/inicio\/wp-content\/uploads\/2020\/06\/99296956_902101213546770_2952702802394087424_o-300x300.jpg\" class=\"attachment-medium size-medium\" alt=\"\" srcset=\"https:\/\/obstetricia.uv.cl\/inicio\/wp-content\/uploads\/2020\/06\/99296956_902101213546770_2952702802394087424_o-300x300.jpg 300w, https:\/\/obstetricia.uv.cl\/inicio\/wp-content\/uploads\/2020\/06\/99296956_902101213546770_2952702802394087424_o-150x150.jpg 150w, https:\/\/obstetricia.uv.cl\/inicio\/wp-content\/uploads\/2020\/06\/99296956_902101213546770_2952702802394087424_o-610x610.jpg 610w, https:\/\/obstetricia.uv.cl\/inicio\/wp-content\/uploads\/2020\/06\/99296956_902101213546770_2952702802394087424_o-50x50.jpg 50w, https:\/\/obstetricia.uv.cl\/inicio\/wp-content\/uploads\/2020\/06\/99296956_902101213546770_2952702802394087424_o.jpg 960w\" sizes=\"auto, (max-width: 300px) 100vw, 300px\" \/><\/a>\n            \n        <\/div>\n            <div class='uk-text-center'>\n\n            \n            <a href='https:\/\/obstetricia.uv.cl\/inicio\/index.php\/2020\/06\/02\/recordando-la-semana-del-parto-respetado-2020\/100713264_902101600213398_1545380313146851328_o\/'><img loading=\"lazy\" decoding=\"async\" width=\"300\" height=\"300\" src=\"https:\/\/obstetricia.uv.cl\/inicio\/wp-content\/uploads\/2020\/06\/100713264_902101600213398_1545380313146851328_o-300x300.jpg\" class=\"attachment-medium size-medium\" alt=\"\" srcset=\"https:\/\/obstetricia.uv.cl\/inicio\/wp-content\/uploads\/2020\/06\/100713264_902101600213398_1545380313146851328_o-300x300.jpg 300w, https:\/\/obstetricia.uv.cl\/inicio\/wp-content\/uploads\/2020\/06\/100713264_902101600213398_1545380313146851328_o-150x150.jpg 150w, https:\/\/obstetricia.uv.cl\/inicio\/wp-content\/uploads\/2020\/06\/100713264_902101600213398_1545380313146851328_o-610x610.jpg 610w, https:\/\/obstetricia.uv.cl\/inicio\/wp-content\/uploads\/2020\/06\/100713264_902101600213398_1545380313146851328_o-50x50.jpg 50w, https:\/\/obstetricia.uv.cl\/inicio\/wp-content\/uploads\/2020\/06\/100713264_902101600213398_1545380313146851328_o.jpg 960w\" sizes=\"auto, (max-width: 300px) 100vw, 300px\" \/><\/a>\n            \n        <\/div>\n            <div class='uk-text-center'>\n\n            \n            <a href='https:\/\/obstetricia.uv.cl\/inicio\/index.php\/2020\/06\/02\/recordando-la-semana-del-parto-respetado-2020\/100549393_902101796880045_7623817527381983232_o\/'><img loading=\"lazy\" decoding=\"async\" width=\"300\" height=\"300\" src=\"https:\/\/obstetricia.uv.cl\/inicio\/wp-content\/uploads\/2020\/06\/100549393_902101796880045_7623817527381983232_o-300x300.jpg\" class=\"attachment-medium size-medium\" alt=\"\" srcset=\"https:\/\/obstetricia.uv.cl\/inicio\/wp-content\/uploads\/2020\/06\/100549393_902101796880045_7623817527381983232_o-300x300.jpg 300w, https:\/\/obstetricia.uv.cl\/inicio\/wp-content\/uploads\/2020\/06\/100549393_902101796880045_7623817527381983232_o-150x150.jpg 150w, https:\/\/obstetricia.uv.cl\/inicio\/wp-content\/uploads\/2020\/06\/100549393_902101796880045_7623817527381983232_o-610x610.jpg 610w, https:\/\/obstetricia.uv.cl\/inicio\/wp-content\/uploads\/2020\/06\/100549393_902101796880045_7623817527381983232_o-50x50.jpg 50w, https:\/\/obstetricia.uv.cl\/inicio\/wp-content\/uploads\/2020\/06\/100549393_902101796880045_7623817527381983232_o.jpg 960w\" sizes=\"auto, (max-width: 300px) 100vw, 300px\" \/><\/a>\n            \n        <\/div>\n            <div class='uk-text-center'>\n\n            \n            <a href='https:\/\/obstetricia.uv.cl\/inicio\/index.php\/2020\/06\/02\/recordando-la-semana-del-parto-respetado-2020\/100087049_902101180213440_8789414897818533888_o\/'><img loading=\"lazy\" decoding=\"async\" width=\"300\" height=\"300\" src=\"https:\/\/obstetricia.uv.cl\/inicio\/wp-content\/uploads\/2020\/06\/100087049_902101180213440_8789414897818533888_o-300x300.jpg\" class=\"attachment-medium size-medium\" alt=\"\" srcset=\"https:\/\/obstetricia.uv.cl\/inicio\/wp-content\/uploads\/2020\/06\/100087049_902101180213440_8789414897818533888_o-300x300.jpg 300w, https:\/\/obstetricia.uv.cl\/inicio\/wp-content\/uploads\/2020\/06\/100087049_902101180213440_8789414897818533888_o-150x150.jpg 150w, https:\/\/obstetricia.uv.cl\/inicio\/wp-content\/uploads\/2020\/06\/100087049_902101180213440_8789414897818533888_o-610x610.jpg 610w, https:\/\/obstetricia.uv.cl\/inicio\/wp-content\/uploads\/2020\/06\/100087049_902101180213440_8789414897818533888_o-50x50.jpg 50w, https:\/\/obstetricia.uv.cl\/inicio\/wp-content\/uploads\/2020\/06\/100087049_902101180213440_8789414897818533888_o.jpg 960w\" sizes=\"auto, (max-width: 300px) 100vw, 300px\" \/><\/a>\n            \n        <\/div>\n            <div class='uk-text-center'>\n\n            \n            <a href='https:\/\/obstetricia.uv.cl\/inicio\/index.php\/2020\/06\/02\/recordando-la-semana-del-parto-respetado-2020\/98058575_902101503546741_7947280160212910080_o\/'><img loading=\"lazy\" decoding=\"async\" width=\"300\" height=\"300\" src=\"https:\/\/obstetricia.uv.cl\/inicio\/wp-content\/uploads\/2020\/06\/98058575_902101503546741_7947280160212910080_o-300x300.jpg\" class=\"attachment-medium size-medium\" alt=\"\" srcset=\"https:\/\/obstetricia.uv.cl\/inicio\/wp-content\/uploads\/2020\/06\/98058575_902101503546741_7947280160212910080_o-300x300.jpg 300w, https:\/\/obstetricia.uv.cl\/inicio\/wp-content\/uploads\/2020\/06\/98058575_902101503546741_7947280160212910080_o-150x150.jpg 150w, https:\/\/obstetricia.uv.cl\/inicio\/wp-content\/uploads\/2020\/06\/98058575_902101503546741_7947280160212910080_o-610x610.jpg 610w, https:\/\/obstetricia.uv.cl\/inicio\/wp-content\/uploads\/2020\/06\/98058575_902101503546741_7947280160212910080_o-50x50.jpg 50w, https:\/\/obstetricia.uv.cl\/inicio\/wp-content\/uploads\/2020\/06\/98058575_902101503546741_7947280160212910080_o.jpg 960w\" sizes=\"auto, (max-width: 300px) 100vw, 300px\" \/><\/a>\n            \n        <\/div>\n    \n<\/div>\n\n<\/div>\n","protected":false},"excerpt":{"rendered":"<p>El Comit\u00e9 de Vinculaci\u00f3n con el Medio y Extensi\u00f3n de los\/las estudiantes de la carrera realizaron una recopilaci\u00f3n de im\u00e1genes haciendo part\u00edcipes a docentes, funcionarios y estudiantes.\u00a0 En algunas im\u00e1genes\u00a0se puede observar adem\u00e1s parte de las familias de los\/las integrantes de la Escuela, que a pesar de la crisis sanitaria que se vive actualmente han [&hellip;]<\/p>\n","protected":false},"author":2,"featured_media":32207,"comment_status":"open","ping_status":"open","sticky":false,"template":"","format":"standard","meta":{"footnotes":""},"categories":[161,5,4,179],"tags":[],"class_list":["post-32197","post","type-post","status-publish","format-standard","has-post-thumbnail","hentry","category-161","category-actividades","category-portada","category-vcmye"],"_links":{"self":[{"href":"https:\/\/obstetricia.uv.cl\/inicio\/index.php\/wp-json\/wp\/v2\/posts\/32197","targetHints":{"allow":["GET"]}}],"collection":[{"href":"https:\/\/obstetricia.uv.cl\/inicio\/index.php\/wp-json\/wp\/v2\/posts"}],"about":[{"href":"https:\/\/obstetricia.uv.cl\/inicio\/index.php\/wp-json\/wp\/v2\/types\/post"}],"author":[{"embeddable":true,"href":"https:\/\/obstetricia.uv.cl\/inicio\/index.php\/wp-json\/wp\/v2\/users\/2"}],"replies":[{"embeddable":true,"href":"https:\/\/obstetricia.uv.cl\/inicio\/index.php\/wp-json\/wp\/v2\/comments?post=32197"}],"version-history":[{"count":0,"href":"https:\/\/obstetricia.uv.cl\/inicio\/index.php\/wp-json\/wp\/v2\/posts\/32197\/revisions"}],"wp:featuredmedia":[{"embeddable":true,"href":"https:\/\/obstetricia.uv.cl\/inicio\/index.php\/wp-json\/wp\/v2\/media\/32207"}],"wp:attachment":[{"href":"https:\/\/obstetricia.uv.cl\/inicio\/index.php\/wp-json\/wp\/v2\/media?parent=32197"}],"wp:term":[{"taxonomy":"category","embeddable":true,"href":"https:\/\/obstetricia.uv.cl\/inicio\/index.php\/wp-json\/wp\/v2\/categories?post=32197"},{"taxonomy":"post_tag","embeddable":true,"href":"https:\/\/obstetricia.uv.cl\/inicio\/index.php\/wp-json\/wp\/v2\/tags?post=32197"}],"curies":[{"name":"wp","href":"https:\/\/api.w.org\/{rel}","templated":true}]}}