{"id":32324,"date":"2020-10-05T10:54:48","date_gmt":"2020-10-05T13:54:48","guid":{"rendered":"https:\/\/obstetricia.uv.cl\/inicio\/?p=32324"},"modified":"2020-10-05T11:41:31","modified_gmt":"2020-10-05T14:41:31","slug":"escuela-de-obstetricia-presento-la-primera-revista-cientifica-digital-de-chile-dedicada-a-la-matroneria","status":"publish","type":"post","link":"https:\/\/obstetricia.uv.cl\/inicio\/index.php\/2020\/10\/05\/escuela-de-obstetricia-presento-la-primera-revista-cientifica-digital-de-chile-dedicada-a-la-matroneria\/","title":{"rendered":"Escuela de Obstetricia present\u00f3 la primera revista cient\u00edfica digital de Chile dedicada a la matroner\u00eda"},"content":{"rendered":"<p>[et_pb_section bb_built=\u00bb1&#8243; admin_label=\u00bbsection\u00bb _builder_version=\u00bb3.0.47&#8243; custom_padding=\u00bb4px|0px|8px|0px|false|false\u00bb][et_pb_row admin_label=\u00bbrow\u00bb _builder_version=\u00bb3.0.48&#8243; background_size=\u00bbinitial\u00bb background_position=\u00bbtop_left\u00bb background_repeat=\u00bbrepeat\u00bb custom_padding=\u00bb2px|0px|11px|0px|false|false\u00bb][et_pb_column type=\u00bb4_4&#8243;][et_pb_text admin_label=\u00bbText\u00bb _builder_version=\u00bb3.10.2&#8243; background_size=\u00bbinitial\u00bb background_position=\u00bbtop_left\u00bb background_repeat=\u00bbrepeat\u00bb text_orientation=\u00bbjustified\u00bb]<\/p>\n<h3>\u201cMA\u201d aparecer\u00e1 tres veces al a\u00f1o y su objetivo es difundir conocimiento aplicado a la matroner\u00eda desde diversas disciplinas.<\/h3>\n<p>El primer n\u00famero de \u201cMA\u201d, la primera revista cient\u00edfica chilena en formato digital dedicada exclusivamente a la matroner\u00eda, public\u00f3 la Escuela de Obstetricia y Puericultura del Universidad de Valpara\u00edso.<\/p>\n<p>El nuevo medio de difusi\u00f3n fue presentado durante un encuentro en l\u00ednea en el que participaron las principales autoridades de la UV, encabezadas por el vicerrector acad\u00e9mico, Carlos Becerra, representantes gremiales y del Ministerio de Salud, directores de escuelas que imparten la disciplina en otras universidades, directivos de la Confederaci\u00f3n Internacional de Matronas, especialistas, profesionales de la salud, acad\u00e9micos, estudiantes y egresados, entre otras personas.<\/p>\n<p>Seg\u00fan expuso la directora de la Escuela de Obstetricia y Puericultura de la UV, Paula Oyarz\u00fan, la revista \u201cMA\u201d naci\u00f3 con el prop\u00f3sito de establecer un espacio de car\u00e1cter cient\u00edfico-humanista que busca reconocer la herencia de vocaci\u00f3n, esfuerzo y visi\u00f3n de la profesi\u00f3n, acogiendo en su seno trabajos in\u00e9ditos (art\u00edculos originales, reflexiones, opiniones y casos cl\u00ednicos) y complementando los saberes de manera transdisciplinar con otras profesiones del \u00e1mbito de las humanidades, las artes y las ciencias, que aportan al quehacer desde una mirada integral, inclusiva y humanizadora.<\/p>\n<p>\u201cEsta publicaci\u00f3n -que esperamos se transforme muy pronto en un revista cient\u00edfica indexada- es un aporte a las ciencias de la salud y, a la vez, pretende ser un referente nacional e internacional de los avances y desaf\u00edos de la matroner\u00eda, invitando a quienes exponen en sus p\u00e1ginas y por cierto a sus lectores a ser parte de ella y de los temas, puntos de vista y experiencias a los que alude\u201d, sostuvo la profesora Oyarz\u00fan.<\/p>\n<p>Por su parte, la directora de \u201cMA\u201d, la docente e investigadora de ese plantel Ingrid Vargas, afirm\u00f3 que la revista busca aportar a la divulgaci\u00f3n del conocimiento aplicado a la matroner\u00eda, visibilizando los saberes relativos a la misma, y a la producci\u00f3n cient\u00edfica de los profesionales que trabajan y aportan a su quehacer.<\/p>\n<p>\u201cMA ha sido concebida como de acceso libre o abierto, porque busca contribuir a la difusi\u00f3n lo m\u00e1s amplia posible de los saberes que aportan al desarrollo de la matroner\u00eda actual (de ah\u00ed su nombre), incluyendo en este objetivo la visi\u00f3n y saberes de toda disciplina que quieran aportar al avance de la obstetricia y puericultura\u201d, precis\u00f3.<\/p>\n<p><b style=\"background-color: initial; color: inherit; text-align: inherit;\">Tres n\u00fameros por a\u00f1o<\/b><\/p>\n<p>La primera revista cient\u00edfica chilena en formato digital dedicada exclusivamente a la matroner\u00eda contar\u00e1 con tres n\u00fameros cada a\u00f1o, los que ser\u00e1n publicados en los meses de enero, abril y agosto.<\/p>\n<p>Su equipo editorial lo integran, adem\u00e1s de su directora, los acad\u00e9micos Paula Oyarz\u00fan (editora jefa), Mar\u00eda Antonieta Silva, Iv\u00e1n Montenegro, Ana Mar\u00eda Silva, Claudia Guti\u00e9rrez, Nicole Iturrieta e Ingrid Vargas.<\/p>\n<p>A su vez, cuenta con un comit\u00e9 cient\u00edfico conformado por destacados especialistas de la UV y de otras universidades e instituciones del pa\u00eds y del extranjero, como Mercedes Carrasco (UdeC), Paola Casanello (PUC), Horacio Croxatto (UNAB), Francisco Esteban Bara (Universitat de Barcelona, Espa\u00f1a) Jorge Fabres (PUC), Patricio Godoy (UAChl), Sebasti\u00e1n San Mart\u00edn y Paulina L\u00f3pez (U. de Valpara\u00edso), Teodor Mellen Vinagre (Universitat de Barcelona, Espa\u00f1a) y Antonio Salvado (Cl\u00ednica Universitaria de Puerto Montt).<\/p>\n<p><b style=\"background-color: initial; color: inherit; text-align: inherit;\">Trabajo de vanguardia<\/b><\/p>\n<p>En su primer n\u00famero (disponible en el sitio https:\/\/revistas.uv.cl\/index.php\/matroneria), \u201cMA\u201d aborda los siguientes temas:<\/p>\n<ul>\n<li>Prevalencia de etiolog\u00edas del S\u00edndrome de Dificultad Respiratoria del reci\u00e9n nacido.<\/li>\n<li>Perfil materno y neonatal en centro neonatal.<\/li>\n<li>Percepci\u00f3n de estudiantes de tercer a\u00f1o de la carrera de Obstetricia de la USS sobre el escenario simulado \u201ceritrof\u00e9resis neonatal\u201d.<\/li>\n<li>Adherencia al examen de Papanicolau en funcionarias no acad\u00e9micas de la Universidad de Valpara\u00edso.<\/li>\n<li>Horizontes para una matroner\u00eda comunitaria.Tensiones y oportunidades para una praxis territorial<\/li>\n<li>Unidad Cl\u00ednico Forense: experiencias y percepciones del equipo de salud respecto a su implementaci\u00f3n en el Hospital Gustavo Fricke.<\/li>\n<li>Especificidades, prioridades y desaf\u00edos para el rol de la matrona y del matr\u00f3n en el contexto de pandemia por COVID-19.<\/li>\n<\/ul>\n<p>Tras conocer en detalle las dimensiones de esta iniciativa de difusi\u00f3n cient\u00edfica, el vicerrector acad\u00e9mico de la UV, Carlos Becerra, valor\u00f3 y felicit\u00f3 a la Escuela de Obstetricia y Puericultura.<\/p>\n<p>\u201cEsta revista refleja el trabajo de vanguardia permanente que realiza esta unidad, y siempre en beneficio de la comunidad. Adem\u00e1s, quiero destacar la labor efectuada en materia de directrices de revisiones de pares nacionales y extranjeros, y su af\u00e1n por generar interacciones in\u00e9ditas con otras disciplinas\u201d, afirm\u00f3 Becerra.<\/p>\n<p>En esa misma l\u00ednea, el decano de la Facultad de Medicina, Antonio Orellana, afirm\u00f3 que este nuevo medio de difusi\u00f3n es una muestra m\u00e1s del tes\u00f3n y el esp\u00edritu visionario que posee la escuela y su claustro acad\u00e9mico, \u201clo que se expresa de gran manera en esta suerte de foro para intercambio de ideas, opiniones, valores, conocimientos y avances\u201d.<\/p>\n<p>La publicaci\u00f3n de la revista tambi\u00e9n mereci\u00f3 elogios de parte de los vicerrectores de Investigaci\u00f3n y de Vinculaci\u00f3n con el Medio, Adri\u00e1n Palacios y Patricia Reyes, respectivamente, quienes tambi\u00e9n participaron en el encuentro.<\/p>\n<p><a href=\"https:\/\/uv.cl\/pdn\/?id=11678\" target=\"_blank\" rel=\"noopener noreferrer\">V\u00eda: uv.cl<\/a><\/p>\n<p>[\/et_pb_text][\/et_pb_column][\/et_pb_row][\/et_pb_section]<\/p>\n","protected":false},"excerpt":{"rendered":"<p>[et_pb_section bb_built=\u00bb1&#8243; admin_label=\u00bbsection\u00bb _builder_version=\u00bb3.0.47&#8243; custom_padding=\u00bb4px|0px|8px|0px|false|false\u00bb][et_pb_row admin_label=\u00bbrow\u00bb _builder_version=\u00bb3.0.48&#8243; background_size=\u00bbinitial\u00bb background_position=\u00bbtop_left\u00bb background_repeat=\u00bbrepeat\u00bb custom_padding=\u00bb2px|0px|11px|0px|false|false\u00bb][et_pb_column type=\u00bb4_4&#8243;][et_pb_text admin_label=\u00bbText\u00bb _builder_version=\u00bb3.10.2&#8243; background_size=\u00bbinitial\u00bb background_position=\u00bbtop_left\u00bb background_repeat=\u00bbrepeat\u00bb text_orientation=\u00bbjustified\u00bb] \u201cMA\u201d aparecer\u00e1 tres veces al a\u00f1o y su objetivo es difundir conocimiento aplicado a la matroner\u00eda desde diversas disciplinas. El primer n\u00famero de \u201cMA\u201d, la primera revista cient\u00edfica chilena en formato digital dedicada exclusivamente a la matroner\u00eda, [&hellip;]<\/p>\n","protected":false},"author":2,"featured_media":32325,"comment_status":"open","ping_status":"open","sticky":false,"template":"","format":"standard","meta":{"footnotes":""},"categories":[161,4,24,23],"tags":[49,185,184],"class_list":["post-32324","post","type-post","status-publish","format-standard","has-post-thumbnail","hentry","category-161","category-portada","category-san-felipe","category-valparaiso","tag-matroneria","tag-matroneria-actual","tag-revista"],"_links":{"self":[{"href":"https:\/\/obstetricia.uv.cl\/inicio\/index.php\/wp-json\/wp\/v2\/posts\/32324","targetHints":{"allow":["GET"]}}],"collection":[{"href":"https:\/\/obstetricia.uv.cl\/inicio\/index.php\/wp-json\/wp\/v2\/posts"}],"about":[{"href":"https:\/\/obstetricia.uv.cl\/inicio\/index.php\/wp-json\/wp\/v2\/types\/post"}],"author":[{"embeddable":true,"href":"https:\/\/obstetricia.uv.cl\/inicio\/index.php\/wp-json\/wp\/v2\/users\/2"}],"replies":[{"embeddable":true,"href":"https:\/\/obstetricia.uv.cl\/inicio\/index.php\/wp-json\/wp\/v2\/comments?post=32324"}],"version-history":[{"count":0,"href":"https:\/\/obstetricia.uv.cl\/inicio\/index.php\/wp-json\/wp\/v2\/posts\/32324\/revisions"}],"wp:featuredmedia":[{"embeddable":true,"href":"https:\/\/obstetricia.uv.cl\/inicio\/index.php\/wp-json\/wp\/v2\/media\/32325"}],"wp:attachment":[{"href":"https:\/\/obstetricia.uv.cl\/inicio\/index.php\/wp-json\/wp\/v2\/media?parent=32324"}],"wp:term":[{"taxonomy":"category","embeddable":true,"href":"https:\/\/obstetricia.uv.cl\/inicio\/index.php\/wp-json\/wp\/v2\/categories?post=32324"},{"taxonomy":"post_tag","embeddable":true,"href":"https:\/\/obstetricia.uv.cl\/inicio\/index.php\/wp-json\/wp\/v2\/tags?post=32324"}],"curies":[{"name":"wp","href":"https:\/\/api.w.org\/{rel}","templated":true}]}}