{"id":32400,"date":"2020-12-15T10:07:30","date_gmt":"2020-12-15T13:07:30","guid":{"rendered":"https:\/\/obstetricia.uv.cl\/inicio\/?p=32400"},"modified":"2020-12-15T10:08:31","modified_gmt":"2020-12-15T13:08:31","slug":"campus-san-felipe-de-la-universidad-de-valparaiso-cuenta-con-moderno-ecografo-portatil","status":"publish","type":"post","link":"https:\/\/obstetricia.uv.cl\/inicio\/index.php\/2020\/12\/15\/campus-san-felipe-de-la-universidad-de-valparaiso-cuenta-con-moderno-ecografo-portatil\/","title":{"rendered":"Campus San Felipe de la Universidad de Valpara\u00edso cuenta con moderno ec\u00f3grafo port\u00e1til"},"content":{"rendered":"<p>[et_pb_section bb_built=\u00bb1&#8243; _builder_version=\u00bb3.0.47&#8243; custom_padding=\u00bb0|0px|8px|0px|false|false\u00bb][et_pb_row _builder_version=\u00bb3.0.48&#8243; background_size=\u00bbinitial\u00bb background_position=\u00bbtop_left\u00bb background_repeat=\u00bbrepeat\u00bb][et_pb_column type=\u00bb4_4&#8243;][et_pb_text _builder_version=\u00bb3.10.2&#8243; text_orientation=\u00bbjustified\u00bb]<\/p>\n<p><strong>El ec\u00f3grafo fue adquirido gracias a un proyecto, presentado por la carrera de Obstetricia y Puericultura al Banco Proyectos de Inversi\u00f3n (BPI) de la Universidad de Valpara\u00edso.<\/strong><\/p>\n<p>Con un moderno ec\u00f3grafo portatil para tareas ginecol\u00f3gicas y m\u00e9dicas, cuenta desde ahora la Escuela de Obstetricia y Puericultura del Campus San Felipe de la Universidad de Valpara\u00edso.<\/p>\n<p>Se trata de un E-CUBE i7, con tecnolog\u00eda de punta, excelente calidad de imagen y gran comodidad para ser trasladado a distintos ambientes cl\u00ednicos. Incluso puede ser utilizado para diagn\u00f3sticos de cardiolog\u00eda adulto y pedi\u00e1trica y abdomen pedi\u00e1trico.<\/p>\n<p>El jefe de la carrera de Obstetricia y Puericultura del Campus San Felipe, Francisco Pantoja, explic\u00f3 que el a\u00f1o 2019 postularon al Banco Proyectos de Inversi\u00f3n (BPI) de la Universidad de Valpara\u00edso, \u201cque son proyectos financiados con recursos institucionales, asociados a los planes de mejora de autoevaluaci\u00f3n e innovaci\u00f3n curricular, con el objetivo de desarrollar en los estudiantes, las competencias en el \u00e1rea de la ultrasonograf\u00eda, de acuerdo a los est\u00e1ndares de formaci\u00f3n del Ministerio de Salud\u201d.<\/p>\n<p>\u00abNuestro proyecto buscaba la implementaci\u00f3n de una sala de ecograf\u00eda gineco-obst\u00e9trica, en el \u00e1rea del laboratorio de imagenolog\u00eda del Campus San Felipe, para lograr las competencias profesionales de la matroner\u00eda en\u00a0\u00a0ultrasonograf\u00eda\u201d, explic\u00f3 el profesor Pantoja, quien adem\u00e1s es responsable del proyecto.<\/p>\n<p>Dicho proyecto fue adjudicado por un monto superior a los 14 millones de pesos, siendo la empresa Electromed, la responsable de la entrega del ec\u00f3grafo.<\/p>\n<p>Patricio Brice\u00f1o, profesor auxiliar de la carrera de Obstetricia y Puericultura del Campus San Felipe, fue el encargado de recibir el ec\u00f3grafo de manos de la ingeniera biom\u00e9dica, representante de Electromed, Natalia Nieto.<\/p>\n<p>\u201cEs un equipo de \u00faltima generaci\u00f3n, un ec\u00f3grafo que puede ser usado no solo en el \u00e1rea ginecol\u00f3gica, sino tambi\u00e9n en la parte m\u00e9dica. Se pueden efectuar ecograf\u00edas distintas, y lo bueno, es que se moviliza en un carro a distintos lugares\u201d, se\u00f1al\u00f3 el profesor Brice\u00f1o.<\/p>\n<p><a href=\"https:\/\/sanfelipe.uv.cl\/noticias\/182-campus-san-felipe-de-la-universidad-de-valparaiso-cuenta-con-moderno-ecografo-portatil\">V\u00eda: Noticias Capus San Felipe<\/a><\/p>\n<p>[\/et_pb_text][\/et_pb_column][\/et_pb_row][\/et_pb_section]<\/p>\n","protected":false},"excerpt":{"rendered":"<p>[et_pb_section bb_built=\u00bb1&#8243; _builder_version=\u00bb3.0.47&#8243; custom_padding=\u00bb0|0px|8px|0px|false|false\u00bb][et_pb_row _builder_version=\u00bb3.0.48&#8243; background_size=\u00bbinitial\u00bb background_position=\u00bbtop_left\u00bb background_repeat=\u00bbrepeat\u00bb][et_pb_column type=\u00bb4_4&#8243;][et_pb_text _builder_version=\u00bb3.10.2&#8243; text_orientation=\u00bbjustified\u00bb] El ec\u00f3grafo fue adquirido gracias a un proyecto, presentado por la carrera de Obstetricia y Puericultura al Banco Proyectos de Inversi\u00f3n (BPI) de la Universidad de Valpara\u00edso. Con un moderno ec\u00f3grafo portatil para tareas ginecol\u00f3gicas y m\u00e9dicas, cuenta desde ahora la Escuela de Obstetricia [&hellip;]<\/p>\n","protected":false},"author":2,"featured_media":32401,"comment_status":"open","ping_status":"open","sticky":false,"template":"","format":"standard","meta":{"footnotes":""},"categories":[161,4,24],"tags":[],"class_list":["post-32400","post","type-post","status-publish","format-standard","has-post-thumbnail","hentry","category-161","category-portada","category-san-felipe"],"_links":{"self":[{"href":"https:\/\/obstetricia.uv.cl\/inicio\/index.php\/wp-json\/wp\/v2\/posts\/32400","targetHints":{"allow":["GET"]}}],"collection":[{"href":"https:\/\/obstetricia.uv.cl\/inicio\/index.php\/wp-json\/wp\/v2\/posts"}],"about":[{"href":"https:\/\/obstetricia.uv.cl\/inicio\/index.php\/wp-json\/wp\/v2\/types\/post"}],"author":[{"embeddable":true,"href":"https:\/\/obstetricia.uv.cl\/inicio\/index.php\/wp-json\/wp\/v2\/users\/2"}],"replies":[{"embeddable":true,"href":"https:\/\/obstetricia.uv.cl\/inicio\/index.php\/wp-json\/wp\/v2\/comments?post=32400"}],"version-history":[{"count":0,"href":"https:\/\/obstetricia.uv.cl\/inicio\/index.php\/wp-json\/wp\/v2\/posts\/32400\/revisions"}],"wp:featuredmedia":[{"embeddable":true,"href":"https:\/\/obstetricia.uv.cl\/inicio\/index.php\/wp-json\/wp\/v2\/media\/32401"}],"wp:attachment":[{"href":"https:\/\/obstetricia.uv.cl\/inicio\/index.php\/wp-json\/wp\/v2\/media?parent=32400"}],"wp:term":[{"taxonomy":"category","embeddable":true,"href":"https:\/\/obstetricia.uv.cl\/inicio\/index.php\/wp-json\/wp\/v2\/categories?post=32400"},{"taxonomy":"post_tag","embeddable":true,"href":"https:\/\/obstetricia.uv.cl\/inicio\/index.php\/wp-json\/wp\/v2\/tags?post=32400"}],"curies":[{"name":"wp","href":"https:\/\/api.w.org\/{rel}","templated":true}]}}