{"id":33033,"date":"2021-10-26T12:38:33","date_gmt":"2021-10-26T15:38:33","guid":{"rendered":"https:\/\/obstetricia.uv.cl\/inicio\/?p=33033"},"modified":"2021-10-26T12:40:37","modified_gmt":"2021-10-26T15:40:37","slug":"conmemoracion-del-dia-mundial-contra-el-cancer-de-mama-junto-a-la-comunidad","status":"publish","type":"post","link":"https:\/\/obstetricia.uv.cl\/inicio\/index.php\/2021\/10\/26\/conmemoracion-del-dia-mundial-contra-el-cancer-de-mama-junto-a-la-comunidad\/","title":{"rendered":"Conmemoraci\u00f3n del d\u00eda Mundial contra el C\u00e1ncer de Mama junto a la comunidad"},"content":{"rendered":"<div>\n<h1>Conmemoraci\u00f3n del d\u00eda Mundial contra el C\u00e1ncer de Mama junto a la comunidad<\/h1>\n<div class=\"gmail_default\">Con m\u00e1s de 100 asistentes se realiz\u00f3 el d\u00eda de hoy actividad en\u00a0<span>\u201cConmemoraci\u00f3n del D\u00eda Mundial del C\u00e1ncer de Mama\u201d en frontis acceso\u00a0<\/span>a mall<span>\u00a0Marina Arauco.\u00a0 El objetivo de la actividad fue sensibilizar sobre esta enfermedad para crear conciencia sobre la prevenci\u00f3n y detecci\u00f3n precoz para lo cual se realiz\u00f3 entrega de folleter\u00eda y educaci\u00f3n a la comunidad. A la actividad asisti\u00f3 la Profesora Patricia Rodr\u00edguez junto a 4 estudiantes del comit\u00e9 de Vinculaci\u00f3n con el Medio y Extensi\u00f3n.<\/span><\/div>\n<div class=\"gmail_default\"><span>\u00a0<\/span><\/div>\n<div class=\"gmail_default\"><span>En la actividad estuvo presente el Seremi de Salud de la V Regi\u00f3n, Dr. Geoge Hubner, qui\u00e9n destac\u00f3 la importancia de la educaci\u00f3n relacionada a la prevenci\u00f3n precoz de esta patolog\u00eda.<\/span><\/div>\n<\/div>\n<ul>\n<li>\n<p>        <img decoding=\"async\" src=\"\/inicio\/wp-content\/uploads\/2021\/10\/WhatsApp-Image-2021-10-25-at-13.13.57.jpeg\" alt=\"\"><\/p>\n<h3>WhatsApp Image 2021-10-25 at 13.13.57<\/h3>\n<\/li>\n<li>\n<p>        <img decoding=\"async\" src=\"\/inicio\/wp-content\/uploads\/2021\/10\/WhatsApp-Image-2021-10-25-at-13.13.58.jpeg\" alt=\"\"><\/p>\n<h3>WhatsApp Image 2021-10-25 at 13.13.58<\/h3>\n<\/li>\n<li>\n<p>        <img decoding=\"async\" src=\"\/inicio\/wp-content\/uploads\/2021\/10\/WhatsApp-Image-2021-10-25-at-13.13.59.jpeg\" alt=\"\"><\/p>\n<h3>WhatsApp Image 2021-10-25 at 13.13.59<\/h3>\n<\/li>\n<li>\n<p>        <img decoding=\"async\" src=\"\/inicio\/wp-content\/uploads\/2021\/10\/WhatsApp-Image-2021-10-25-at-13.13.59-2.jpeg\" alt=\"\"><\/p>\n<h3>WhatsApp Image 2021-10-25 at 13.13.59-2<\/h3>\n<\/li>\n<\/ul>\n<p><!--more--><br \/>\n<!-- {\"type\":\"layout\",\"children\":[{\"type\":\"section\",\"props\":{\"style\":\"default\",\"width\":\"large\",\"vertical_align\":\"middle\",\"title_position\":\"top-left\",\"title_rotation\":\"left\",\"title_breakpoint\":\"xl\",\"image_position\":\"center-center\",\"padding_remove_horizontal\":true},\"children\":[{\"type\":\"row\",\"children\":[{\"type\":\"column\",\"props\":{\"image_position\":\"center-center\",\"media_overlay_gradient\":\"\"},\"children\":[{\"type\":\"text\",\"props\":{\"margin\":\"default\",\"column_breakpoint\":\"m\",\"content\":\"\n\n<h1>Conmemoraci\\u00f3n del d\\u00eda Mundial contra el C\\u00e1ncer de Mama junto a la comunidad<\\\/h1>\\n\n\n<div class=\\\"gmail_default\\\">Con m\\u00e1s de 100 asistentes se realiz\\u00f3 el d\\u00eda de hoy actividad en\\u00a0<span>\\u201cConmemoraci\\u00f3n del D\\u00eda Mundial del C\\u00e1ncer de Mama\\u201d en frontis acceso\\u00a0<\\\/span>a mall<span>\\u00a0Marina Arauco.\\u00a0 El objetivo de la actividad fue sensibilizar sobre esta enfermedad para crear conciencia sobre la prevenci\\u00f3n y detecci\\u00f3n precoz para lo cual se realiz\\u00f3 entrega de folleter\\u00eda y educaci\\u00f3n a la comunidad. A la actividad asisti\\u00f3 la Profesora Patricia Rodr\\u00edguez junto a 4 estudiantes del comit\\u00e9 de Vinculaci\\u00f3n con el Medio y Extensi\\u00f3n.<\\\/span><\\\/div>\\n\n\n<div class=\\\"gmail_default\\\"><span>\\u00a0<\\\/span><\\\/div>\\n\n\n<div class=\\\"gmail_default\\\"><span>En la actividad estuvo presente el Seremi de Salud de la V Regi\\u00f3n, Dr. Geoge Hubner, qui\\u00e9n destac\\u00f3 la importancia de la educaci\\u00f3n relacionada a la prevenci\\u00f3n precoz de esta patolog\\u00eda.<\\\/span><\\\/div>\"}},{\"type\":\"gallery\",\"props\":{\"show_title\":false,\"show_meta\":false,\"show_content\":false,\"show_link\":false,\"show_hover_image\":false,\"grid_default\":\"2\",\"grid_medium\":\"4\",\"filter_style\":\"tab\",\"filter_all\":true,\"filter_position\":\"top\",\"filter_align\":\"left\",\"filter_grid_width\":\"auto\",\"filter_grid_breakpoint\":\"m\",\"overlay_mode\":\"cover\",\"overlay_hover\":true,\"overlay_style\":\"overlay-primary\",\"text_color\":\"light\",\"overlay_position\":\"center\",\"overlay_transition\":\"fade\",\"title_hover_style\":\"reset\",\"title_element\":\"h3\",\"meta_style\":\"meta\",\"meta_align\":\"below-title\",\"meta_element\":\"div\",\"link_text\":\"Read more\",\"link_style\":\"default\",\"text_align\":\"center\",\"margin\":\"default\",\"item_animation\":true,\"grid_large\":\"4\",\"grid_xlarge\":\"4\",\"grid_small\":\"4\",\"lightbox\":true},\"children\":[{\"type\":\"gallery_item\",\"props\":{\"title\":\"WhatsApp Image 2021-10-25 at 13.13.57\",\"image\":\"wp-content\\\/uploads\\\/2021\\\/10\\\/WhatsApp-Image-2021-10-25-at-13.13.57.jpeg\"}},{\"type\":\"gallery_item\",\"props\":{\"title\":\"WhatsApp Image 2021-10-25 at 13.13.58\",\"image\":\"wp-content\\\/uploads\\\/2021\\\/10\\\/WhatsApp-Image-2021-10-25-at-13.13.58.jpeg\"}},{\"type\":\"gallery_item\",\"props\":{\"title\":\"WhatsApp Image 2021-10-25 at 13.13.59\",\"image\":\"wp-content\\\/uploads\\\/2021\\\/10\\\/WhatsApp-Image-2021-10-25-at-13.13.59.jpeg\"}},{\"type\":\"gallery_item\",\"props\":{\"title\":\"WhatsApp Image 2021-10-25 at 13.13.59-2\",\"image\":\"wp-content\\\/uploads\\\/2021\\\/10\\\/WhatsApp-Image-2021-10-25-at-13.13.59-2.jpeg\"}}]}]}]}]}],\"version\":\"2.6.6\"} --><\/p>\n","protected":false},"excerpt":{"rendered":"<p>Conmemoraci\u00f3n del d\u00eda Mundial contra el C\u00e1ncer de Mama junto a la comunidad Con m\u00e1s de 100 asistentes se realiz\u00f3 el d\u00eda de hoy actividad en\u00a0\u201cConmemoraci\u00f3n del D\u00eda Mundial del C\u00e1ncer de Mama\u201d en frontis acceso\u00a0a mall\u00a0Marina Arauco.\u00a0 El objetivo de la actividad fue sensibilizar sobre esta enfermedad para crear conciencia sobre la prevenci\u00f3n y [&hellip;]<\/p>\n","protected":false},"author":2,"featured_media":33036,"comment_status":"open","ping_status":"open","sticky":false,"template":"","format":"standard","meta":{"footnotes":""},"categories":[189,5,4,23,179],"tags":[63,216,99,65],"class_list":["post-33033","post","type-post","status-publish","format-standard","has-post-thumbnail","hentry","category-189","category-actividades","category-portada","category-valparaiso","category-vcmye","tag-cancer","tag-cancer-de-mama","tag-conmemoracion","tag-mes-del-cancer"],"_links":{"self":[{"href":"https:\/\/obstetricia.uv.cl\/inicio\/index.php\/wp-json\/wp\/v2\/posts\/33033","targetHints":{"allow":["GET"]}}],"collection":[{"href":"https:\/\/obstetricia.uv.cl\/inicio\/index.php\/wp-json\/wp\/v2\/posts"}],"about":[{"href":"https:\/\/obstetricia.uv.cl\/inicio\/index.php\/wp-json\/wp\/v2\/types\/post"}],"author":[{"embeddable":true,"href":"https:\/\/obstetricia.uv.cl\/inicio\/index.php\/wp-json\/wp\/v2\/users\/2"}],"replies":[{"embeddable":true,"href":"https:\/\/obstetricia.uv.cl\/inicio\/index.php\/wp-json\/wp\/v2\/comments?post=33033"}],"version-history":[{"count":2,"href":"https:\/\/obstetricia.uv.cl\/inicio\/index.php\/wp-json\/wp\/v2\/posts\/33033\/revisions"}],"predecessor-version":[{"id":33040,"href":"https:\/\/obstetricia.uv.cl\/inicio\/index.php\/wp-json\/wp\/v2\/posts\/33033\/revisions\/33040"}],"wp:featuredmedia":[{"embeddable":true,"href":"https:\/\/obstetricia.uv.cl\/inicio\/index.php\/wp-json\/wp\/v2\/media\/33036"}],"wp:attachment":[{"href":"https:\/\/obstetricia.uv.cl\/inicio\/index.php\/wp-json\/wp\/v2\/media?parent=33033"}],"wp:term":[{"taxonomy":"category","embeddable":true,"href":"https:\/\/obstetricia.uv.cl\/inicio\/index.php\/wp-json\/wp\/v2\/categories?post=33033"},{"taxonomy":"post_tag","embeddable":true,"href":"https:\/\/obstetricia.uv.cl\/inicio\/index.php\/wp-json\/wp\/v2\/tags?post=33033"}],"curies":[{"name":"wp","href":"https:\/\/api.w.org\/{rel}","templated":true}]}}