{"id":33042,"date":"2021-10-29T11:25:43","date_gmt":"2021-10-29T14:25:43","guid":{"rendered":"https:\/\/obstetricia.uv.cl\/inicio\/?p=33042"},"modified":"2021-10-29T14:42:03","modified_gmt":"2021-10-29T17:42:03","slug":"escuela-oyp-uv-en-jornada-de-concientizacion-y-educacion-sobre-la-prevencion-del-cancer-de-mamas","status":"publish","type":"post","link":"https:\/\/obstetricia.uv.cl\/inicio\/index.php\/2021\/10\/29\/escuela-oyp-uv-en-jornada-de-concientizacion-y-educacion-sobre-la-prevencion-del-cancer-de-mamas\/","title":{"rendered":"Escuela OyP UV en jornada de concientizaci\u00f3n y educaci\u00f3n sobre la prevenci\u00f3n del C\u00e1ncer de Mamas"},"content":{"rendered":"<p><img decoding=\"async\" src=\"\/inicio\/wp-content\/uploads\/2021\/10\/WhatsApp-Image-2021-10-28-at-13.20.34.jpeg\" alt=\"\"><\/p>\n<div>\n<h2>Escuela OyP UV en jornada de concientizaci\u00f3n y educaci\u00f3n sobre la prevenci\u00f3n del C\u00e1ncer de Mamas<\/h2>\n<div class=\"gmail_default\">Con una alta participaci\u00f3n de la comunidad se realiz\u00f3\u00a0una nueva Jornada de concientizaci\u00f3n y educaci\u00f3n sobre la prevenci\u00f3n del C\u00e1ncer de Mamas, actividad organizada por Tuiteros Solidarios, quienes invitaron a la Escuela de Obstetricia y Puericultura para apoyar en la realizaci\u00f3n de educaci\u00f3n a trav\u00e9s del stand preparado para esto, como tambi\u00e9n en la realizaci\u00f3n de Ex\u00e1menes\u00a0F\u00ecsicos de Mamas.<\/div>\n<div><\/div>\n<div class=\"gmail_default\">Gran cantidad de usuarias pudieron acceder al examen f\u00edsico de mamas realizado por la prof. Patricia Rodr\u00edguez y estudiantes de los distintos niveles.\u00a0<\/div>\n<div class=\"gmail_default\"><\/div>\n<div class=\"gmail_default\">Adem\u00e1s se cont\u00f3 con la presencia de Cecila Bolocco, quien es Presidenta de CARE, organizaci\u00f3n que ayuda a personas que deben enfrentar el c\u00e1ncer.<\/div>\n<\/div>\n<ul>\n<li>\n<p>        <img decoding=\"async\" src=\"\/inicio\/wp-content\/uploads\/2021\/10\/WhatsApp-Image-2021-10-28-at-14.55.03.jpeg\" alt=\"\"><\/p>\n<h3>WhatsApp Image 2021-10-28 at 14.55.03<\/h3>\n<\/li>\n<li>\n<p>        <img decoding=\"async\" src=\"\/inicio\/wp-content\/uploads\/2021\/10\/WhatsApp-Image-2021-10-28-at-14.55.02.jpeg\" alt=\"\"><\/p>\n<h3>WhatsApp Image 2021-10-28 at 14.55.02<\/h3>\n<\/li>\n<li>\n<p>        <img decoding=\"async\" src=\"\/inicio\/wp-content\/uploads\/2021\/10\/WhatsApp-Image-2021-10-28-at-14.54.53.jpeg\" alt=\"\"><\/p>\n<h3>WhatsApp Image 2021-10-28 at 14.54.53<\/h3>\n<\/li>\n<li>\n<p>        <img decoding=\"async\" src=\"\/inicio\/wp-content\/uploads\/2021\/10\/WhatsApp-Image-2021-10-28-at-13.20.34-1.jpeg\" alt=\"\"><\/p>\n<h3>WhatsApp Image 2021-10-28 at 13.20.34<\/h3>\n<\/li>\n<li>\n<p>        <img decoding=\"async\" src=\"\/inicio\/wp-content\/uploads\/2021\/10\/WhatsApp-Image-2021-10-28-at-13.20.02.jpeg\" alt=\"\"><\/p>\n<h3>WhatsApp Image 2021-10-28 at 13.20.02<\/h3>\n<\/li>\n<li>\n<p>        <img decoding=\"async\" src=\"\/inicio\/wp-content\/uploads\/2021\/10\/WhatsApp-Image-2021-10-28-at-13.20.01.jpeg\" alt=\"\"><\/p>\n<h3>WhatsApp Image 2021-10-28 at 13.20.01<\/h3>\n<\/li>\n<li>\n<p>        <img decoding=\"async\" src=\"\/inicio\/wp-content\/uploads\/2021\/10\/WhatsApp-Image-2021-10-28-at-13.20.00.jpeg\" alt=\"\"><\/p>\n<h3>WhatsApp Image 2021-10-28 at 13.20.00<\/h3>\n<\/li>\n<li>\n<p>        <img decoding=\"async\" src=\"\/inicio\/wp-content\/uploads\/2021\/10\/WhatsApp-Image-2021-10-28-at-13.10.04.jpeg\" alt=\"\"><\/p>\n<h3>WhatsApp Image 2021-10-28 at 13.10.04<\/h3>\n<\/li>\n<li>\n<p>        <img decoding=\"async\" src=\"\/inicio\/wp-content\/uploads\/2021\/10\/WhatsApp-Image-2021-10-28-at-13.09.05.jpeg\" alt=\"\"><\/p>\n<h3>WhatsApp Image 2021-10-28 at 13.09.05<\/h3>\n<\/li>\n<li>\n<p>        <img decoding=\"async\" src=\"\/inicio\/wp-content\/uploads\/2021\/10\/WhatsApp-Image-2021-10-28-at-13.09.04.jpeg\" alt=\"\"><\/p>\n<h3>WhatsApp Image 2021-10-28 at 13.09.04<\/h3>\n<\/li>\n<\/ul>\n<p><!--more--><br \/>\n<!-- {\"type\":\"layout\",\"children\":[{\"type\":\"section\",\"props\":{\"style\":\"default\",\"width\":\"default\",\"vertical_align\":\"middle\",\"title_position\":\"top-left\",\"title_rotation\":\"left\",\"title_breakpoint\":\"xl\",\"image_position\":\"center-center\",\"padding_remove_bottom\":true},\"children\":[{\"type\":\"row\",\"props\":{\"layout\":\"1-3,2-3\"},\"children\":[{\"type\":\"column\",\"props\":{\"image_position\":\"center-center\",\"media_overlay_gradient\":\"\",\"width_medium\":\"1-3\"},\"children\":[{\"type\":\"image\",\"props\":{\"margin\":\"default\",\"image_svg_color\":\"emphasis\",\"image\":\"wp-content\\\/uploads\\\/2021\\\/10\\\/WhatsApp-Image-2021-10-28-at-13.20.34.jpeg\"}}]},{\"type\":\"column\",\"props\":{\"image_position\":\"center-center\",\"media_overlay_gradient\":\"\",\"width_medium\":\"2-3\"},\"children\":[{\"type\":\"text\",\"props\":{\"margin\":\"default\",\"column_breakpoint\":\"m\",\"content\":\"\n\n<h2>Escuela OyP UV en jornada de concientizaci\\u00f3n y educaci\\u00f3n sobre la prevenci\\u00f3n del C\\u00e1ncer de Mamas<\\\/h2>\\n\n\n<div class=\\\"gmail_default\\\">Con una alta participaci\\u00f3n de la comunidad se realiz\\u00f3\\u00a0una nueva Jornada de concientizaci\\u00f3n y educaci\\u00f3n sobre la prevenci\\u00f3n del C\\u00e1ncer de Mamas, actividad organizada por Tuiteros Solidarios, quienes invitaron a la Escuela de Obstetricia y Puericultura para apoyar en la realizaci\\u00f3n de educaci\\u00f3n a trav\\u00e9s del stand preparado para esto, como tambi\\u00e9n en la realizaci\\u00f3n de Ex\\u00e1menes\\u00a0F\\u00ecsicos de Mamas.<\\\/div>\\n\n\n<div><\\\/div>\\n\n\n<div class=\\\"gmail_default\\\">Gran cantidad de usuarias pudieron acceder al examen f\\u00edsico de mamas realizado por la prof. Patricia Rodr\\u00edguez y estudiantes de los distintos niveles.\\u00a0<\\\/div>\\n\n\n<div class=\\\"gmail_default\\\"><\\\/div>\\n\n\n<div class=\\\"gmail_default\\\">Adem\\u00e1s se cont\\u00f3 con la presencia de Cecila Bolocco, quien es Presidenta de CARE, organizaci\\u00f3n que ayuda a personas que deben enfrentar el c\\u00e1ncer.<\\\/div>\"}}]}]}]},{\"type\":\"section\",\"props\":{\"style\":\"default\",\"width\":\"default\",\"vertical_align\":\"middle\",\"title_position\":\"top-left\",\"title_rotation\":\"left\",\"title_breakpoint\":\"xl\",\"image_position\":\"center-center\"},\"children\":[{\"type\":\"row\",\"children\":[{\"type\":\"column\",\"props\":{\"image_position\":\"center-center\",\"media_overlay_gradient\":\"\"},\"children\":[{\"type\":\"gallery\",\"props\":{\"show_title\":false,\"show_meta\":false,\"show_content\":true,\"show_link\":true,\"show_hover_image\":true,\"grid_default\":\"2\",\"grid_medium\":\"5\",\"filter_style\":\"tab\",\"filter_all\":true,\"filter_position\":\"top\",\"filter_align\":\"left\",\"filter_grid_width\":\"auto\",\"filter_grid_breakpoint\":\"m\",\"overlay_mode\":\"cover\",\"overlay_hover\":true,\"overlay_style\":\"overlay-primary\",\"text_color\":\"light\",\"overlay_position\":\"center\",\"overlay_transition\":\"fade\",\"title_hover_style\":\"reset\",\"title_element\":\"h3\",\"meta_style\":\"meta\",\"meta_align\":\"below-title\",\"meta_element\":\"div\",\"link_text\":\"Read more\",\"link_style\":\"default\",\"text_align\":\"center\",\"margin\":\"default\",\"item_animation\":true,\"margin_remove_top\":true,\"margin_remove_bottom\":true,\"grid_masonry\":false,\"grid_column_gap\":\"small\",\"grid_row_gap\":\"small\",\"grid_column_align\":false,\"grid_row_align\":false,\"grid_divider\":false,\"grid_large\":\"5\",\"grid_small\":\"4\",\"grid_xlarge\":\"5\",\"lightbox\":true,\"image_orientation\":false,\"image_width\":\"200\",\"image_height\":\"150\"},\"children\":[{\"type\":\"gallery_item\",\"props\":{\"title\":\"WhatsApp Image 2021-10-28 at 14.55.03\",\"image\":\"wp-content\\\/uploads\\\/2021\\\/10\\\/WhatsApp-Image-2021-10-28-at-14.55.03.jpeg\"}},{\"type\":\"gallery_item\",\"props\":{\"title\":\"WhatsApp Image 2021-10-28 at 14.55.02\",\"image\":\"wp-content\\\/uploads\\\/2021\\\/10\\\/WhatsApp-Image-2021-10-28-at-14.55.02.jpeg\"}},{\"type\":\"gallery_item\",\"props\":{\"title\":\"WhatsApp Image 2021-10-28 at 14.54.53\",\"image\":\"wp-content\\\/uploads\\\/2021\\\/10\\\/WhatsApp-Image-2021-10-28-at-14.54.53.jpeg\"}},{\"type\":\"gallery_item\",\"props\":{\"title\":\"WhatsApp Image 2021-10-28 at 13.20.34\",\"image\":\"wp-content\\\/uploads\\\/2021\\\/10\\\/WhatsApp-Image-2021-10-28-at-13.20.34-1.jpeg\"}},{\"type\":\"gallery_item\",\"props\":{\"title\":\"WhatsApp Image 2021-10-28 at 13.20.02\",\"image\":\"wp-content\\\/uploads\\\/2021\\\/10\\\/WhatsApp-Image-2021-10-28-at-13.20.02.jpeg\"}},{\"type\":\"gallery_item\",\"props\":{\"title\":\"WhatsApp Image 2021-10-28 at 13.20.01\",\"image\":\"wp-content\\\/uploads\\\/2021\\\/10\\\/WhatsApp-Image-2021-10-28-at-13.20.01.jpeg\"}},{\"type\":\"gallery_item\",\"props\":{\"title\":\"WhatsApp Image 2021-10-28 at 13.20.00\",\"image\":\"wp-content\\\/uploads\\\/2021\\\/10\\\/WhatsApp-Image-2021-10-28-at-13.20.00.jpeg\"}},{\"type\":\"gallery_item\",\"props\":{\"title\":\"WhatsApp Image 2021-10-28 at 13.10.04\",\"image\":\"wp-content\\\/uploads\\\/2021\\\/10\\\/WhatsApp-Image-2021-10-28-at-13.10.04.jpeg\"}},{\"type\":\"gallery_item\",\"props\":{\"title\":\"WhatsApp Image 2021-10-28 at 13.09.05\",\"image\":\"wp-content\\\/uploads\\\/2021\\\/10\\\/WhatsApp-Image-2021-10-28-at-13.09.05.jpeg\"}},{\"type\":\"gallery_item\",\"props\":{\"title\":\"WhatsApp Image 2021-10-28 at 13.09.04\",\"image\":\"wp-content\\\/uploads\\\/2021\\\/10\\\/WhatsApp-Image-2021-10-28-at-13.09.04.jpeg\"}}]}]}]}]}],\"version\":\"2.6.6\"} --><\/p>\n","protected":false},"excerpt":{"rendered":"<p>Escuela OyP UV en jornada de concientizaci\u00f3n y educaci\u00f3n sobre la prevenci\u00f3n del C\u00e1ncer de Mamas Con una alta participaci\u00f3n de la comunidad se realiz\u00f3\u00a0una nueva Jornada de concientizaci\u00f3n y educaci\u00f3n sobre la prevenci\u00f3n del C\u00e1ncer de Mamas, actividad organizada por Tuiteros Solidarios, quienes invitaron a la Escuela de Obstetricia y Puericultura para apoyar en [&hellip;]<\/p>\n","protected":false},"author":2,"featured_media":33043,"comment_status":"open","ping_status":"open","sticky":false,"template":"","format":"standard","meta":{"footnotes":""},"categories":[189,5,4,23,179],"tags":[216,64,105,106],"class_list":["post-33042","post","type-post","status-publish","format-standard","has-post-thumbnail","hentry","category-189","category-actividades","category-portada","category-valparaiso","category-vcmye","tag-cancer-de-mama","tag-prevencion","tag-vcm","tag-vinculacion"],"_links":{"self":[{"href":"https:\/\/obstetricia.uv.cl\/inicio\/index.php\/wp-json\/wp\/v2\/posts\/33042","targetHints":{"allow":["GET"]}}],"collection":[{"href":"https:\/\/obstetricia.uv.cl\/inicio\/index.php\/wp-json\/wp\/v2\/posts"}],"about":[{"href":"https:\/\/obstetricia.uv.cl\/inicio\/index.php\/wp-json\/wp\/v2\/types\/post"}],"author":[{"embeddable":true,"href":"https:\/\/obstetricia.uv.cl\/inicio\/index.php\/wp-json\/wp\/v2\/users\/2"}],"replies":[{"embeddable":true,"href":"https:\/\/obstetricia.uv.cl\/inicio\/index.php\/wp-json\/wp\/v2\/comments?post=33042"}],"version-history":[{"count":4,"href":"https:\/\/obstetricia.uv.cl\/inicio\/index.php\/wp-json\/wp\/v2\/posts\/33042\/revisions"}],"predecessor-version":[{"id":33058,"href":"https:\/\/obstetricia.uv.cl\/inicio\/index.php\/wp-json\/wp\/v2\/posts\/33042\/revisions\/33058"}],"wp:featuredmedia":[{"embeddable":true,"href":"https:\/\/obstetricia.uv.cl\/inicio\/index.php\/wp-json\/wp\/v2\/media\/33043"}],"wp:attachment":[{"href":"https:\/\/obstetricia.uv.cl\/inicio\/index.php\/wp-json\/wp\/v2\/media?parent=33042"}],"wp:term":[{"taxonomy":"category","embeddable":true,"href":"https:\/\/obstetricia.uv.cl\/inicio\/index.php\/wp-json\/wp\/v2\/categories?post=33042"},{"taxonomy":"post_tag","embeddable":true,"href":"https:\/\/obstetricia.uv.cl\/inicio\/index.php\/wp-json\/wp\/v2\/tags?post=33042"}],"curies":[{"name":"wp","href":"https:\/\/api.w.org\/{rel}","templated":true}]}}