{"id":33614,"date":"2022-08-26T13:16:42","date_gmt":"2022-08-26T17:16:42","guid":{"rendered":"https:\/\/obstetricia.uv.cl\/inicio\/?p=33614"},"modified":"2022-08-26T13:16:42","modified_gmt":"2022-08-26T17:16:42","slug":"nuestra-escuela-participa-en-feria-de-salud-sexual-y-afectiva-en-colegio-san-nicolas-de-villa-alemana","status":"publish","type":"post","link":"https:\/\/obstetricia.uv.cl\/inicio\/index.php\/2022\/08\/26\/nuestra-escuela-participa-en-feria-de-salud-sexual-y-afectiva-en-colegio-san-nicolas-de-villa-alemana\/","title":{"rendered":"Nuestra escuela participa en Feria de Salud Sexual y Afectiva en Colegio San Nicol\u00e1s de Villa Alemana."},"content":{"rendered":"\n<p class=\"has-text-align-justify\">Con una gran participaci\u00f3n de los\/las estudiantes del Colegio San Nicol\u00e1s de Villa Alemana tuvo la Feria de Salud Sexual y Afectiva realizada el d\u00eda miercoles 24 de agosto en dependencias del Establecimiento.<\/p>\n\n\n\n<p class=\"has-text-align-justify\">Las estudiantes Javiera Silva Abarca, Khrisna Casanova Caceres, Jossefa Naranjo Aguilera, Samanta Gallardo Horvath y Paula Gil Sandova, acompa\u00f1as por el prof. Danilo Zamorano D\u00edaz, se&nbsp;organizaron en dos stand, uno expuso de forma did\u00e1ctica los m\u00e9todos anticonceptivos y en el segundo se expuso sobre la prevenci\u00f3n de ITS a trav\u00e9s del uso correcto de los m\u00e9todos de barrera.<\/p>\n\n\n\n<p class=\"has-text-align-justify\">La actividad fue organizada por Karem Bustamante Gutierrez, Coordinadora Convivencia Escolar y la Coordinaci\u00f3n de Vinculaci\u00f3n con el Medio y Extensi\u00f3n de nuestra carrera.<\/p>\n\n\n\n<p class=\"has-text-align-justify\">Fue una jornada muy provechosa, donde m\u00e1s de 240 estudiantes de 6\u00b0 b\u00e1sico a 4\u00b0 Medio pudieron participar y aclarar dudas.<\/p>\n\n\n\n<figure class=\"wp-block-gallery has-nested-images columns-default is-cropped wp-block-gallery-1 is-layout-flex wp-block-gallery-is-layout-flex\">\n<figure class=\"wp-block-image size-large\"><img loading=\"lazy\" decoding=\"async\" width=\"576\" height=\"1024\" data-id=\"33617\" src=\"https:\/\/obstetricia.uv.cl\/inicio\/wp-content\/uploads\/2022\/08\/WhatsApp-Image-2022-08-24-at-9.51.54-AM-576x1024.jpeg\" alt=\"\" class=\"wp-image-33617\" srcset=\"https:\/\/obstetricia.uv.cl\/inicio\/wp-content\/uploads\/2022\/08\/WhatsApp-Image-2022-08-24-at-9.51.54-AM-576x1024.jpeg 576w, https:\/\/obstetricia.uv.cl\/inicio\/wp-content\/uploads\/2022\/08\/WhatsApp-Image-2022-08-24-at-9.51.54-AM-169x300.jpeg 169w, https:\/\/obstetricia.uv.cl\/inicio\/wp-content\/uploads\/2022\/08\/WhatsApp-Image-2022-08-24-at-9.51.54-AM-610x1084.jpeg 610w, https:\/\/obstetricia.uv.cl\/inicio\/wp-content\/uploads\/2022\/08\/WhatsApp-Image-2022-08-24-at-9.51.54-AM.jpeg 720w\" sizes=\"auto, (max-width: 576px) 100vw, 576px\" \/><\/figure>\n\n\n\n<figure class=\"wp-block-image size-large\"><img loading=\"lazy\" decoding=\"async\" width=\"1024\" height=\"768\" data-id=\"33616\" src=\"https:\/\/obstetricia.uv.cl\/inicio\/wp-content\/uploads\/2022\/08\/WhatsApp-Image-2022-08-24-at-11.46.12-AM-1-1024x768.jpeg\" alt=\"\" class=\"wp-image-33616\" srcset=\"https:\/\/obstetricia.uv.cl\/inicio\/wp-content\/uploads\/2022\/08\/WhatsApp-Image-2022-08-24-at-11.46.12-AM-1-1024x768.jpeg 1024w, https:\/\/obstetricia.uv.cl\/inicio\/wp-content\/uploads\/2022\/08\/WhatsApp-Image-2022-08-24-at-11.46.12-AM-1-300x225.jpeg 300w, https:\/\/obstetricia.uv.cl\/inicio\/wp-content\/uploads\/2022\/08\/WhatsApp-Image-2022-08-24-at-11.46.12-AM-1-1536x1152.jpeg 1536w, https:\/\/obstetricia.uv.cl\/inicio\/wp-content\/uploads\/2022\/08\/WhatsApp-Image-2022-08-24-at-11.46.12-AM-1-510x382.jpeg 510w, https:\/\/obstetricia.uv.cl\/inicio\/wp-content\/uploads\/2022\/08\/WhatsApp-Image-2022-08-24-at-11.46.12-AM-1-1080x810.jpeg 1080w, https:\/\/obstetricia.uv.cl\/inicio\/wp-content\/uploads\/2022\/08\/WhatsApp-Image-2022-08-24-at-11.46.12-AM-1-610x457.jpeg 610w, https:\/\/obstetricia.uv.cl\/inicio\/wp-content\/uploads\/2022\/08\/WhatsApp-Image-2022-08-24-at-11.46.12-AM-1.jpeg 1599w\" sizes=\"auto, (max-width: 1024px) 100vw, 1024px\" \/><\/figure>\n\n\n\n<figure class=\"wp-block-image size-large\"><img loading=\"lazy\" decoding=\"async\" width=\"576\" height=\"1024\" data-id=\"33618\" src=\"https:\/\/obstetricia.uv.cl\/inicio\/wp-content\/uploads\/2022\/08\/WhatsApp-Image-2022-08-24-at-9.53.07-AM-576x1024.jpeg\" alt=\"\" class=\"wp-image-33618\" srcset=\"https:\/\/obstetricia.uv.cl\/inicio\/wp-content\/uploads\/2022\/08\/WhatsApp-Image-2022-08-24-at-9.53.07-AM-576x1024.jpeg 576w, https:\/\/obstetricia.uv.cl\/inicio\/wp-content\/uploads\/2022\/08\/WhatsApp-Image-2022-08-24-at-9.53.07-AM-169x300.jpeg 169w, https:\/\/obstetricia.uv.cl\/inicio\/wp-content\/uploads\/2022\/08\/WhatsApp-Image-2022-08-24-at-9.53.07-AM-610x1084.jpeg 610w, https:\/\/obstetricia.uv.cl\/inicio\/wp-content\/uploads\/2022\/08\/WhatsApp-Image-2022-08-24-at-9.53.07-AM.jpeg 720w\" sizes=\"auto, (max-width: 576px) 100vw, 576px\" \/><\/figure>\n\n\n\n<figure class=\"wp-block-image size-large\"><img loading=\"lazy\" decoding=\"async\" width=\"576\" height=\"1024\" data-id=\"33619\" src=\"https:\/\/obstetricia.uv.cl\/inicio\/wp-content\/uploads\/2022\/08\/WhatsApp-Image-2022-08-24-at-10.02.01-AM-576x1024.jpeg\" alt=\"\" class=\"wp-image-33619\" srcset=\"https:\/\/obstetricia.uv.cl\/inicio\/wp-content\/uploads\/2022\/08\/WhatsApp-Image-2022-08-24-at-10.02.01-AM-576x1024.jpeg 576w, https:\/\/obstetricia.uv.cl\/inicio\/wp-content\/uploads\/2022\/08\/WhatsApp-Image-2022-08-24-at-10.02.01-AM-169x300.jpeg 169w, https:\/\/obstetricia.uv.cl\/inicio\/wp-content\/uploads\/2022\/08\/WhatsApp-Image-2022-08-24-at-10.02.01-AM-610x1084.jpeg 610w, https:\/\/obstetricia.uv.cl\/inicio\/wp-content\/uploads\/2022\/08\/WhatsApp-Image-2022-08-24-at-10.02.01-AM.jpeg 720w\" sizes=\"auto, (max-width: 576px) 100vw, 576px\" \/><\/figure>\n<\/figure>\n","protected":false},"excerpt":{"rendered":"<p>Con una gran participaci\u00f3n de los\/las estudiantes del Colegio San Nicol\u00e1s de Villa Alemana tuvo la Feria de Salud Sexual y Afectiva realizada el d\u00eda miercoles 24 de agosto en dependencias del Establecimiento. Las estudiantes Javiera Silva Abarca, Khrisna Casanova Caceres, Jossefa Naranjo Aguilera, Samanta Gallardo Horvath y Paula Gil Sandova, acompa\u00f1as por el prof. [&hellip;]<\/p>\n","protected":false},"author":2,"featured_media":33615,"comment_status":"open","ping_status":"open","sticky":false,"template":"","format":"standard","meta":{"footnotes":""},"categories":[224,5,4,23,179],"tags":[243,44,126,35,88,62,106],"class_list":["post-33614","post","type-post","status-publish","format-standard","has-post-thumbnail","hentry","category-224","category-actividades","category-portada","category-valparaiso","category-vcmye","tag-afectividad","tag-educacion","tag-educacion-sexual","tag-extension","tag-feria","tag-salud-sexual","tag-vinculacion"],"_links":{"self":[{"href":"https:\/\/obstetricia.uv.cl\/inicio\/index.php\/wp-json\/wp\/v2\/posts\/33614","targetHints":{"allow":["GET"]}}],"collection":[{"href":"https:\/\/obstetricia.uv.cl\/inicio\/index.php\/wp-json\/wp\/v2\/posts"}],"about":[{"href":"https:\/\/obstetricia.uv.cl\/inicio\/index.php\/wp-json\/wp\/v2\/types\/post"}],"author":[{"embeddable":true,"href":"https:\/\/obstetricia.uv.cl\/inicio\/index.php\/wp-json\/wp\/v2\/users\/2"}],"replies":[{"embeddable":true,"href":"https:\/\/obstetricia.uv.cl\/inicio\/index.php\/wp-json\/wp\/v2\/comments?post=33614"}],"version-history":[{"count":1,"href":"https:\/\/obstetricia.uv.cl\/inicio\/index.php\/wp-json\/wp\/v2\/posts\/33614\/revisions"}],"predecessor-version":[{"id":33620,"href":"https:\/\/obstetricia.uv.cl\/inicio\/index.php\/wp-json\/wp\/v2\/posts\/33614\/revisions\/33620"}],"wp:featuredmedia":[{"embeddable":true,"href":"https:\/\/obstetricia.uv.cl\/inicio\/index.php\/wp-json\/wp\/v2\/media\/33615"}],"wp:attachment":[{"href":"https:\/\/obstetricia.uv.cl\/inicio\/index.php\/wp-json\/wp\/v2\/media?parent=33614"}],"wp:term":[{"taxonomy":"category","embeddable":true,"href":"https:\/\/obstetricia.uv.cl\/inicio\/index.php\/wp-json\/wp\/v2\/categories?post=33614"},{"taxonomy":"post_tag","embeddable":true,"href":"https:\/\/obstetricia.uv.cl\/inicio\/index.php\/wp-json\/wp\/v2\/tags?post=33614"}],"curies":[{"name":"wp","href":"https:\/\/api.w.org\/{rel}","templated":true}]}}