{"id":34210,"date":"2023-08-07T10:26:00","date_gmt":"2023-08-07T14:26:00","guid":{"rendered":"https:\/\/obstetricia.uv.cl\/inicio\/?p=34210"},"modified":"2023-08-07T10:26:00","modified_gmt":"2023-08-07T14:26:00","slug":"ceremonia-de-titulacion-san-felipe-2023","status":"publish","type":"post","link":"https:\/\/obstetricia.uv.cl\/inicio\/index.php\/2023\/08\/07\/ceremonia-de-titulacion-san-felipe-2023\/","title":{"rendered":"Ceremonia de Titulaci\u00f3n San Felipe 2023"},"content":{"rendered":"<p>Un emocionante acontecimiento tuvo lugar en el Campus San Felipe de la Universidad de Valpara\u00edso el pasado viernes 28 de julio, donde se llev\u00f3 a cabo la ceremonia de titulaci\u00f3n de 19 talentosas matronas egresadas de la carrera de Obstetricia y Puericultura.<\/p>\n<p>La solemne celebraci\u00f3n estuvo repleta de alegr\u00eda y emoci\u00f3n, con las reci\u00e9n tituladas matronas acompa\u00f1adas por sus familiares, amigos, docentes y autoridades de la carrera. El evento cont\u00f3 con la presencia de destacadas personalidades, incluyendo la Vicedecana de la Facultad de Medicina, Dra. Susana C\u00e1ceres Valdevenito, y la Directora de la Escuela de Obstetricia y Puericultura, Prof. Paula Oyarz\u00fan Andrades.<\/p>\n<p>El director del Campus San Felipe, Francisco Pantoja Molina, tambi\u00e9n se hizo presente en la ceremonia en conjunto de las jefas de carreras de las sedes de Re\u00f1aca y San Felipe<\/p>\n<p>Las nuevas matronas demostraron durante su proceso de formaci\u00f3n una dedicaci\u00f3n y pasi\u00f3n excepcionales hacia su vocaci\u00f3n, lo que les ha permitido alcanzar este importante logro acad\u00e9mico. La carrera de Obstetricia y Puericultura, reconocida por su excelencia y prestigio, ha brindado a estas egresadas las habilidades y conocimientos necesarios para desempe\u00f1arse como profesionales competentes y comprometidas con la salud de las madres y los reci\u00e9n nacidos.<\/p>\n<p>El evento concluy\u00f3 con un sentido acto de entrega de diplomas y distinciones a las egresadas, quienes se mostraron emocionadas y agradecidas por la formaci\u00f3n acad\u00e9mica recibida y por el apoyo brindado por sus seres queridos y profesores.<\/p>\n<p>La generaci\u00f3n 2022 de egresadas de la carrera de Obstetricia y Puericultura de la Universidad de Valpara\u00edso deja un legado de excelencia acad\u00e9mica y compromiso social, y estamos seguros de que su labor contribuir\u00e1 significativamente al bienestar y la salud de la comunidad en general. Felicitaciones a todas las matronas egresadas y \u00e9xitos en su prometedora carrera profesional.<\/p>\n\n<div uk-grid class=\"uk-child-width-1-3\">\n\n            <div class='uk-text-center'>\n\n            \n            <a href='https:\/\/obstetricia.uv.cl\/inicio\/index.php\/2023\/08\/07\/ceremonia-de-titulacion-san-felipe-2023\/diapositiva2-2\/'><img loading=\"lazy\" decoding=\"async\" width=\"150\" height=\"150\" src=\"https:\/\/obstetricia.uv.cl\/inicio\/wp-content\/uploads\/2023\/08\/Diapositiva2-150x150.png\" class=\"attachment-thumbnail size-thumbnail\" alt=\"\" \/><\/a>\n            \n        <\/div>\n            <div class='uk-text-center'>\n\n            \n            <a href='https:\/\/obstetricia.uv.cl\/inicio\/index.php\/2023\/08\/07\/ceremonia-de-titulacion-san-felipe-2023\/diapositiva3-2\/'><img loading=\"lazy\" decoding=\"async\" width=\"150\" height=\"150\" src=\"https:\/\/obstetricia.uv.cl\/inicio\/wp-content\/uploads\/2023\/08\/Diapositiva3-150x150.png\" class=\"attachment-thumbnail size-thumbnail\" alt=\"\" \/><\/a>\n            \n        <\/div>\n            <div class='uk-text-center'>\n\n            \n            <a href='https:\/\/obstetricia.uv.cl\/inicio\/index.php\/2023\/08\/07\/ceremonia-de-titulacion-san-felipe-2023\/diapositiva1\/'><img loading=\"lazy\" decoding=\"async\" width=\"150\" height=\"150\" src=\"https:\/\/obstetricia.uv.cl\/inicio\/wp-content\/uploads\/2023\/08\/Diapositiva1-150x150.png\" class=\"attachment-thumbnail size-thumbnail\" alt=\"\" \/><\/a>\n            \n        <\/div>\n    \n<\/div>\n\n","protected":false},"excerpt":{"rendered":"<p>Un emocionante acontecimiento tuvo lugar en el Campus San Felipe de la Universidad de Valpara\u00edso el pasado viernes 28 de julio, donde se llev\u00f3 a cabo la ceremonia de titulaci\u00f3n de 19 talentosas matronas egresadas de la carrera de Obstetricia y Puericultura. La solemne celebraci\u00f3n estuvo repleta de alegr\u00eda y emoci\u00f3n, con las reci\u00e9n tituladas [&hellip;]<\/p>\n","protected":false},"author":1,"featured_media":34211,"comment_status":"open","ping_status":"open","sticky":false,"template":"","format":"standard","meta":{"footnotes":""},"categories":[252,5,33,4,24,119],"tags":[68,67],"class_list":["post-34210","post","type-post","status-publish","format-standard","has-post-thumbnail","hentry","category-252","category-actividades","category-general","category-portada","category-san-felipe","category-titulados","tag-ceremonia","tag-titulacion"],"_links":{"self":[{"href":"https:\/\/obstetricia.uv.cl\/inicio\/index.php\/wp-json\/wp\/v2\/posts\/34210","targetHints":{"allow":["GET"]}}],"collection":[{"href":"https:\/\/obstetricia.uv.cl\/inicio\/index.php\/wp-json\/wp\/v2\/posts"}],"about":[{"href":"https:\/\/obstetricia.uv.cl\/inicio\/index.php\/wp-json\/wp\/v2\/types\/post"}],"author":[{"embeddable":true,"href":"https:\/\/obstetricia.uv.cl\/inicio\/index.php\/wp-json\/wp\/v2\/users\/1"}],"replies":[{"embeddable":true,"href":"https:\/\/obstetricia.uv.cl\/inicio\/index.php\/wp-json\/wp\/v2\/comments?post=34210"}],"version-history":[{"count":1,"href":"https:\/\/obstetricia.uv.cl\/inicio\/index.php\/wp-json\/wp\/v2\/posts\/34210\/revisions"}],"predecessor-version":[{"id":34214,"href":"https:\/\/obstetricia.uv.cl\/inicio\/index.php\/wp-json\/wp\/v2\/posts\/34210\/revisions\/34214"}],"wp:featuredmedia":[{"embeddable":true,"href":"https:\/\/obstetricia.uv.cl\/inicio\/index.php\/wp-json\/wp\/v2\/media\/34211"}],"wp:attachment":[{"href":"https:\/\/obstetricia.uv.cl\/inicio\/index.php\/wp-json\/wp\/v2\/media?parent=34210"}],"wp:term":[{"taxonomy":"category","embeddable":true,"href":"https:\/\/obstetricia.uv.cl\/inicio\/index.php\/wp-json\/wp\/v2\/categories?post=34210"},{"taxonomy":"post_tag","embeddable":true,"href":"https:\/\/obstetricia.uv.cl\/inicio\/index.php\/wp-json\/wp\/v2\/tags?post=34210"}],"curies":[{"name":"wp","href":"https:\/\/api.w.org\/{rel}","templated":true}]}}