{"id":34405,"date":"2023-11-09T09:27:20","date_gmt":"2023-11-09T12:27:20","guid":{"rendered":"https:\/\/obstetricia.uv.cl\/inicio\/?p=34405"},"modified":"2023-11-21T09:30:11","modified_gmt":"2023-11-21T12:30:11","slug":"nuestra-escuela-en-la-vi-jornada-de-investigacion-organizada-por-la-comision-de-investigacion-de-la-facultad-de-medicina","status":"publish","type":"post","link":"https:\/\/obstetricia.uv.cl\/inicio\/index.php\/2023\/11\/09\/nuestra-escuela-en-la-vi-jornada-de-investigacion-organizada-por-la-comision-de-investigacion-de-la-facultad-de-medicina\/","title":{"rendered":"Nuestra escuela en la VI Jornada de Investigaci\u00f3n organizada por la Comisi\u00f3n de Investigaci\u00f3n de la Facultad de Medicina"},"content":{"rendered":"<p>Durante la VI Jornada de Investigaci\u00f3n organizada por la Comisi\u00f3n de Investigaci\u00f3n de la Facultad de Medicina, la Escuela de Obstetricia y Puericultura particip\u00f3\u00a0del evento con tres p\u00f3ster de trabajos cient\u00edficos.<\/p>\n<p>&nbsp;<\/p>\n<p>Dos de ellas, tesis de pregrado. Una titulada de la sede Re\u00f1aca,\u00a0Percepci\u00f3n de docentes y estudiantes universitarios sobre el proceso de ense\u00f1anza-aprendizaje virtual durante la pandemia covid-19, autoras, Profesora Noelia Cradenas y Profesora Claudia Gutierrez. La segunda, sede San Felipe, titulada,\u00a0Anticoncepci\u00f3n masculina emergente: percepci\u00f3n de adultos j\u00f3venes de la regi\u00f3n de Valpara\u00edso, autora, profesora Nicole Iturrieta.<\/p>\n<p>Adem\u00e1s se present\u00f3 un trabajo original, titulado Docencia en Simulaci\u00f3n Cl\u00ednica de mediana fidelidad en atenci\u00f3n del parto integral, autora, profesora Claudia Vilches.<\/p>\n<p><img loading=\"lazy\" decoding=\"async\" class=\"size-medium wp-image-34407 aligncenter\" src=\"https:\/\/obstetricia.uv.cl\/inicio\/wp-content\/uploads\/2023\/11\/P1090112-300x225.jpg\" alt=\"\" width=\"300\" height=\"225\" srcset=\"https:\/\/obstetricia.uv.cl\/inicio\/wp-content\/uploads\/2023\/11\/P1090112-300x225.jpg 300w, https:\/\/obstetricia.uv.cl\/inicio\/wp-content\/uploads\/2023\/11\/P1090112-1024x768.jpg 1024w, https:\/\/obstetricia.uv.cl\/inicio\/wp-content\/uploads\/2023\/11\/P1090112-1536x1152.jpg 1536w, https:\/\/obstetricia.uv.cl\/inicio\/wp-content\/uploads\/2023\/11\/P1090112-2048x1536.jpg 2048w, https:\/\/obstetricia.uv.cl\/inicio\/wp-content\/uploads\/2023\/11\/P1090112-510x382.jpg 510w, https:\/\/obstetricia.uv.cl\/inicio\/wp-content\/uploads\/2023\/11\/P1090112-1080x810.jpg 1080w\" sizes=\"auto, (max-width: 300px) 100vw, 300px\" \/><\/p>\n","protected":false},"excerpt":{"rendered":"<p>Durante la VI Jornada de Investigaci\u00f3n organizada por la Comisi\u00f3n de Investigaci\u00f3n de la Facultad de Medicina, la Escuela de Obstetricia y Puericultura particip\u00f3\u00a0del evento con tres p\u00f3ster de trabajos cient\u00edficos. &nbsp; Dos de ellas, tesis de pregrado. Una titulada de la sede Re\u00f1aca,\u00a0Percepci\u00f3n de docentes y estudiantes universitarios sobre el proceso de ense\u00f1anza-aprendizaje virtual [&hellip;]<\/p>\n","protected":false},"author":2,"featured_media":34406,"comment_status":"open","ping_status":"open","sticky":false,"template":"","format":"standard","meta":{"footnotes":""},"categories":[252,5,23],"tags":[36,17,150],"class_list":["post-34405","post","type-post","status-publish","format-standard","has-post-thumbnail","hentry","category-252","category-actividades","category-valparaiso","tag-investigacion","tag-jornada","tag-jornadas"],"_links":{"self":[{"href":"https:\/\/obstetricia.uv.cl\/inicio\/index.php\/wp-json\/wp\/v2\/posts\/34405","targetHints":{"allow":["GET"]}}],"collection":[{"href":"https:\/\/obstetricia.uv.cl\/inicio\/index.php\/wp-json\/wp\/v2\/posts"}],"about":[{"href":"https:\/\/obstetricia.uv.cl\/inicio\/index.php\/wp-json\/wp\/v2\/types\/post"}],"author":[{"embeddable":true,"href":"https:\/\/obstetricia.uv.cl\/inicio\/index.php\/wp-json\/wp\/v2\/users\/2"}],"replies":[{"embeddable":true,"href":"https:\/\/obstetricia.uv.cl\/inicio\/index.php\/wp-json\/wp\/v2\/comments?post=34405"}],"version-history":[{"count":1,"href":"https:\/\/obstetricia.uv.cl\/inicio\/index.php\/wp-json\/wp\/v2\/posts\/34405\/revisions"}],"predecessor-version":[{"id":34408,"href":"https:\/\/obstetricia.uv.cl\/inicio\/index.php\/wp-json\/wp\/v2\/posts\/34405\/revisions\/34408"}],"wp:featuredmedia":[{"embeddable":true,"href":"https:\/\/obstetricia.uv.cl\/inicio\/index.php\/wp-json\/wp\/v2\/media\/34406"}],"wp:attachment":[{"href":"https:\/\/obstetricia.uv.cl\/inicio\/index.php\/wp-json\/wp\/v2\/media?parent=34405"}],"wp:term":[{"taxonomy":"category","embeddable":true,"href":"https:\/\/obstetricia.uv.cl\/inicio\/index.php\/wp-json\/wp\/v2\/categories?post=34405"},{"taxonomy":"post_tag","embeddable":true,"href":"https:\/\/obstetricia.uv.cl\/inicio\/index.php\/wp-json\/wp\/v2\/tags?post=34405"}],"curies":[{"name":"wp","href":"https:\/\/api.w.org\/{rel}","templated":true}]}}