{"id":34481,"date":"2023-11-27T11:34:46","date_gmt":"2023-11-27T14:34:46","guid":{"rendered":"https:\/\/obstetricia.uv.cl\/inicio\/?p=34481"},"modified":"2023-11-27T11:34:46","modified_gmt":"2023-11-27T14:34:46","slug":"jornada-de-salud-mental-perinatal-organizada-por-el-comite-de-vinculacion-con-el-medio-de-la-carrera-de-obstetricia-y-puericultura-del-campus-san-felipe","status":"publish","type":"post","link":"https:\/\/obstetricia.uv.cl\/inicio\/index.php\/2023\/11\/27\/jornada-de-salud-mental-perinatal-organizada-por-el-comite-de-vinculacion-con-el-medio-de-la-carrera-de-obstetricia-y-puericultura-del-campus-san-felipe\/","title":{"rendered":"Jornada de Salud Mental Perinatal, organizada por el Comit\u00e9 de Vinculaci\u00f3n con el Medio de la carrera de Obstetricia y Puericultura del campus San Felipe."},"content":{"rendered":"<p>El pasado mi\u00e9rcoles, el auditorio de la Universidad de Valpara\u00edso, fue testigo de una significativa Jornada de Salud Mental Perinatal, organizada por el Comit\u00e9 de Vinculaci\u00f3n con el Medio de la carrera de Obstetricia y Puericultura del campus San Felipe.<\/p>\n<p>La jornada cont\u00f3 con la destacada participaci\u00f3n de expertas en el tema, quienes compartieron sus conocimientos y experiencias con el p\u00fablico asistente. Entre las expositoras invitadas se encontraban la m\u00e9dica psiquiatra Daniela Y\u00e1\u00f1ez, las psic\u00f3logas Ivonne Rosas y Fernanda Calder\u00f3n, as\u00ed como la matrona Stephanie Gal\u00e1n.<\/p>\n<p>Las expositoras abordaron temas cruciales relacionados con la salud mental durante el per\u00edodo perinatal, ofreciendo informaci\u00f3n valiosa tanto para estudiantes como para profesionales de la salud. La diversidad de perspectivas presentadas enriqueci\u00f3 la jornada, brindando una visi\u00f3n integral de los desaf\u00edos y cuidados necesarios en esta etapa crucial de la vida.<\/p>\n<p>La audiencia, compuesta por autoridades acad\u00e9micas, estudiantes de todas las cohortes de la carrera, profesionales de la salud y docentes de la universidad, se mostr\u00f3 participativa y comprometida con los temas presentados. Las expositoras destacaron la importancia de fomentar el di\u00e1logo sobre la salud mental en el contexto perinatal y subrayaron la necesidad de una atenci\u00f3n integral que incluya aspectos f\u00edsicos y emocionales.<\/p>\n<p>Se gener\u00f3 un espacio de aprendizaje e intercambio invaluable, reafirmando el compromiso de la carrera de Obstetricia y Puericultura del campus San Felipe con la formaci\u00f3n integral de profesionales de la salud. La exitosa convocatoria y la participaci\u00f3n activa de diversos actores subrayan la relevancia y pertinencia de abordar estas tem\u00e1ticas en la comunidad universitaria.<\/p>\n<p>Este evento no solo fortaleci\u00f3 el conocimiento en el \u00e1mbito de la salud mental perinatal, sino que tambi\u00e9n promovi\u00f3 la colaboraci\u00f3n interdisciplinaria y la conciencia sobre la importancia de cuidar la salud mental en todas las etapas de la vida, especialmente durante el per\u00edodo perinatal.<\/p>\n\n<div uk-grid class=\"uk-child-width-1-4\">\n\n            <div class='uk-text-center'>\n\n            \n            <img loading=\"lazy\" decoding=\"async\" width=\"150\" height=\"150\" src=\"https:\/\/obstetricia.uv.cl\/inicio\/wp-content\/uploads\/2023\/11\/WhatsApp-Image-2023-11-27-at-10.37.13-1-150x150.jpeg\" class=\"attachment-thumbnail size-thumbnail\" alt=\"\" \/>\n            \n        <\/div>\n            <div class='uk-text-center'>\n\n            \n            <img loading=\"lazy\" decoding=\"async\" width=\"150\" height=\"150\" src=\"https:\/\/obstetricia.uv.cl\/inicio\/wp-content\/uploads\/2023\/11\/WhatsApp-Image-2023-11-27-at-10.37.14-3-150x150.jpeg\" class=\"attachment-thumbnail size-thumbnail\" alt=\"\" \/>\n            \n        <\/div>\n            <div class='uk-text-center'>\n\n            \n            <img loading=\"lazy\" decoding=\"async\" width=\"150\" height=\"150\" src=\"https:\/\/obstetricia.uv.cl\/inicio\/wp-content\/uploads\/2023\/11\/WhatsApp-Image-2023-11-27-at-10.37.14-2-150x150.jpeg\" class=\"attachment-thumbnail size-thumbnail\" alt=\"\" \/>\n            \n        <\/div>\n            <div class='uk-text-center'>\n\n            \n            <img loading=\"lazy\" decoding=\"async\" width=\"150\" height=\"150\" src=\"https:\/\/obstetricia.uv.cl\/inicio\/wp-content\/uploads\/2023\/11\/WhatsApp-Image-2023-11-27-at-10.37.14-150x150.jpeg\" class=\"attachment-thumbnail size-thumbnail\" alt=\"\" \/>\n            \n        <\/div>\n            <div class='uk-text-center'>\n\n            \n            <img loading=\"lazy\" decoding=\"async\" width=\"150\" height=\"150\" src=\"https:\/\/obstetricia.uv.cl\/inicio\/wp-content\/uploads\/2023\/11\/WhatsApp-Image-2023-11-27-at-10.37.13-150x150.jpeg\" class=\"attachment-thumbnail size-thumbnail\" alt=\"\" \/>\n            \n        <\/div>\n            <div class='uk-text-center'>\n\n            \n            <img loading=\"lazy\" decoding=\"async\" width=\"150\" height=\"150\" src=\"https:\/\/obstetricia.uv.cl\/inicio\/wp-content\/uploads\/2023\/11\/WhatsApp-Image-2023-11-27-at-10.37.14-1-150x150.jpeg\" class=\"attachment-thumbnail size-thumbnail\" alt=\"\" \/>\n            \n        <\/div>\n            <div class='uk-text-center'>\n\n            \n            <img loading=\"lazy\" decoding=\"async\" width=\"150\" height=\"150\" src=\"https:\/\/obstetricia.uv.cl\/inicio\/wp-content\/uploads\/2023\/11\/WhatsApp-Image-2023-11-27-at-10.37.15-e1701095675603-150x150.jpeg\" class=\"attachment-thumbnail size-thumbnail\" alt=\"\" \/>\n            \n        <\/div>\n    \n<\/div>\n\n","protected":false},"excerpt":{"rendered":"<p>El pasado mi\u00e9rcoles, el auditorio de la Universidad de Valpara\u00edso, fue testigo de una significativa Jornada de Salud Mental Perinatal, organizada por el Comit\u00e9 de Vinculaci\u00f3n con el Medio de la carrera de Obstetricia y Puericultura del campus San Felipe. La jornada cont\u00f3 con la destacada participaci\u00f3n de expertas en el tema, quienes compartieron sus [&hellip;]<\/p>\n","protected":false},"author":2,"featured_media":34488,"comment_status":"open","ping_status":"open","sticky":false,"template":"","format":"standard","meta":{"footnotes":""},"categories":[252,5,179],"tags":[105,106,155],"class_list":["post-34481","post","type-post","status-publish","format-standard","has-post-thumbnail","hentry","category-252","category-actividades","category-vcmye","tag-vcm","tag-vinculacion","tag-vinculacion-con-el-medio"],"_links":{"self":[{"href":"https:\/\/obstetricia.uv.cl\/inicio\/index.php\/wp-json\/wp\/v2\/posts\/34481","targetHints":{"allow":["GET"]}}],"collection":[{"href":"https:\/\/obstetricia.uv.cl\/inicio\/index.php\/wp-json\/wp\/v2\/posts"}],"about":[{"href":"https:\/\/obstetricia.uv.cl\/inicio\/index.php\/wp-json\/wp\/v2\/types\/post"}],"author":[{"embeddable":true,"href":"https:\/\/obstetricia.uv.cl\/inicio\/index.php\/wp-json\/wp\/v2\/users\/2"}],"replies":[{"embeddable":true,"href":"https:\/\/obstetricia.uv.cl\/inicio\/index.php\/wp-json\/wp\/v2\/comments?post=34481"}],"version-history":[{"count":1,"href":"https:\/\/obstetricia.uv.cl\/inicio\/index.php\/wp-json\/wp\/v2\/posts\/34481\/revisions"}],"predecessor-version":[{"id":34489,"href":"https:\/\/obstetricia.uv.cl\/inicio\/index.php\/wp-json\/wp\/v2\/posts\/34481\/revisions\/34489"}],"wp:featuredmedia":[{"embeddable":true,"href":"https:\/\/obstetricia.uv.cl\/inicio\/index.php\/wp-json\/wp\/v2\/media\/34488"}],"wp:attachment":[{"href":"https:\/\/obstetricia.uv.cl\/inicio\/index.php\/wp-json\/wp\/v2\/media?parent=34481"}],"wp:term":[{"taxonomy":"category","embeddable":true,"href":"https:\/\/obstetricia.uv.cl\/inicio\/index.php\/wp-json\/wp\/v2\/categories?post=34481"},{"taxonomy":"post_tag","embeddable":true,"href":"https:\/\/obstetricia.uv.cl\/inicio\/index.php\/wp-json\/wp\/v2\/tags?post=34481"}],"curies":[{"name":"wp","href":"https:\/\/api.w.org\/{rel}","templated":true}]}}