{"id":34500,"date":"2023-12-14T09:57:09","date_gmt":"2023-12-14T12:57:09","guid":{"rendered":"https:\/\/obstetricia.uv.cl\/inicio\/?p=34500"},"modified":"2023-12-14T09:59:29","modified_gmt":"2023-12-14T12:59:29","slug":"interna-oyp-participa-en-dos-programas-en-la-radio-santa-rosa-fm-de-pelequen-con-tematicas-sobre-atenciones-de-matroneria","status":"publish","type":"post","link":"https:\/\/obstetricia.uv.cl\/inicio\/index.php\/2023\/12\/14\/interna-oyp-participa-en-dos-programas-en-la-radio-santa-rosa-fm-de-pelequen-con-tematicas-sobre-atenciones-de-matroneria\/","title":{"rendered":"Interna OyP participa en dos programas en la Radio Santa Rosa FM de Pelequ\u00e9n con tem\u00e1ticas sobre atenciones de matroner\u00eda"},"content":{"rendered":"<p>la Interna Olga Monserrat Pino Pino que durante sus internados de Salud Familiar en Septiembre y el Gerenciamiento y Liderazgo el 5 de diciembre\u00a0 particip\u00f3 junto a su matr\u00f3n tutor Oscar Celis en dos programas en la Radio Santa Rosa FM de Pelequ\u00e9n con tem\u00e1ticas sobre atenciones de matroner\u00eda, a saber:<\/p>\n<div><span style=\"color: #050505; font-family: Segoe UI Historic, Segoe UI, Helvetica, Arial, sans-serif;\"><b>5 de Septiembre, 2023\u00a0<\/b><\/span><\/div>\n<div><span style=\"color: #050505; font-family: Segoe UI Historic, Segoe UI, Helvetica, Arial, sans-serif;\">Tema: <strong>\u00abRol del matr\u00f3n (a) del CESFAM de Pelequ\u00e9n\u00bb<\/strong> por el d\u00eda de la matrona en Chile, en el cual se hablaron temas atingentes a la matroner\u00eda como: \u00e1reas que imparten las matronas (es), diferencia entre ginec\u00f3logos y matronas, salud sexual y reproductiva, educaci\u00f3n sexual integral, examen de PAP, pesquisa del VIH e ITS en el EMP, entre otros.<\/span><\/div>\n<div><span style=\"color: #050505; font-family: Segoe UI Historic, Segoe UI, Helvetica, Arial, sans-serif;\">\u00a0<\/span><\/div>\n<div><span style=\"color: #050505; font-family: Segoe UI Historic, Segoe UI, Helvetica, Arial, sans-serif;\"><b>5 de Diciembre, 2023<\/b><\/span><\/div>\n<div><span style=\"color: #050505; font-family: Segoe UI Historic, Segoe UI, Helvetica, Arial, sans-serif;\">Temas: <strong>\u00abD\u00eda mundial contra el SIDA\u00bb<\/strong> donde se abord\u00f3 acerca del Virus de la Imnudeficiencia Humana (VIH) y el S\u00edndrome de Inmunodeficiencia Adquirida (SIDA), c\u00f3mo se puede prevenir, c\u00f3mo saber si se est\u00e1 viviendo con VIH, qu\u00e9 es el Test r\u00e1pido de VIH, problema n\u00b018 de la Ley GES, entre otros.<\/span><\/div>\n<div><\/div>\n<div>\n\n<div uk-grid class=\"uk-child-width-1-4\">\n\n            <div class='uk-text-center'>\n\n            \n            <img loading=\"lazy\" decoding=\"async\" width=\"300\" height=\"225\" src=\"https:\/\/obstetricia.uv.cl\/inicio\/wp-content\/uploads\/2023\/12\/Dia-mundial-contral-el-SIDA-3-300x225.jpeg\" class=\"attachment-medium size-medium\" alt=\"\" srcset=\"https:\/\/obstetricia.uv.cl\/inicio\/wp-content\/uploads\/2023\/12\/Dia-mundial-contral-el-SIDA-3-300x225.jpeg 300w, https:\/\/obstetricia.uv.cl\/inicio\/wp-content\/uploads\/2023\/12\/Dia-mundial-contral-el-SIDA-3-510x382.jpeg 510w, https:\/\/obstetricia.uv.cl\/inicio\/wp-content\/uploads\/2023\/12\/Dia-mundial-contral-el-SIDA-3.jpeg 1024w\" sizes=\"auto, (max-width: 300px) 100vw, 300px\" \/>\n            \n        <\/div>\n            <div class='uk-text-center'>\n\n            \n            <img loading=\"lazy\" decoding=\"async\" width=\"225\" height=\"300\" src=\"https:\/\/obstetricia.uv.cl\/inicio\/wp-content\/uploads\/2023\/12\/Dia-Mundial-contral-el-SIDA-225x300.jpeg\" class=\"attachment-medium size-medium\" alt=\"\" srcset=\"https:\/\/obstetricia.uv.cl\/inicio\/wp-content\/uploads\/2023\/12\/Dia-Mundial-contral-el-SIDA-225x300.jpeg 225w, https:\/\/obstetricia.uv.cl\/inicio\/wp-content\/uploads\/2023\/12\/Dia-Mundial-contral-el-SIDA.jpeg 768w\" sizes=\"auto, (max-width: 225px) 100vw, 225px\" \/>\n            \n        <\/div>\n            <div class='uk-text-center'>\n\n            \n            <img loading=\"lazy\" decoding=\"async\" width=\"225\" height=\"300\" src=\"https:\/\/obstetricia.uv.cl\/inicio\/wp-content\/uploads\/2023\/12\/Dia-mundial-contral-el-SIDA-2-225x300.jpeg\" class=\"attachment-medium size-medium\" alt=\"\" srcset=\"https:\/\/obstetricia.uv.cl\/inicio\/wp-content\/uploads\/2023\/12\/Dia-mundial-contral-el-SIDA-2-225x300.jpeg 225w, https:\/\/obstetricia.uv.cl\/inicio\/wp-content\/uploads\/2023\/12\/Dia-mundial-contral-el-SIDA-2.jpeg 768w\" sizes=\"auto, (max-width: 225px) 100vw, 225px\" \/>\n            \n        <\/div>\n            <div class='uk-text-center'>\n\n            \n            <img loading=\"lazy\" decoding=\"async\" width=\"300\" height=\"225\" src=\"https:\/\/obstetricia.uv.cl\/inicio\/wp-content\/uploads\/2023\/12\/Dia-de-la-matroneria-300x225.jpeg\" class=\"attachment-medium size-medium\" alt=\"\" srcset=\"https:\/\/obstetricia.uv.cl\/inicio\/wp-content\/uploads\/2023\/12\/Dia-de-la-matroneria-300x225.jpeg 300w, https:\/\/obstetricia.uv.cl\/inicio\/wp-content\/uploads\/2023\/12\/Dia-de-la-matroneria-1024x768.jpeg 1024w, https:\/\/obstetricia.uv.cl\/inicio\/wp-content\/uploads\/2023\/12\/Dia-de-la-matroneria-1536x1152.jpeg 1536w, https:\/\/obstetricia.uv.cl\/inicio\/wp-content\/uploads\/2023\/12\/Dia-de-la-matroneria-510x382.jpeg 510w, https:\/\/obstetricia.uv.cl\/inicio\/wp-content\/uploads\/2023\/12\/Dia-de-la-matroneria-1080x810.jpeg 1080w, https:\/\/obstetricia.uv.cl\/inicio\/wp-content\/uploads\/2023\/12\/Dia-de-la-matroneria.jpeg 1600w\" sizes=\"auto, (max-width: 300px) 100vw, 300px\" \/>\n            \n        <\/div>\n    \n<\/div>\n\n<\/div>\n","protected":false},"excerpt":{"rendered":"<p>la Interna Olga Monserrat Pino Pino que durante sus internados de Salud Familiar en Septiembre y el Gerenciamiento y Liderazgo el 5 de diciembre\u00a0 particip\u00f3 junto a su matr\u00f3n tutor Oscar Celis en dos programas en la Radio Santa Rosa FM de Pelequ\u00e9n con tem\u00e1ticas sobre atenciones de matroner\u00eda, a saber: 5 de Septiembre, 2023\u00a0 [&hellip;]<\/p>\n","protected":false},"author":2,"featured_media":34501,"comment_status":"open","ping_status":"open","sticky":false,"template":"","format":"standard","meta":{"footnotes":""},"categories":[252,5,23,179],"tags":[113,106,155],"class_list":["post-34500","post","type-post","status-publish","format-standard","has-post-thumbnail","hentry","category-252","category-actividades","category-valparaiso","category-vcmye","tag-internado","tag-vinculacion","tag-vinculacion-con-el-medio"],"_links":{"self":[{"href":"https:\/\/obstetricia.uv.cl\/inicio\/index.php\/wp-json\/wp\/v2\/posts\/34500","targetHints":{"allow":["GET"]}}],"collection":[{"href":"https:\/\/obstetricia.uv.cl\/inicio\/index.php\/wp-json\/wp\/v2\/posts"}],"about":[{"href":"https:\/\/obstetricia.uv.cl\/inicio\/index.php\/wp-json\/wp\/v2\/types\/post"}],"author":[{"embeddable":true,"href":"https:\/\/obstetricia.uv.cl\/inicio\/index.php\/wp-json\/wp\/v2\/users\/2"}],"replies":[{"embeddable":true,"href":"https:\/\/obstetricia.uv.cl\/inicio\/index.php\/wp-json\/wp\/v2\/comments?post=34500"}],"version-history":[{"count":4,"href":"https:\/\/obstetricia.uv.cl\/inicio\/index.php\/wp-json\/wp\/v2\/posts\/34500\/revisions"}],"predecessor-version":[{"id":34508,"href":"https:\/\/obstetricia.uv.cl\/inicio\/index.php\/wp-json\/wp\/v2\/posts\/34500\/revisions\/34508"}],"wp:featuredmedia":[{"embeddable":true,"href":"https:\/\/obstetricia.uv.cl\/inicio\/index.php\/wp-json\/wp\/v2\/media\/34501"}],"wp:attachment":[{"href":"https:\/\/obstetricia.uv.cl\/inicio\/index.php\/wp-json\/wp\/v2\/media?parent=34500"}],"wp:term":[{"taxonomy":"category","embeddable":true,"href":"https:\/\/obstetricia.uv.cl\/inicio\/index.php\/wp-json\/wp\/v2\/categories?post=34500"},{"taxonomy":"post_tag","embeddable":true,"href":"https:\/\/obstetricia.uv.cl\/inicio\/index.php\/wp-json\/wp\/v2\/tags?post=34500"}],"curies":[{"name":"wp","href":"https:\/\/api.w.org\/{rel}","templated":true}]}}