{"id":34766,"date":"2024-04-08T10:43:52","date_gmt":"2024-04-08T14:43:52","guid":{"rendered":"https:\/\/obstetricia.uv.cl\/inicio\/?p=34766"},"modified":"2024-06-17T10:44:27","modified_gmt":"2024-06-17T14:44:27","slug":"estudiantes-oyp-san-felipe-celebran-su-investidura-en-la-universidad-de-valparaiso","status":"publish","type":"post","link":"https:\/\/obstetricia.uv.cl\/inicio\/index.php\/2024\/04\/08\/estudiantes-oyp-san-felipe-celebran-su-investidura-en-la-universidad-de-valparaiso\/","title":{"rendered":"Estudiantes OyP San Felipe Celebran su Investidura en la Universidad de Valpara\u00edso"},"content":{"rendered":"\n<p class=\"has-text-align-justify\">En el Campus San Felipe de la Universidad de Valpara\u00edso, el pasado lunes 8 de abril a las 11 de la ma\u00f1ana, se llev\u00f3 a cabo la solemne ceremonia de investidura de la carrera de Obstetricia y Puericultura.<\/p>\n\n\n\n<p class=\"has-text-align-justify\">Estudiantes, familiares, acad\u00e9micos y destacadas personalidades se congregaron para celebrar el inicio de un nuevo camino profesional. Entre los ilustres asistentes, se contaron la Directora de Carrera, Paula Oyarz\u00fan Andrades, el Director del Campus, Francisco Pantoja Molina, y la Jefa de Carrera, Cynthia Carrasco Carre, quienes, junto a docentes de la carrera y matronas del Valle de Aconcagua, compartieron el honor de presenciar esta trascendental etapa en la vida de los estudiantes.<\/p>\n\n\n\n<p class=\"has-text-align-justify\">El evento adquiri\u00f3 una dimensi\u00f3n a\u00fan m\u00e1s especial gracias a intervenci\u00f3n del violinista y director de la Orquesta Sinf\u00f3nica Infantil de Los Andes, Jos\u00e9 Tom\u00e1s Rives, quien, acompa\u00f1ado por el destacado pianista Michael Lamel\u00e9s, deleit\u00f3 a los presentes con interpretaciones musicales especialmente seleccionadas para la ocasi\u00f3n.<\/p>\n","protected":false},"excerpt":{"rendered":"<p>En el Campus San Felipe de la Universidad de Valpara\u00edso, el pasado lunes 8 de abril a las 11 de la ma\u00f1ana, se llev\u00f3 a cabo la solemne ceremonia de investidura de la carrera de Obstetricia y Puericultura. Estudiantes, familiares, acad\u00e9micos y destacadas personalidades se congregaron para celebrar el inicio de un nuevo camino profesional. [&hellip;]<\/p>\n","protected":false},"author":2,"featured_media":34767,"comment_status":"open","ping_status":"open","sticky":false,"template":"","format":"standard","meta":{"footnotes":""},"categories":[264,5,4,24,179],"tags":[],"class_list":["post-34766","post","type-post","status-publish","format-standard","has-post-thumbnail","hentry","category-264","category-actividades","category-portada","category-san-felipe","category-vcmye"],"_links":{"self":[{"href":"https:\/\/obstetricia.uv.cl\/inicio\/index.php\/wp-json\/wp\/v2\/posts\/34766","targetHints":{"allow":["GET"]}}],"collection":[{"href":"https:\/\/obstetricia.uv.cl\/inicio\/index.php\/wp-json\/wp\/v2\/posts"}],"about":[{"href":"https:\/\/obstetricia.uv.cl\/inicio\/index.php\/wp-json\/wp\/v2\/types\/post"}],"author":[{"embeddable":true,"href":"https:\/\/obstetricia.uv.cl\/inicio\/index.php\/wp-json\/wp\/v2\/users\/2"}],"replies":[{"embeddable":true,"href":"https:\/\/obstetricia.uv.cl\/inicio\/index.php\/wp-json\/wp\/v2\/comments?post=34766"}],"version-history":[{"count":1,"href":"https:\/\/obstetricia.uv.cl\/inicio\/index.php\/wp-json\/wp\/v2\/posts\/34766\/revisions"}],"predecessor-version":[{"id":34768,"href":"https:\/\/obstetricia.uv.cl\/inicio\/index.php\/wp-json\/wp\/v2\/posts\/34766\/revisions\/34768"}],"wp:featuredmedia":[{"embeddable":true,"href":"https:\/\/obstetricia.uv.cl\/inicio\/index.php\/wp-json\/wp\/v2\/media\/34767"}],"wp:attachment":[{"href":"https:\/\/obstetricia.uv.cl\/inicio\/index.php\/wp-json\/wp\/v2\/media?parent=34766"}],"wp:term":[{"taxonomy":"category","embeddable":true,"href":"https:\/\/obstetricia.uv.cl\/inicio\/index.php\/wp-json\/wp\/v2\/categories?post=34766"},{"taxonomy":"post_tag","embeddable":true,"href":"https:\/\/obstetricia.uv.cl\/inicio\/index.php\/wp-json\/wp\/v2\/tags?post=34766"}],"curies":[{"name":"wp","href":"https:\/\/api.w.org\/{rel}","templated":true}]}}