{"id":35177,"date":"2024-09-06T09:53:54","date_gmt":"2024-09-06T13:53:54","guid":{"rendered":"https:\/\/obstetricia.uv.cl\/inicio\/?p=35177"},"modified":"2024-09-30T15:31:01","modified_gmt":"2024-09-30T18:31:01","slug":"jornada-de-calidad-y-seguridad-del-paciente-ssvsa","status":"publish","type":"post","link":"https:\/\/obstetricia.uv.cl\/inicio\/index.php\/2024\/09\/06\/jornada-de-calidad-y-seguridad-del-paciente-ssvsa\/","title":{"rendered":"JORNADA DE CALIDAD Y SEGURIDAD DEL PACIENTE SSVSA"},"content":{"rendered":"\n<p>El 28 de agosto de 2024, la docente Noelia C\u00e1rdenas y representante del Comit\u00e9 de Desarrollo Institucional y Aseguramiento de la Calidad de la carrera de Obstetricia y Puericultura, expone en la IV Jornada de calidad y seguridad del paciente del servicio de salud Valpara\u00edso y San Antonio, realizada y organizada por el Cesfam Cartagena. El tema desarrollado es: <strong>\u00abExperiencia del Internado de Gerenciamiento y Liderazgo de la carrera de Obstetricia y Puericultura UV desde la mirada de campo cl\u00ednico y de los estudiantes\u00bb<\/strong>, se da a conocer lo realizado por internos en la Unidad de Salud Sexual de la corporaci\u00f3n de salud de Quilpu\u00e9, donde han participado activamente junto al doctor Heraldo Povea y la matrona Macarena Inostroza (adem\u00e1s es quien se encarga de tutorar a los estudiantes), en la creaci\u00f3n de diferentes documentos para llevar a cabo este proyecto. El doctor Povea adem\u00e1s, como representante de la corporaci\u00f3n participa en la exposici\u00f3n dando su opini\u00f3n de la preparaci\u00f3n de nuestro estudiantado en este internado y lo que ha significado \u00abEl Gerenciamiento y Liderazgo\u00bb aprendido en el pregrado y puesto en pr\u00e1ctica en este proceso de pr\u00e1ctica, donde han desarrollado  protocolos, normas, indicadores, pautas de supervisi\u00f3n, estad\u00edsticas, capacitaciones y educaci\u00f3n a diversas personas de la comunidad, entre otras actividades.<\/p>\n\n\n\n<p><\/p>\n","protected":false},"excerpt":{"rendered":"<p>El 28 de agosto de 2024, la docente Noelia C\u00e1rdenas y representante del Comit\u00e9 de Desarrollo Institucional y Aseguramiento de la Calidad de la carrera de Obstetricia y Puericultura, expone en la IV Jornada de calidad y seguridad del paciente del servicio de salud Valpara\u00edso y San Antonio, realizada y organizada por el Cesfam Cartagena. [&hellip;]<\/p>\n","protected":false},"author":9,"featured_media":35179,"comment_status":"open","ping_status":"open","sticky":false,"template":"","format":"standard","meta":{"footnotes":""},"categories":[264,5,244,4],"tags":[241,126,17,258],"class_list":["post-35177","post","type-post","status-publish","format-standard","has-post-thumbnail","hentry","category-264","category-actividades","category-calidad","category-portada","tag-calidad","tag-educacion-sexual","tag-jornada","tag-pregrado"],"_links":{"self":[{"href":"https:\/\/obstetricia.uv.cl\/inicio\/index.php\/wp-json\/wp\/v2\/posts\/35177","targetHints":{"allow":["GET"]}}],"collection":[{"href":"https:\/\/obstetricia.uv.cl\/inicio\/index.php\/wp-json\/wp\/v2\/posts"}],"about":[{"href":"https:\/\/obstetricia.uv.cl\/inicio\/index.php\/wp-json\/wp\/v2\/types\/post"}],"author":[{"embeddable":true,"href":"https:\/\/obstetricia.uv.cl\/inicio\/index.php\/wp-json\/wp\/v2\/users\/9"}],"replies":[{"embeddable":true,"href":"https:\/\/obstetricia.uv.cl\/inicio\/index.php\/wp-json\/wp\/v2\/comments?post=35177"}],"version-history":[{"count":1,"href":"https:\/\/obstetricia.uv.cl\/inicio\/index.php\/wp-json\/wp\/v2\/posts\/35177\/revisions"}],"predecessor-version":[{"id":35178,"href":"https:\/\/obstetricia.uv.cl\/inicio\/index.php\/wp-json\/wp\/v2\/posts\/35177\/revisions\/35178"}],"wp:featuredmedia":[{"embeddable":true,"href":"https:\/\/obstetricia.uv.cl\/inicio\/index.php\/wp-json\/wp\/v2\/media\/35179"}],"wp:attachment":[{"href":"https:\/\/obstetricia.uv.cl\/inicio\/index.php\/wp-json\/wp\/v2\/media?parent=35177"}],"wp:term":[{"taxonomy":"category","embeddable":true,"href":"https:\/\/obstetricia.uv.cl\/inicio\/index.php\/wp-json\/wp\/v2\/categories?post=35177"},{"taxonomy":"post_tag","embeddable":true,"href":"https:\/\/obstetricia.uv.cl\/inicio\/index.php\/wp-json\/wp\/v2\/tags?post=35177"}],"curies":[{"name":"wp","href":"https:\/\/api.w.org\/{rel}","templated":true}]}}