{"id":35223,"date":"2024-10-07T09:20:15","date_gmt":"2024-10-07T12:20:15","guid":{"rendered":"https:\/\/obstetricia.uv.cl\/inicio\/?p=35223"},"modified":"2024-10-07T09:20:17","modified_gmt":"2024-10-07T12:20:17","slug":"jornada-red-de-escuelas-de-obstetricia-de-chile","status":"publish","type":"post","link":"https:\/\/obstetricia.uv.cl\/inicio\/index.php\/2024\/10\/07\/jornada-red-de-escuelas-de-obstetricia-de-chile\/","title":{"rendered":"Jornada Red de Escuelas de Obstetricia de Chile"},"content":{"rendered":"\n<p>En el contexto de la celebracion de los 190 a\u00f1os de la escuela de Obstetricia y Puericultura de la Universidad de Chile, se realizo la Jornada de la Red de escuela de Chile en donde se fortalecieron los lazos de gesti\u00f3n academica con la participaci\u00f3n de directoras de escuelas de parteria internacional de Argentina Per\u00fa y el Salvador<\/p>\n","protected":false},"excerpt":{"rendered":"<p>En el contexto de la celebracion de los 190 a\u00f1os de la escuela de Obstetricia y Puericultura de la Universidad de Chile, se realizo la Jornada de la Red de escuela de Chile en donde se fortalecieron los lazos de gesti\u00f3n academica con la participaci\u00f3n de directoras de escuelas de parteria internacional de Argentina Per\u00fa [&hellip;]<\/p>\n","protected":false},"author":2,"featured_media":35224,"comment_status":"open","ping_status":"open","sticky":false,"template":"","format":"standard","meta":{"footnotes":""},"categories":[264,5,33,196,4,24,23,179],"tags":[197,149,17],"class_list":["post-35223","post","type-post","status-publish","format-standard","has-post-thumbnail","hentry","category-264","category-actividades","category-general","category-gestion","category-portada","category-san-felipe","category-valparaiso","category-vcmye","tag-direccion-de-escuela","tag-directores-obstetricia","tag-jornada"],"_links":{"self":[{"href":"https:\/\/obstetricia.uv.cl\/inicio\/index.php\/wp-json\/wp\/v2\/posts\/35223","targetHints":{"allow":["GET"]}}],"collection":[{"href":"https:\/\/obstetricia.uv.cl\/inicio\/index.php\/wp-json\/wp\/v2\/posts"}],"about":[{"href":"https:\/\/obstetricia.uv.cl\/inicio\/index.php\/wp-json\/wp\/v2\/types\/post"}],"author":[{"embeddable":true,"href":"https:\/\/obstetricia.uv.cl\/inicio\/index.php\/wp-json\/wp\/v2\/users\/2"}],"replies":[{"embeddable":true,"href":"https:\/\/obstetricia.uv.cl\/inicio\/index.php\/wp-json\/wp\/v2\/comments?post=35223"}],"version-history":[{"count":1,"href":"https:\/\/obstetricia.uv.cl\/inicio\/index.php\/wp-json\/wp\/v2\/posts\/35223\/revisions"}],"predecessor-version":[{"id":35225,"href":"https:\/\/obstetricia.uv.cl\/inicio\/index.php\/wp-json\/wp\/v2\/posts\/35223\/revisions\/35225"}],"wp:featuredmedia":[{"embeddable":true,"href":"https:\/\/obstetricia.uv.cl\/inicio\/index.php\/wp-json\/wp\/v2\/media\/35224"}],"wp:attachment":[{"href":"https:\/\/obstetricia.uv.cl\/inicio\/index.php\/wp-json\/wp\/v2\/media?parent=35223"}],"wp:term":[{"taxonomy":"category","embeddable":true,"href":"https:\/\/obstetricia.uv.cl\/inicio\/index.php\/wp-json\/wp\/v2\/categories?post=35223"},{"taxonomy":"post_tag","embeddable":true,"href":"https:\/\/obstetricia.uv.cl\/inicio\/index.php\/wp-json\/wp\/v2\/tags?post=35223"}],"curies":[{"name":"wp","href":"https:\/\/api.w.org\/{rel}","templated":true}]}}