{"id":35230,"date":"2024-10-07T09:31:54","date_gmt":"2024-10-07T12:31:54","guid":{"rendered":"https:\/\/obstetricia.uv.cl\/inicio\/?p=35230"},"modified":"2024-10-07T09:31:58","modified_gmt":"2024-10-07T12:31:58","slug":"participacion-de-interna-belen-gonzalez-en-el-25-encuentro-mundial-sobre-medicina-sexual-en-brasil","status":"publish","type":"post","link":"https:\/\/obstetricia.uv.cl\/inicio\/index.php\/2024\/10\/07\/participacion-de-interna-belen-gonzalez-en-el-25-encuentro-mundial-sobre-medicina-sexual-en-brasil\/","title":{"rendered":"Participaci\u00f3n de Interna Bel\u00e9n Gonz\u00e1lez en el 25\u00b0 Encuentro Mundial sobre Medicina Sexual, en Brasil."},"content":{"rendered":"\n<p>La interna Bel\u00e9n Gonz\u00e1lez, durante su internado de Gerenciamiento y Liderazgo, realizado en la Unidad de Salud Sexual de la Corporaci\u00f3n Municipal de Quilpu\u00e9, prepara junto al doctor Heraldo Povea un trabajo sobre \u00abEl trauma sexual en la infancia como causa de disfunciones sexuales. Caracterizaci\u00f3n de casos cl\u00ednicos en un \u00e1mbito de atenci\u00f3n primaria de salud en Chile\u00bb. Presentan en el congreso realizado entre el 26 y 29 de septiembre del presente a\u00f1o, un P\u00f3ster del trabajo, siendo la estudiante la expositora principal del estudio. Este tambi\u00e9n ser\u00e1 publicado en los \u00abProceedings del Congreso\u00bb. De acuerdo a lo expresado por el doctor Povea y Bel\u00e9n fue una gran experiencia de aprendizaje.<\/p>\n","protected":false},"excerpt":{"rendered":"<p>La interna Bel\u00e9n Gonz\u00e1lez, durante su internado de Gerenciamiento y Liderazgo, realizado en la Unidad de Salud Sexual de la Corporaci\u00f3n Municipal de Quilpu\u00e9, prepara junto al doctor Heraldo Povea un trabajo sobre \u00abEl trauma sexual en la infancia como causa de disfunciones sexuales. Caracterizaci\u00f3n de casos cl\u00ednicos en un \u00e1mbito de atenci\u00f3n primaria de [&hellip;]<\/p>\n","protected":false},"author":2,"featured_media":35231,"comment_status":"open","ping_status":"open","sticky":false,"template":"","format":"standard","meta":{"footnotes":""},"categories":[264,5,4,23,179],"tags":[36,106,155],"class_list":["post-35230","post","type-post","status-publish","format-standard","has-post-thumbnail","hentry","category-264","category-actividades","category-portada","category-valparaiso","category-vcmye","tag-investigacion","tag-vinculacion","tag-vinculacion-con-el-medio"],"_links":{"self":[{"href":"https:\/\/obstetricia.uv.cl\/inicio\/index.php\/wp-json\/wp\/v2\/posts\/35230","targetHints":{"allow":["GET"]}}],"collection":[{"href":"https:\/\/obstetricia.uv.cl\/inicio\/index.php\/wp-json\/wp\/v2\/posts"}],"about":[{"href":"https:\/\/obstetricia.uv.cl\/inicio\/index.php\/wp-json\/wp\/v2\/types\/post"}],"author":[{"embeddable":true,"href":"https:\/\/obstetricia.uv.cl\/inicio\/index.php\/wp-json\/wp\/v2\/users\/2"}],"replies":[{"embeddable":true,"href":"https:\/\/obstetricia.uv.cl\/inicio\/index.php\/wp-json\/wp\/v2\/comments?post=35230"}],"version-history":[{"count":1,"href":"https:\/\/obstetricia.uv.cl\/inicio\/index.php\/wp-json\/wp\/v2\/posts\/35230\/revisions"}],"predecessor-version":[{"id":35232,"href":"https:\/\/obstetricia.uv.cl\/inicio\/index.php\/wp-json\/wp\/v2\/posts\/35230\/revisions\/35232"}],"wp:featuredmedia":[{"embeddable":true,"href":"https:\/\/obstetricia.uv.cl\/inicio\/index.php\/wp-json\/wp\/v2\/media\/35231"}],"wp:attachment":[{"href":"https:\/\/obstetricia.uv.cl\/inicio\/index.php\/wp-json\/wp\/v2\/media?parent=35230"}],"wp:term":[{"taxonomy":"category","embeddable":true,"href":"https:\/\/obstetricia.uv.cl\/inicio\/index.php\/wp-json\/wp\/v2\/categories?post=35230"},{"taxonomy":"post_tag","embeddable":true,"href":"https:\/\/obstetricia.uv.cl\/inicio\/index.php\/wp-json\/wp\/v2\/tags?post=35230"}],"curies":[{"name":"wp","href":"https:\/\/api.w.org\/{rel}","templated":true}]}}