{"id":35256,"date":"2024-10-21T08:39:40","date_gmt":"2024-10-21T11:39:40","guid":{"rendered":"https:\/\/obstetricia.uv.cl\/inicio\/?p=35256"},"modified":"2024-11-25T10:29:15","modified_gmt":"2024-11-25T13:29:15","slug":"octubre-rosa-docentes-de-obstetricia-y-puericultura-realizan-examen-fisico-de-mama-en-el-campus-san-felipe-en-el-marco-del-mes-de-la-sensibilizacion-contra-el-cancer-de-mama","status":"publish","type":"post","link":"https:\/\/obstetricia.uv.cl\/inicio\/index.php\/2024\/10\/21\/octubre-rosa-docentes-de-obstetricia-y-puericultura-realizan-examen-fisico-de-mama-en-el-campus-san-felipe-en-el-marco-del-mes-de-la-sensibilizacion-contra-el-cancer-de-mama\/","title":{"rendered":"\u00abOctubre Rosa\u00bb Docentes de Obstetricia y Puericultura Realizan Examen F\u00edsico de Mama en el Campus San Felipe en el Marco del mes de la sensibilizaci\u00f3n contra el c\u00e1ncer de mama"},"content":{"rendered":"\n<p>El pasado martes 15 de octubre, , las docentes de la carrera de Obstetricia y Puericultura del campus San Felipe, llevaron a cabo una significativa actividad de sensibilizaci\u00f3n sobre el c\u00e1ncer de mama. En esta ocasi\u00f3n, realizaron ex\u00e1menes f\u00edsicos de mama a las funcionarias del campus, promoviendo la importancia de los controles peri\u00f3dicos y el autoexamen como medidas preventivas clave.<\/p>\n\n\n\n<p>Durante la actividad, no solo se brind\u00f3 atenci\u00f3n personalizada, sino que tambi\u00e9n se aprovech\u00f3 la oportunidad para educar a las participantes.<\/p>\n\n\n\n<p> Esta jornada refuerza el compromiso de la comunidad educativa con la salud y el bienestar de sus integrantes, en especial en la lucha contra una de las enfermedades que m\u00e1s afecta a las mujeres a nivel mundial.<\/p>\n\n\n\n<p><\/p>\n","protected":false},"excerpt":{"rendered":"<p>El pasado martes 15 de octubre, , las docentes de la carrera de Obstetricia y Puericultura del campus San Felipe, llevaron a cabo una significativa actividad de sensibilizaci\u00f3n sobre el c\u00e1ncer de mama. En esta ocasi\u00f3n, realizaron ex\u00e1menes f\u00edsicos de mama a las funcionarias del campus, promoviendo la importancia de los controles peri\u00f3dicos y el [&hellip;]<\/p>\n","protected":false},"author":11,"featured_media":35257,"comment_status":"open","ping_status":"open","sticky":false,"template":"","format":"standard","meta":{"footnotes":""},"categories":[264,5,24,179],"tags":[44,105,106,155],"class_list":["post-35256","post","type-post","status-publish","format-standard","has-post-thumbnail","hentry","category-264","category-actividades","category-san-felipe","category-vcmye","tag-educacion","tag-vcm","tag-vinculacion","tag-vinculacion-con-el-medio"],"_links":{"self":[{"href":"https:\/\/obstetricia.uv.cl\/inicio\/index.php\/wp-json\/wp\/v2\/posts\/35256","targetHints":{"allow":["GET"]}}],"collection":[{"href":"https:\/\/obstetricia.uv.cl\/inicio\/index.php\/wp-json\/wp\/v2\/posts"}],"about":[{"href":"https:\/\/obstetricia.uv.cl\/inicio\/index.php\/wp-json\/wp\/v2\/types\/post"}],"author":[{"embeddable":true,"href":"https:\/\/obstetricia.uv.cl\/inicio\/index.php\/wp-json\/wp\/v2\/users\/11"}],"replies":[{"embeddable":true,"href":"https:\/\/obstetricia.uv.cl\/inicio\/index.php\/wp-json\/wp\/v2\/comments?post=35256"}],"version-history":[{"count":1,"href":"https:\/\/obstetricia.uv.cl\/inicio\/index.php\/wp-json\/wp\/v2\/posts\/35256\/revisions"}],"predecessor-version":[{"id":35259,"href":"https:\/\/obstetricia.uv.cl\/inicio\/index.php\/wp-json\/wp\/v2\/posts\/35256\/revisions\/35259"}],"wp:featuredmedia":[{"embeddable":true,"href":"https:\/\/obstetricia.uv.cl\/inicio\/index.php\/wp-json\/wp\/v2\/media\/35257"}],"wp:attachment":[{"href":"https:\/\/obstetricia.uv.cl\/inicio\/index.php\/wp-json\/wp\/v2\/media?parent=35256"}],"wp:term":[{"taxonomy":"category","embeddable":true,"href":"https:\/\/obstetricia.uv.cl\/inicio\/index.php\/wp-json\/wp\/v2\/categories?post=35256"},{"taxonomy":"post_tag","embeddable":true,"href":"https:\/\/obstetricia.uv.cl\/inicio\/index.php\/wp-json\/wp\/v2\/tags?post=35256"}],"curies":[{"name":"wp","href":"https:\/\/api.w.org\/{rel}","templated":true}]}}