{"id":35286,"date":"2024-11-06T09:37:00","date_gmt":"2024-11-06T12:37:00","guid":{"rendered":"https:\/\/obstetricia.uv.cl\/inicio\/?p=35286"},"modified":"2024-11-25T09:43:29","modified_gmt":"2024-11-25T12:43:29","slug":"jornada-de-investigacion-y-accion-territorial-ciiste-2024-tendra-un-bloque-para-conmemorar-el-dia-mundial-de-la-prematuridad","status":"publish","type":"post","link":"https:\/\/obstetricia.uv.cl\/inicio\/index.php\/2024\/11\/06\/jornada-de-investigacion-y-accion-territorial-ciiste-2024-tendra-un-bloque-para-conmemorar-el-dia-mundial-de-la-prematuridad\/","title":{"rendered":"Jornada de Investigaci\u00f3n y Acci\u00f3n Territorial &#8211; CIISTe 2024 tendr\u00e1 un bloque para conmemorar el D\u00eda Mundial de la Prematuridad"},"content":{"rendered":"\n<p>El pr\u00f3ximo 15 de noviembre en el Ausitorio del Campus San Felipe, el Centro Interdisciplinario de Investigaci\u00f3n en Salud Territorial (CIISTe) &#8211; Aconcagua, realizar\u00e1 su jornada anual de investigaci\u00f3n, que tiene como objetivo compartir las investigaciones y\/o experiencias llevadas a cabo en contextos de salud y educaci\u00f3n.<\/p>\n\n\n\n<figure class=\"wp-block-gallery has-nested-images columns-4 is-cropped wp-block-gallery-1 is-layout-flex wp-block-gallery-is-layout-flex\">\n<figure class=\"wp-block-image size-large\"><img loading=\"lazy\" decoding=\"async\" width=\"810\" height=\"809\" data-id=\"35288\" src=\"https:\/\/obstetricia.uv.cl\/inicio\/wp-content\/uploads\/2024\/11\/15-de-noviembre-2023-Auditorio-Campus-San-Felipe-Nicole-Iturrieta-1-1.jpg\" alt=\"\" class=\"wp-image-35288\" srcset=\"https:\/\/obstetricia.uv.cl\/inicio\/wp-content\/uploads\/2024\/11\/15-de-noviembre-2023-Auditorio-Campus-San-Felipe-Nicole-Iturrieta-1-1.jpg 810w, https:\/\/obstetricia.uv.cl\/inicio\/wp-content\/uploads\/2024\/11\/15-de-noviembre-2023-Auditorio-Campus-San-Felipe-Nicole-Iturrieta-1-1-300x300.jpg 300w, https:\/\/obstetricia.uv.cl\/inicio\/wp-content\/uploads\/2024\/11\/15-de-noviembre-2023-Auditorio-Campus-San-Felipe-Nicole-Iturrieta-1-1-150x150.jpg 150w\" sizes=\"auto, (max-width: 810px) 100vw, 810px\" \/><\/figure>\n\n\n\n<figure class=\"wp-block-image size-large\"><img loading=\"lazy\" decoding=\"async\" width=\"810\" height=\"809\" data-id=\"35289\" src=\"https:\/\/obstetricia.uv.cl\/inicio\/wp-content\/uploads\/2024\/11\/15-de-noviembre-2023-Auditorio-Campus-San-Felipe-Nicole-Iturrieta-2.jpg\" alt=\"\" class=\"wp-image-35289\" srcset=\"https:\/\/obstetricia.uv.cl\/inicio\/wp-content\/uploads\/2024\/11\/15-de-noviembre-2023-Auditorio-Campus-San-Felipe-Nicole-Iturrieta-2.jpg 810w, https:\/\/obstetricia.uv.cl\/inicio\/wp-content\/uploads\/2024\/11\/15-de-noviembre-2023-Auditorio-Campus-San-Felipe-Nicole-Iturrieta-2-300x300.jpg 300w, https:\/\/obstetricia.uv.cl\/inicio\/wp-content\/uploads\/2024\/11\/15-de-noviembre-2023-Auditorio-Campus-San-Felipe-Nicole-Iturrieta-2-150x150.jpg 150w\" sizes=\"auto, (max-width: 810px) 100vw, 810px\" \/><\/figure>\n\n\n\n<figure class=\"wp-block-image size-large\"><img loading=\"lazy\" decoding=\"async\" width=\"810\" height=\"809\" data-id=\"35290\" src=\"https:\/\/obstetricia.uv.cl\/inicio\/wp-content\/uploads\/2024\/11\/15-de-noviembre-2023-Auditorio-Campus-San-Felipe-Nicole-Iturrieta-3.jpg\" alt=\"\" class=\"wp-image-35290\" srcset=\"https:\/\/obstetricia.uv.cl\/inicio\/wp-content\/uploads\/2024\/11\/15-de-noviembre-2023-Auditorio-Campus-San-Felipe-Nicole-Iturrieta-3.jpg 810w, https:\/\/obstetricia.uv.cl\/inicio\/wp-content\/uploads\/2024\/11\/15-de-noviembre-2023-Auditorio-Campus-San-Felipe-Nicole-Iturrieta-3-300x300.jpg 300w, https:\/\/obstetricia.uv.cl\/inicio\/wp-content\/uploads\/2024\/11\/15-de-noviembre-2023-Auditorio-Campus-San-Felipe-Nicole-Iturrieta-3-150x150.jpg 150w\" sizes=\"auto, (max-width: 810px) 100vw, 810px\" \/><\/figure>\n\n\n\n<figure class=\"wp-block-image size-large\"><img loading=\"lazy\" decoding=\"async\" width=\"810\" height=\"809\" data-id=\"35291\" src=\"https:\/\/obstetricia.uv.cl\/inicio\/wp-content\/uploads\/2024\/11\/15-de-noviembre-2023-Auditorio-Campus-San-Felipe-Nicole-Iturrieta-4.jpg\" alt=\"\" class=\"wp-image-35291\" srcset=\"https:\/\/obstetricia.uv.cl\/inicio\/wp-content\/uploads\/2024\/11\/15-de-noviembre-2023-Auditorio-Campus-San-Felipe-Nicole-Iturrieta-4.jpg 810w, https:\/\/obstetricia.uv.cl\/inicio\/wp-content\/uploads\/2024\/11\/15-de-noviembre-2023-Auditorio-Campus-San-Felipe-Nicole-Iturrieta-4-300x300.jpg 300w, https:\/\/obstetricia.uv.cl\/inicio\/wp-content\/uploads\/2024\/11\/15-de-noviembre-2023-Auditorio-Campus-San-Felipe-Nicole-Iturrieta-4-150x150.jpg 150w\" sizes=\"auto, (max-width: 810px) 100vw, 810px\" \/><\/figure>\n\n\n\n<figure class=\"wp-block-image size-large\"><img loading=\"lazy\" decoding=\"async\" width=\"810\" height=\"809\" data-id=\"35292\" src=\"https:\/\/obstetricia.uv.cl\/inicio\/wp-content\/uploads\/2024\/11\/15-de-noviembre-2023-Auditorio-Campus-San-Felipe-Nicole-Iturrieta-5.jpg\" alt=\"\" class=\"wp-image-35292\" srcset=\"https:\/\/obstetricia.uv.cl\/inicio\/wp-content\/uploads\/2024\/11\/15-de-noviembre-2023-Auditorio-Campus-San-Felipe-Nicole-Iturrieta-5.jpg 810w, https:\/\/obstetricia.uv.cl\/inicio\/wp-content\/uploads\/2024\/11\/15-de-noviembre-2023-Auditorio-Campus-San-Felipe-Nicole-Iturrieta-5-300x300.jpg 300w, https:\/\/obstetricia.uv.cl\/inicio\/wp-content\/uploads\/2024\/11\/15-de-noviembre-2023-Auditorio-Campus-San-Felipe-Nicole-Iturrieta-5-150x150.jpg 150w\" sizes=\"auto, (max-width: 810px) 100vw, 810px\" \/><\/figure>\n<\/figure>\n","protected":false},"excerpt":{"rendered":"<p>El pr\u00f3ximo 15 de noviembre en el Ausitorio del Campus San Felipe, el Centro Interdisciplinario de Investigaci\u00f3n en Salud Territorial (CIISTe) &#8211; Aconcagua, realizar\u00e1 su jornada anual de investigaci\u00f3n, que tiene como objetivo compartir las investigaciones y\/o experiencias llevadas a cabo en contextos de salud y educaci\u00f3n.<\/p>\n","protected":false},"author":2,"featured_media":35287,"comment_status":"open","ping_status":"open","sticky":false,"template":"","format":"standard","meta":{"footnotes":""},"categories":[264,5,265,24,179],"tags":[36,17,105],"class_list":["post-35286","post","type-post","status-publish","format-standard","has-post-thumbnail","hentry","category-264","category-actividades","category-investigacion","category-san-felipe","category-vcmye","tag-investigacion","tag-jornada","tag-vcm"],"_links":{"self":[{"href":"https:\/\/obstetricia.uv.cl\/inicio\/index.php\/wp-json\/wp\/v2\/posts\/35286","targetHints":{"allow":["GET"]}}],"collection":[{"href":"https:\/\/obstetricia.uv.cl\/inicio\/index.php\/wp-json\/wp\/v2\/posts"}],"about":[{"href":"https:\/\/obstetricia.uv.cl\/inicio\/index.php\/wp-json\/wp\/v2\/types\/post"}],"author":[{"embeddable":true,"href":"https:\/\/obstetricia.uv.cl\/inicio\/index.php\/wp-json\/wp\/v2\/users\/2"}],"replies":[{"embeddable":true,"href":"https:\/\/obstetricia.uv.cl\/inicio\/index.php\/wp-json\/wp\/v2\/comments?post=35286"}],"version-history":[{"count":1,"href":"https:\/\/obstetricia.uv.cl\/inicio\/index.php\/wp-json\/wp\/v2\/posts\/35286\/revisions"}],"predecessor-version":[{"id":35293,"href":"https:\/\/obstetricia.uv.cl\/inicio\/index.php\/wp-json\/wp\/v2\/posts\/35286\/revisions\/35293"}],"wp:featuredmedia":[{"embeddable":true,"href":"https:\/\/obstetricia.uv.cl\/inicio\/index.php\/wp-json\/wp\/v2\/media\/35287"}],"wp:attachment":[{"href":"https:\/\/obstetricia.uv.cl\/inicio\/index.php\/wp-json\/wp\/v2\/media?parent=35286"}],"wp:term":[{"taxonomy":"category","embeddable":true,"href":"https:\/\/obstetricia.uv.cl\/inicio\/index.php\/wp-json\/wp\/v2\/categories?post=35286"},{"taxonomy":"post_tag","embeddable":true,"href":"https:\/\/obstetricia.uv.cl\/inicio\/index.php\/wp-json\/wp\/v2\/tags?post=35286"}],"curies":[{"name":"wp","href":"https:\/\/api.w.org\/{rel}","templated":true}]}}