{"id":35302,"date":"2024-11-25T09:57:14","date_gmt":"2024-11-25T12:57:14","guid":{"rendered":"https:\/\/obstetricia.uv.cl\/inicio\/?p=35302"},"modified":"2024-11-25T09:57:15","modified_gmt":"2024-11-25T12:57:15","slug":"prof-juan-pablo-rojas-en-congreso-nacional-de-neonatologia","status":"publish","type":"post","link":"https:\/\/obstetricia.uv.cl\/inicio\/index.php\/2024\/11\/25\/prof-juan-pablo-rojas-en-congreso-nacional-de-neonatologia\/","title":{"rendered":"Prof. Juan Pablo Rojas en Congreso nacional de Neonatologia"},"content":{"rendered":"\n<p>Participaci\u00f3n como expositor con trabajo \u201cpercepci\u00f3n de funcionarios de la salud frente al pinzamiento tard\u00edo de cord\u00f3n umbilical y su posible beneficio en la prevenci\u00f3n de enfermedad de membrana hialina \u201c<\/p>\n\n\n\n<figure class=\"wp-block-gallery has-nested-images columns-default is-cropped wp-block-gallery-1 is-layout-flex wp-block-gallery-is-layout-flex\">\n<figure class=\"wp-block-image size-large\"><img loading=\"lazy\" decoding=\"async\" width=\"1024\" height=\"576\" data-id=\"35304\" src=\"https:\/\/obstetricia.uv.cl\/inicio\/wp-content\/uploads\/2024\/11\/083ef324-bc7a-44ae-8d4f-29a096758fad-Juan-Pablo-Rojas-Beytia-1-1024x576.jpeg\" alt=\"\" class=\"wp-image-35304\" srcset=\"https:\/\/obstetricia.uv.cl\/inicio\/wp-content\/uploads\/2024\/11\/083ef324-bc7a-44ae-8d4f-29a096758fad-Juan-Pablo-Rojas-Beytia-1-1024x576.jpeg 1024w, https:\/\/obstetricia.uv.cl\/inicio\/wp-content\/uploads\/2024\/11\/083ef324-bc7a-44ae-8d4f-29a096758fad-Juan-Pablo-Rojas-Beytia-1-300x169.jpeg 300w, https:\/\/obstetricia.uv.cl\/inicio\/wp-content\/uploads\/2024\/11\/083ef324-bc7a-44ae-8d4f-29a096758fad-Juan-Pablo-Rojas-Beytia-1.jpeg 1280w\" sizes=\"auto, (max-width: 1024px) 100vw, 1024px\" \/><\/figure>\n\n\n\n<figure class=\"wp-block-image size-large\"><img loading=\"lazy\" decoding=\"async\" width=\"1024\" height=\"768\" data-id=\"35305\" src=\"https:\/\/obstetricia.uv.cl\/inicio\/wp-content\/uploads\/2024\/11\/IMG_3029-Juan-Pablo-Rojas-Beytia-1024x768.png\" alt=\"\" class=\"wp-image-35305\" srcset=\"https:\/\/obstetricia.uv.cl\/inicio\/wp-content\/uploads\/2024\/11\/IMG_3029-Juan-Pablo-Rojas-Beytia-1024x768.png 1024w, https:\/\/obstetricia.uv.cl\/inicio\/wp-content\/uploads\/2024\/11\/IMG_3029-Juan-Pablo-Rojas-Beytia-300x225.png 300w, https:\/\/obstetricia.uv.cl\/inicio\/wp-content\/uploads\/2024\/11\/IMG_3029-Juan-Pablo-Rojas-Beytia-1536x1152.png 1536w, https:\/\/obstetricia.uv.cl\/inicio\/wp-content\/uploads\/2024\/11\/IMG_3029-Juan-Pablo-Rojas-Beytia-2048x1536.png 2048w\" sizes=\"auto, (max-width: 1024px) 100vw, 1024px\" \/><\/figure>\n<\/figure>\n","protected":false},"excerpt":{"rendered":"<p>Participaci\u00f3n como expositor con trabajo \u201cpercepci\u00f3n de funcionarios de la salud frente al pinzamiento tard\u00edo de cord\u00f3n umbilical y su posible beneficio en la prevenci\u00f3n de enfermedad de membrana hialina \u201c<\/p>\n","protected":false},"author":2,"featured_media":35303,"comment_status":"open","ping_status":"open","sticky":false,"template":"","format":"standard","meta":{"footnotes":""},"categories":[264,5,265,4,24],"tags":[104,78],"class_list":["post-35302","post","type-post","status-publish","format-standard","has-post-thumbnail","hentry","category-264","category-actividades","category-investigacion","category-portada","category-san-felipe","tag-congreso","tag-neonatologia"],"_links":{"self":[{"href":"https:\/\/obstetricia.uv.cl\/inicio\/index.php\/wp-json\/wp\/v2\/posts\/35302","targetHints":{"allow":["GET"]}}],"collection":[{"href":"https:\/\/obstetricia.uv.cl\/inicio\/index.php\/wp-json\/wp\/v2\/posts"}],"about":[{"href":"https:\/\/obstetricia.uv.cl\/inicio\/index.php\/wp-json\/wp\/v2\/types\/post"}],"author":[{"embeddable":true,"href":"https:\/\/obstetricia.uv.cl\/inicio\/index.php\/wp-json\/wp\/v2\/users\/2"}],"replies":[{"embeddable":true,"href":"https:\/\/obstetricia.uv.cl\/inicio\/index.php\/wp-json\/wp\/v2\/comments?post=35302"}],"version-history":[{"count":1,"href":"https:\/\/obstetricia.uv.cl\/inicio\/index.php\/wp-json\/wp\/v2\/posts\/35302\/revisions"}],"predecessor-version":[{"id":35306,"href":"https:\/\/obstetricia.uv.cl\/inicio\/index.php\/wp-json\/wp\/v2\/posts\/35302\/revisions\/35306"}],"wp:featuredmedia":[{"embeddable":true,"href":"https:\/\/obstetricia.uv.cl\/inicio\/index.php\/wp-json\/wp\/v2\/media\/35303"}],"wp:attachment":[{"href":"https:\/\/obstetricia.uv.cl\/inicio\/index.php\/wp-json\/wp\/v2\/media?parent=35302"}],"wp:term":[{"taxonomy":"category","embeddable":true,"href":"https:\/\/obstetricia.uv.cl\/inicio\/index.php\/wp-json\/wp\/v2\/categories?post=35302"},{"taxonomy":"post_tag","embeddable":true,"href":"https:\/\/obstetricia.uv.cl\/inicio\/index.php\/wp-json\/wp\/v2\/tags?post=35302"}],"curies":[{"name":"wp","href":"https:\/\/api.w.org\/{rel}","templated":true}]}}