{"id":35354,"date":"2024-12-06T15:20:04","date_gmt":"2024-12-06T18:20:04","guid":{"rendered":"https:\/\/obstetricia.uv.cl\/inicio\/?p=35354"},"modified":"2024-12-06T15:20:05","modified_gmt":"2024-12-06T18:20:05","slug":"expo-uv-2024-campus-san-felipe-escuela-de-obstetricia-y-puericultura","status":"publish","type":"post","link":"https:\/\/obstetricia.uv.cl\/inicio\/index.php\/2024\/12\/06\/expo-uv-2024-campus-san-felipe-escuela-de-obstetricia-y-puericultura\/","title":{"rendered":"Expo UV 2024 Campus San Felipe: Escuela de Obstetricia y Puericultura"},"content":{"rendered":"\n<p class=\"has-text-align-left\">La comunidad acad\u00e9mica y estudiantil de la carrera de Obstetricia y Puericultura del campus San Felipe de la Universidad de Valpara\u00edso particip\u00f3 activamente en la <strong>Expo UV 2024<\/strong>, un evento destinado a acercar a estudiantes secundarios a la oferta acad\u00e9mica y las experiencias de formaci\u00f3n de la universidad.<\/p>\n\n\n\n<p class=\"has-text-align-left\">Con entusiasmo y profesionalismo, docentes y estudiantes montaron dos puestos informativos que reflejaron la diversidad de conocimientos y habilidades que caracteriza a la carrera.<\/p>\n\n\n\n<p class=\"has-text-align-left\">El primer stand estuvo enfocado en <strong>informaci\u00f3n curricular<\/strong>, abordando las materias fundamentales de la formaci\u00f3n en Obstetricia y Puericultura, junto con material educativo sobre <strong>infecciones de transmisi\u00f3n sexual (ITS)<\/strong> y las generalidades de la profesi\u00f3n, destacando el rol esencial de las matronas y matrones en el cuidado de la salud sexual y reproductiva.<\/p>\n\n\n\n<p class=\"has-text-align-left\">El segundo stand fue un espacio interactivo donde se exhibi\u00f3 una de las competencias t\u00e9cnicas m\u00e1s destacadas de la carrera: la <strong>ecograf\u00eda obst\u00e9trica y ginecol\u00f3gica<\/strong>. Este espacio permiti\u00f3 a los visitantes conocer de cerca c\u00f3mo se realiza este procedimiento, su relevancia en el seguimiento del embarazo y la salud de las gestantes, y c\u00f3mo las matronas y matrones son parte integral del equipo de salud en esta \u00e1rea.<\/p>\n\n\n\n<p class=\"has-text-align-left\">Durante la jornada, cerca de <strong>500 estudiantes escolares de distintos establecimientos <\/strong><strong>educacionales de la regi\u00f3n<\/strong> visitaron el campus San Felipe, quienes no solo se informaron sobre la carrera, sino que tambi\u00e9n compartieron sus inquietudes y conocieron de primera mano las oportunidades que la Universidad de Valpara\u00edso ofrece para su formaci\u00f3n profesional.<\/p>\n\n\n\n<p class=\"has-text-align-left\">La Expo UV 2024 fue una experiencia enriquecedora tanto para los visitantes como para quienes representaron a la carrera, destacando el compromiso de la comunidad acad\u00e9mica con la difusi\u00f3n de la profesi\u00f3n y el apoyo a las futuras generaciones de profesionales de la salud.<\/p>\n\n\n\n<p class=\"has-text-align-left\"><img loading=\"lazy\" decoding=\"async\" width=\"150\" height=\"113\" class=\"wp-image-35357\" style=\"width: 150px;\" src=\"https:\/\/obstetricia.uv.cl\/inicio\/wp-content\/uploads\/2024\/12\/EXPO-UV-SAN-FELIPE-.jpeg\" alt=\"\" srcset=\"https:\/\/obstetricia.uv.cl\/inicio\/wp-content\/uploads\/2024\/12\/EXPO-UV-SAN-FELIPE-.jpeg 1600w, https:\/\/obstetricia.uv.cl\/inicio\/wp-content\/uploads\/2024\/12\/EXPO-UV-SAN-FELIPE--300x225.jpeg 300w, https:\/\/obstetricia.uv.cl\/inicio\/wp-content\/uploads\/2024\/12\/EXPO-UV-SAN-FELIPE--1024x768.jpeg 1024w, https:\/\/obstetricia.uv.cl\/inicio\/wp-content\/uploads\/2024\/12\/EXPO-UV-SAN-FELIPE--1536x1152.jpeg 1536w\" sizes=\"auto, (max-width: 150px) 100vw, 150px\" \/><img loading=\"lazy\" decoding=\"async\" width=\"150\" height=\"103\" class=\"wp-image-35355\" style=\"width: 150px;\" src=\"https:\/\/obstetricia.uv.cl\/inicio\/wp-content\/uploads\/2024\/12\/EXPO-UV-2024-2-e1733509157979.jpeg\" alt=\"\" srcset=\"https:\/\/obstetricia.uv.cl\/inicio\/wp-content\/uploads\/2024\/12\/EXPO-UV-2024-2-e1733509157979.jpeg 1117w, https:\/\/obstetricia.uv.cl\/inicio\/wp-content\/uploads\/2024\/12\/EXPO-UV-2024-2-e1733509157979-300x206.jpeg 300w, https:\/\/obstetricia.uv.cl\/inicio\/wp-content\/uploads\/2024\/12\/EXPO-UV-2024-2-e1733509157979-1024x702.jpeg 1024w\" sizes=\"auto, (max-width: 150px) 100vw, 150px\" \/><\/p>\n\n\n\n<p><\/p>\n","protected":false},"excerpt":{"rendered":"<p>La comunidad acad\u00e9mica y estudiantil de la carrera de Obstetricia y Puericultura del campus San Felipe de la Universidad de Valpara\u00edso particip\u00f3 activamente en la Expo UV 2024, un evento destinado a acercar a estudiantes secundarios a la oferta acad\u00e9mica y las experiencias de formaci\u00f3n de la universidad. Con entusiasmo y profesionalismo, docentes y estudiantes [&hellip;]<\/p>\n","protected":false},"author":11,"featured_media":35357,"comment_status":"open","ping_status":"open","sticky":false,"template":"","format":"standard","meta":{"footnotes":""},"categories":[264,5,24,179],"tags":[126,35,88,106,155],"class_list":["post-35354","post","type-post","status-publish","format-standard","has-post-thumbnail","hentry","category-264","category-actividades","category-san-felipe","category-vcmye","tag-educacion-sexual","tag-extension","tag-feria","tag-vinculacion","tag-vinculacion-con-el-medio"],"_links":{"self":[{"href":"https:\/\/obstetricia.uv.cl\/inicio\/index.php\/wp-json\/wp\/v2\/posts\/35354","targetHints":{"allow":["GET"]}}],"collection":[{"href":"https:\/\/obstetricia.uv.cl\/inicio\/index.php\/wp-json\/wp\/v2\/posts"}],"about":[{"href":"https:\/\/obstetricia.uv.cl\/inicio\/index.php\/wp-json\/wp\/v2\/types\/post"}],"author":[{"embeddable":true,"href":"https:\/\/obstetricia.uv.cl\/inicio\/index.php\/wp-json\/wp\/v2\/users\/11"}],"replies":[{"embeddable":true,"href":"https:\/\/obstetricia.uv.cl\/inicio\/index.php\/wp-json\/wp\/v2\/comments?post=35354"}],"version-history":[{"count":1,"href":"https:\/\/obstetricia.uv.cl\/inicio\/index.php\/wp-json\/wp\/v2\/posts\/35354\/revisions"}],"predecessor-version":[{"id":35363,"href":"https:\/\/obstetricia.uv.cl\/inicio\/index.php\/wp-json\/wp\/v2\/posts\/35354\/revisions\/35363"}],"wp:featuredmedia":[{"embeddable":true,"href":"https:\/\/obstetricia.uv.cl\/inicio\/index.php\/wp-json\/wp\/v2\/media\/35357"}],"wp:attachment":[{"href":"https:\/\/obstetricia.uv.cl\/inicio\/index.php\/wp-json\/wp\/v2\/media?parent=35354"}],"wp:term":[{"taxonomy":"category","embeddable":true,"href":"https:\/\/obstetricia.uv.cl\/inicio\/index.php\/wp-json\/wp\/v2\/categories?post=35354"},{"taxonomy":"post_tag","embeddable":true,"href":"https:\/\/obstetricia.uv.cl\/inicio\/index.php\/wp-json\/wp\/v2\/tags?post=35354"}],"curies":[{"name":"wp","href":"https:\/\/api.w.org\/{rel}","templated":true}]}}